{"id":116655,"date":"2026-01-29T12:48:03","date_gmt":"2026-01-29T12:48:03","guid":{"rendered":"https:\/\/www.europesays.com\/lv\/116655\/"},"modified":"2026-01-29T12:48:03","modified_gmt":"2026-01-29T12:48:03","slug":"nakti-uz-piektdienu-daudzviet-gaisa-temperatura-sasniegs-20-gradus","status":"publish","type":"post","link":"https:\/\/www.europesays.com\/lv\/116655\/","title":{"rendered":"Nakt\u012b uz piektdienu daudzviet gaisa temperat\u016bra sasniegs -20 gr\u0101dus"},"content":{"rendered":"<p>No ceturtdienas vakara l\u012bdz plkst. 10 piektdienas r\u012bt\u0101 vis\u0101 valst\u012b, iz\u0146emot Kurzemi un Vidzemes piekrasti, b\u016bs sp\u0113k\u0101 Latvijas Vides, \u0123eolo\u0123ijas un meteorolo\u0123ijas centra izsludin\u0101tais dzelten\u0101s pak\u0101pes br\u012bdin\u0101jums par stipru salu.<\/p>\n<p>Zem\u0101k\u0101 gaisa temperat\u016bra prognoz\u0113ta Latvijas austrumu novados, k\u0101 ar\u012b viet\u0101m Zemgal\u0113, savuk\u0101rt maz\u0101kais sals b\u016bs Zieme\u013ckurzem\u0113, kur da\u017eviet piekrast\u0113 temperat\u016bra sv\u0101rst\u012bsies ap -10 gr\u0101diem.<\/p>\n<p>Saska\u0146\u0101 ar Ministru kabineta noteikumiem b\u0113rni vecum\u0101 l\u012bdz 12 gadiem izgl\u012bt\u012bbas iest\u0101di var neapmekl\u0113t, ja gaisa temperat\u016bra ir zem\u0101ka par -20 gr\u0101diem, savuk\u0101rt skol\u0113ni no 13 gadu vecuma uz skolu var nedoties, ja gaiss atdzisis l\u012bdz vismaz -25 gr\u0101diem.<\/p>\n<p>Piektdiena Latvij\u0101 b\u016bs saulaina, viet\u0101m gaid\u0101ma sarma. P\u016bt\u012bs l\u0113ns l\u012bdz m\u0113rens austrumu v\u0113j\u0161. Maksim\u0101l\u0101 gaisa temperat\u016bra b\u016bs -6..-10 gr\u0101di Zieme\u013ckurzem\u0113 un -10..-16 gr\u0101di p\u0101r\u0113j\u0101 valst\u012b.<\/p>\n<p>Ar\u012b R\u012bg\u0101 janv\u0101ra p\u0113d\u0113j\u0101 darba diena gaid\u0101ma saulaina, bez nokri\u0161\u0146iem. P\u016b\u0161ot nelielam austrumu v\u0113jam, gaisa temperat\u016bra nakt\u012b pazemin\u0101sies l\u012bdz -18 gr\u0101diem, viet\u0101m piepils\u0113t\u0101 &#8211; l\u012bdz -21 gr\u0101dam. Dien\u0101 termometra stabi\u0146\u0161 \u0113n\u0101 nepak\u0101psies augst\u0101k par -10 gr\u0101diem.<\/p>\n","protected":false},"excerpt":{"rendered":"No ceturtdienas vakara l\u012bdz plkst. 10 piektdienas r\u012bt\u0101 vis\u0101 valst\u012b, iz\u0146emot Kurzemi un Vidzemes piekrasti, b\u016bs sp\u0113k\u0101 Latvijas&hellip;\n","protected":false},"author":2,"featured_media":114796,"comment_status":"","ping_status":"","sticky":false,"template":"","format":"standard","meta":{"footnotes":""},"categories":[12],"tags":[23,28,29,32,33,22,396,30,31,35,39,38,36,37,34,40,20,26,27,24,25,21],"class_list":{"0":"post-116655","1":"post","2":"type-post","3":"status-publish","4":"format-standard","5":"has-post-thumbnail","7":"category-latvija","8":"tag-aktualitates","9":"tag-breaking-news","10":"tag-breakingnews","11":"tag-featured-news","12":"tag-featurednews","13":"tag-headlines","14":"tag-laika-zinas","15":"tag-latest-news","16":"tag-latestnews","17":"tag-latvia","18":"tag-latvian","19":"tag-latviesu","20":"tag-latviesu-valoda","21":"tag-latviesuvaloda","22":"tag-latvija","23":"tag-lv","24":"tag-news","25":"tag-popularakas-zinas","26":"tag-popularakaszinas","27":"tag-top-stories","28":"tag-topstories","29":"tag-zinas"},"share_on_mastodon":{"url":"https:\/\/pubeurope.com\/@lv\/115978469572540704","error":""},"_links":{"self":[{"href":"https:\/\/www.europesays.com\/lv\/wp-json\/wp\/v2\/posts\/116655","targetHints":{"allow":["GET"]}}],"collection":[{"href":"https:\/\/www.europesays.com\/lv\/wp-json\/wp\/v2\/posts"}],"about":[{"href":"https:\/\/www.europesays.com\/lv\/wp-json\/wp\/v2\/types\/post"}],"author":[{"embeddable":true,"href":"https:\/\/www.europesays.com\/lv\/wp-json\/wp\/v2\/users\/2"}],"replies":[{"embeddable":true,"href":"https:\/\/www.europesays.com\/lv\/wp-json\/wp\/v2\/comments?post=116655"}],"version-history":[{"count":0,"href":"https:\/\/www.europesays.com\/lv\/wp-json\/wp\/v2\/posts\/116655\/revisions"}],"wp:featuredmedia":[{"embeddable":true,"href":"https:\/\/www.europesays.com\/lv\/wp-json\/wp\/v2\/media\/114796"}],"wp:attachment":[{"href":"https:\/\/www.europesays.com\/lv\/wp-json\/wp\/v2\/media?parent=116655"}],"wp:term":[{"taxonomy":"category","embeddable":true,"href":"https:\/\/www.europesays.com\/lv\/wp-json\/wp\/v2\/categories?post=116655"},{"taxonomy":"post_tag","embeddable":true,"href":"https:\/\/www.europesays.com\/lv\/wp-json\/wp\/v2\/tags?post=116655"}],"curies":[{"name":"wp","href":"https:\/\/api.w.org\/{rel}","templated":true}]}}