{"id":116664,"date":"2026-01-29T13:00:07","date_gmt":"2026-01-29T13:00:07","guid":{"rendered":"https:\/\/www.europesays.com\/lv\/116664\/"},"modified":"2026-01-29T13:00:07","modified_gmt":"2026-01-29T13:00:07","slug":"barga-sala-del-rigas-dome-paplasinas-atbalstu-bezpajumtniekiem","status":"publish","type":"post","link":"https:\/\/www.europesays.com\/lv\/116664\/","title":{"rendered":"Barg\u0101 sala d\u0113\u013c R\u012bgas dome papla\u0161in\u0101s atbalstu bezpajumtniekiem"},"content":{"rendered":"<p>Patversmju un naktspatversmju darba laiks ziem\u0101 ir no plkst. 17 l\u012bdz 9, bet t\u0101s ir atv\u0113rtas visu diennakti, ja p\u0113c Latvijas Vides, \u0123eolo\u0123ijas un meteorolo\u0123ijas centra sniegt\u0101s inform\u0101cijas plkst. 8 gaisa temperat\u016bra ir zem\u0101ka par m\u012bnus desmit gr\u0101diem vai zem\u0101ka par nulle gr\u0101diem ar v\u0113ja \u0101trumu virs desmit metriem sekund\u0113.<\/p>\n<p>\u0160\u0101d\u0101s situ\u0101cij\u0101s bezpajumtniekiem tiks nodro\u0161in\u0101tas pusdienas, pagaidu uztur\u0113\u0161an\u0101s vietu atv\u0113r\u0161ana, ja nakt\u012b temperat\u016bra ir zem\u0101ka par m\u012bnus 15 gr\u0101diem un apkaim\u0113 nav pietiekams patversmju skaits, k\u0101 ar\u012b siltu dr\u0113bju izsnieg\u0161ana.<\/p>\n<p>T\u0101pat tiks nodro\u0161in\u0101ti izbraukuma zupas virtuves pakalpojumi papildu eso\u0161aj\u0101m zupas virtuv\u0113m, pastiprin\u0101ta inform\u0101cijas snieg\u0161ana par pieejamo pal\u012bdz\u012bbu un R\u012bgas patversmes dienas centra darba laiks b\u016bs no plkst. 9 l\u012bdz 17.<\/p>\n<p>Lai sa\u0146emtu R\u012bgas patversmes dienas centra pakalpojumus, cilv\u0113kiem j\u0101v\u0113r\u0161as dienas centr\u0101 Kato\u013cu iel\u0101 57 pie soci\u0101l\u0101 darbinieka vai R\u012bgas Soci\u0101laj\u0101 dienest\u0101, zvanot uz t\u0101lruni 1201.<\/p>\n<p>R\u012bg\u0101 darbojas Mobil\u0101 brig\u0101de ielu soci\u0101lajam darbam ar bezpajumtniekiem.<\/p>\n","protected":false},"excerpt":{"rendered":"Patversmju un naktspatversmju darba laiks ziem\u0101 ir no plkst. 17 l\u012bdz 9, bet t\u0101s ir atv\u0113rtas visu diennakti,&hellip;\n","protected":false},"author":2,"featured_media":116665,"comment_status":"","ping_status":"","sticky":false,"template":"","format":"standard","meta":{"footnotes":""},"categories":[12],"tags":[5869,23,24575,28,29,32,33,22,30,31,35,39,38,36,37,34,40,20,26,27,687,16895,24,25,21],"class_list":{"0":"post-116664","1":"post","2":"type-post","3":"status-publish","4":"format-standard","5":"has-post-thumbnail","7":"category-latvija","8":"tag-ziema","9":"tag-aktualitates","10":"tag-bezpajumtnieki","11":"tag-breaking-news","12":"tag-breakingnews","13":"tag-featured-news","14":"tag-featurednews","15":"tag-headlines","16":"tag-latest-news","17":"tag-latestnews","18":"tag-latvia","19":"tag-latvian","20":"tag-latviesu","21":"tag-latviesu-valoda","22":"tag-latviesuvaloda","23":"tag-latvija","24":"tag-lv","25":"tag-news","26":"tag-popularakas-zinas","27":"tag-popularakaszinas","28":"tag-rigas-dome","29":"tag-sals","30":"tag-top-stories","31":"tag-topstories","32":"tag-zinas"},"share_on_mastodon":{"url":"https:\/\/pubeurope.com\/@lv\/115978516737428217","error":""},"_links":{"self":[{"href":"https:\/\/www.europesays.com\/lv\/wp-json\/wp\/v2\/posts\/116664","targetHints":{"allow":["GET"]}}],"collection":[{"href":"https:\/\/www.europesays.com\/lv\/wp-json\/wp\/v2\/posts"}],"about":[{"href":"https:\/\/www.europesays.com\/lv\/wp-json\/wp\/v2\/types\/post"}],"author":[{"embeddable":true,"href":"https:\/\/www.europesays.com\/lv\/wp-json\/wp\/v2\/users\/2"}],"replies":[{"embeddable":true,"href":"https:\/\/www.europesays.com\/lv\/wp-json\/wp\/v2\/comments?post=116664"}],"version-history":[{"count":0,"href":"https:\/\/www.europesays.com\/lv\/wp-json\/wp\/v2\/posts\/116664\/revisions"}],"wp:featuredmedia":[{"embeddable":true,"href":"https:\/\/www.europesays.com\/lv\/wp-json\/wp\/v2\/media\/116665"}],"wp:attachment":[{"href":"https:\/\/www.europesays.com\/lv\/wp-json\/wp\/v2\/media?parent=116664"}],"wp:term":[{"taxonomy":"category","embeddable":true,"href":"https:\/\/www.europesays.com\/lv\/wp-json\/wp\/v2\/categories?post=116664"},{"taxonomy":"post_tag","embeddable":true,"href":"https:\/\/www.europesays.com\/lv\/wp-json\/wp\/v2\/tags?post=116664"}],"curies":[{"name":"wp","href":"https:\/\/api.w.org\/{rel}","templated":true}]}}