{"id":116668,"date":"2026-01-29T13:06:19","date_gmt":"2026-01-29T13:06:19","guid":{"rendered":"https:\/\/www.europesays.com\/lv\/116668\/"},"modified":"2026-01-29T13:06:19","modified_gmt":"2026-01-29T13:06:19","slug":"latvijai-izdoti-tris-aizdomas-turetie-par-brunotu-laupisanu-pulkstenu-veikala-vecriga","status":"publish","type":"post","link":"https:\/\/www.europesays.com\/lv\/116668\/","title":{"rendered":"Latvijai izdoti tr\u012bs aizdom\u0101s tur\u0113tie par bru\u0146otu laup\u012b\u0161anu pulkste\u0146u veikal\u0101 Vecr\u012bg\u0101"},"content":{"rendered":"<p class=\"MsoNormal\">2025. gada 29. apr\u012bl\u012b Vecr\u012bg\u0101 organiz\u0113ta personu grupa, piedraudot ar \u0161aujamierocim l\u012bdz\u012bgu priek\u0161metu, no pulkste\u0146u veikala nolaup\u012bja aptuveni 80 ekskluz\u012bvus rokas pulkste\u0146us apm\u0113ram 690 000 eiro v\u0113rt\u012bb\u0101.<\/p>\n<p class=\"MsoNormal\">Jau iepriek\u0161 zi\u0146ots, ka, sadarbojoties ar cit\u0101m Eiropas Savien\u012bbas valst\u012bm, k\u0101 ar\u012b Europol un Eurojust, noskaidrots \u2013 noziegumu izdar\u012bju\u0161i \u010detri v\u012brie\u0161i no Serbijas, un tr\u012bs no vi\u0146iem 2025. gada oktobr\u012b aiztur\u0113ti Somij\u0101.<\/p>\n<p class=\"MsoNormal\">Aiztur\u0113t\u0101s personas bija gatavoju\u0161\u0101s izdar\u012bt analo\u0123isku laup\u012b\u0161anu Somij\u0101, par ko \u0161aj\u0101 valst\u012b tika s\u0101kts krimin\u0101lprocess. P\u0113c aps\u016bdz\u012bbas cel\u0161anas par Somij\u0101 pl\u0101noto laup\u012b\u0161anu, \u0161\u0101 gada janv\u0101r\u012b visas tr\u012bs aiztur\u0113t\u0101s personas tika izdotas Latvijai.<\/p>\n<p class=\"MsoNormal\">Latvijas <a href=\"https:\/\/www.apollo.lv\/term\/555407\/valsts-policija\" class=\"topicLink\" target=\"_blank\" rel=\"nofollow noopener\">Valsts policija<\/a>, veicot m\u0113r\u0137tiec\u012bgu izmekl\u0113\u0161anu, \u0161\u0101 gada janv\u0101r\u012b lietu nos\u016bt\u012bja prokurat\u016brai, rosinot s\u0101kt krimin\u0101lvaj\u0101\u0161anu pret tr\u012bs person\u0101m par pulkste\u0146u nolaup\u012b\u0161anu un par sve\u0161as mantas t\u012b\u0161u izn\u012bcin\u0101\u0161anu un boj\u0101\u0161anu.<\/p>\n<p class=\"MsoNormal\">Starptautisk\u0101 mekl\u0113\u0161an\u0101 ir izsludin\u0101ta v\u0113l viena Vecr\u012bgas pulkste\u0146u veikala aplaup\u012b\u0161anas liet\u0101 aizdom\u0101s tur\u0113t\u0101 persona, kuras identit\u0101te ir noskaidrota. T\u0101pat likumsargi turpina skaidrot nolaup\u012bto pulkste\u0146u atra\u0161an\u0101s vietu.<\/p>\n","protected":false},"excerpt":{"rendered":"2025. gada 29. apr\u012bl\u012b Vecr\u012bg\u0101 organiz\u0113ta personu grupa, piedraudot ar \u0161aujamierocim l\u012bdz\u012bgu priek\u0161metu, no pulkste\u0146u veikala nolaup\u012bja aptuveni&hellip;\n","protected":false},"author":2,"featured_media":116669,"comment_status":"","ping_status":"","sticky":false,"template":"","format":"standard","meta":{"footnotes":""},"categories":[12],"tags":[23,28,29,32,33,22,30,31,35,39,38,36,37,34,7897,40,20,26,27,24,25,138,21],"class_list":{"0":"post-116668","1":"post","2":"type-post","3":"status-publish","4":"format-standard","5":"has-post-thumbnail","7":"category-latvija","8":"tag-aktualitates","9":"tag-breaking-news","10":"tag-breakingnews","11":"tag-featured-news","12":"tag-featurednews","13":"tag-headlines","14":"tag-latest-news","15":"tag-latestnews","16":"tag-latvia","17":"tag-latvian","18":"tag-latviesu","19":"tag-latviesu-valoda","20":"tag-latviesuvaloda","21":"tag-latvija","22":"tag-laupisana","23":"tag-lv","24":"tag-news","25":"tag-popularakas-zinas","26":"tag-popularakaszinas","27":"tag-top-stories","28":"tag-topstories","29":"tag-valsts-policija","30":"tag-zinas"},"share_on_mastodon":{"url":"https:\/\/pubeurope.com\/@lv\/115978540312908100","error":""},"_links":{"self":[{"href":"https:\/\/www.europesays.com\/lv\/wp-json\/wp\/v2\/posts\/116668","targetHints":{"allow":["GET"]}}],"collection":[{"href":"https:\/\/www.europesays.com\/lv\/wp-json\/wp\/v2\/posts"}],"about":[{"href":"https:\/\/www.europesays.com\/lv\/wp-json\/wp\/v2\/types\/post"}],"author":[{"embeddable":true,"href":"https:\/\/www.europesays.com\/lv\/wp-json\/wp\/v2\/users\/2"}],"replies":[{"embeddable":true,"href":"https:\/\/www.europesays.com\/lv\/wp-json\/wp\/v2\/comments?post=116668"}],"version-history":[{"count":0,"href":"https:\/\/www.europesays.com\/lv\/wp-json\/wp\/v2\/posts\/116668\/revisions"}],"wp:featuredmedia":[{"embeddable":true,"href":"https:\/\/www.europesays.com\/lv\/wp-json\/wp\/v2\/media\/116669"}],"wp:attachment":[{"href":"https:\/\/www.europesays.com\/lv\/wp-json\/wp\/v2\/media?parent=116668"}],"wp:term":[{"taxonomy":"category","embeddable":true,"href":"https:\/\/www.europesays.com\/lv\/wp-json\/wp\/v2\/categories?post=116668"},{"taxonomy":"post_tag","embeddable":true,"href":"https:\/\/www.europesays.com\/lv\/wp-json\/wp\/v2\/tags?post=116668"}],"curies":[{"name":"wp","href":"https:\/\/api.w.org\/{rel}","templated":true}]}}