{"id":116680,"date":"2026-01-29T13:18:08","date_gmt":"2026-01-29T13:18:08","guid":{"rendered":"https:\/\/www.europesays.com\/lv\/116680\/"},"modified":"2026-01-29T13:18:08","modified_gmt":"2026-01-29T13:18:08","slug":"es-neesmu-mulkis-man-dziviba-darga-begulojosais-davids-krumins-suta-sveicienus-no-somu-meziem-un-izaicina-likumsargus-apollo-lv","status":"publish","type":"post","link":"https:\/\/www.europesays.com\/lv\/116680\/","title":{"rendered":"&quot;Es neesmu mu\u013c\u0137is, man dz\u012bv\u012bba d\u0101rga.&quot; B\u0113gu\u013cojo\u0161ais D\u0101vids Kr\u016bmi\u0146\u0161 s\u016bta sveicienus no &quot;somu me\u017eiem&quot; un izaicina likumsargus &#8211; Apollo.lv"},"content":{"rendered":"<ol>\n<li><a href=\"https:\/\/news.google.com\/rss\/articles\/CBMi4AFBVV95cUxOZkxkcE1XVjU4cmcwbmppcGplc2VYZ0thV2V4a0tZZFdPOU4tRm1VU2NoUnJRZUFWa3hONXp5Yk1tMXBtcHZyT2JsVHdaS0xST3RoeU0yRkZSempmZnpUMThPaHBoV0VwUUtYeERtNG9jclZ1bmdwb2VQY3hESnQtUkNoMENvR0ZGeGw0S1RxYUZqTDRmdElqOW1SQWVCRTJ6V1Z6N1hqZ2NVaFlrLUs1VjlYbUoyY2dKNlQ1OHRhNl91dFdCUEV5M0xtZjBwWnJvZ1RxcTRqUHF3MnJ5em1BVg?oc=5\" target=\"_blank\" rel=\"nofollow noopener\">&#8220;Es neesmu mu\u013c\u0137is, man dz\u012bv\u012bba d\u0101rga.&#8221; B\u0113gu\u013cojo\u0161ais D\u0101vids Kr\u016bmi\u0146\u0161 s\u016bta sveicienus no &#8220;somu me\u017eiem&#8221; un izaicina likumsargus<\/a>&nbsp;&nbsp;Apollo.lv<\/li>\n<li><a href=\"https:\/\/news.google.com\/rss\/articles\/CBMiywFBVV95cUxOXzByYjZ1RlhWUTZxaFVpSkJBNXdNbVowT2hpVFNrN29haFBDbVZlckFZV01NYTNlQm1KdHRXcE45VGlFRHNuZjZvQXZRbllwZWZFcGNzZWkwanVzckdMdG9NZkVDeVh2M0tSZFV6bzd1c0lmMlNUSmZJckhfdDNlLUtWdFRCeDRhTkRGekZ2d3NqLUMyV0dzbkJMaGpabHMxNkVsTkxlNlR6WVc5cld4alpGTTFQWEdlOVRkUjI1S0JGb2g0RWFzVzNPYw?oc=5\" target=\"_blank\" rel=\"nofollow noopener\">No izdo\u0161anas V\u0101cijai aizb\u0113gu\u0161o Kr\u016bmi\u0146u policija mekl\u0113 Latvij\u0101; iedz\u012bvot\u0101jus aicina zi\u0146ot<\/a>&nbsp;&nbsp;Delfi<\/li>\n<li><a href=\"https:\/\/news.google.com\/rss\/articles\/CBMiwgFBVV95cUxQdFZveHJ3RFpZQ19JMFVjWFRWNi1pcjR0WmpLR09OQ2pqRkhWZjZ1Unhjc0xWY0IwU0R3TXVMbEVRWS16ZkVONEh3cGNWNUR0OFJISGRjb3JPM09SZnhXWmsxcnFjN2ZVUDA4R1VObFNvOUxwOUpkR1VYcWMwa3dCVHczX1Rjb2ZDNHBkVkZCMGF0aDhxTUh4ODVxWXRTeThPcmpwSFRhODR0SGxQYmthQVY3VU5FUFBXcGlROHNTc1psQQ?oc=5\" target=\"_blank\" rel=\"nofollow noopener\">\u201cVi\u0146\u0161 ir apmald\u012bjies\u201d &#8211; Yana Bruk koment\u0113 notikumus ap savu biju\u0161o m\u012b\u013coto D\u0101vidu Kr\u016bmi\u0146u<\/a>&nbsp;&nbsp;Jauns.lv<\/li>\n<li><a href=\"https:\/\/news.google.com\/rss\/articles\/CBMiggFBVV95cUxQNUJRRzBHOUE4TVdCNFExUWZmZHFDb2ptb0JDc3hJMURMSk1QS3NxMTFHQ2k3SVlJVFBBNVJsNGJ3NG5RN2pmd2R1aXJhTnhSSElCZUhfdjdMZHh0YzV2ZkV5YjZMUzgxeEJrSWJrOVJ6NnFXQlh0STRPQUdpWEx0RjhR?oc=5\" target=\"_blank\" rel=\"nofollow noopener\">D\u0101vida Kr\u016bmi\u0146a bijus\u012b m\u012b\u013cot\u0101: &#8220;Man vi\u0146a ir \u017e\u0113l&#8221;<\/a>&nbsp;&nbsp;1188.lv<\/li>\n<li><a href=\"https:\/\/news.google.com\/rss\/articles\/CBMimAFBVV95cUxNeHBQMEFFcVNFZmE1aUxfQ01PbkJDNldtazktbk1zbHE0b0Rfd2lmNXhkTE1nT3dZdXR2WmloUHVJWXlrY1FWRXQ2UzZjY0QzNHhRaV9yRndsMjZxZlM3UDBKdms0anRfd1ZhWXFKc244Y0ZldzVqWkR4OU1KMWVvMUV0S0ZFUEl4OFN2SEhQNE8yWXdpTkpmbQ?oc=5\" target=\"_blank\" rel=\"nofollow noopener\">Nevis \u201cvai\u201d, bet \u201ckad\u201d \u2013 MI prognoz\u0113, cik dr\u012bz notvers b\u0113gu\u013coju\u0161o D\u0101vidu Kr\u016bmi\u0146u &#8211;<\/a>&nbsp;&nbsp;bnn.lv<\/li>\n<\/ol>\n","protected":false},"excerpt":{"rendered":"&#8220;Es neesmu mu\u013c\u0137is, man dz\u012bv\u012bba d\u0101rga.&#8221; B\u0113gu\u013cojo\u0161ais D\u0101vids Kr\u016bmi\u0146\u0161 s\u016bta sveicienus no &#8220;somu me\u017eiem&#8221; un izaicina likumsargus&nbsp;&nbsp;Apollo.lv No&hellip;\n","protected":false},"author":2,"featured_media":116681,"comment_status":"","ping_status":"","sticky":false,"template":"","format":"standard","meta":{"footnotes":""},"categories":[12],"tags":[23,28,29,14014,32,33,22,30,31,35,39,38,36,37,34,40,20,26,27,24,25,21],"class_list":{"0":"post-116680","1":"post","2":"type-post","3":"status-publish","4":"format-standard","5":"has-post-thumbnail","7":"category-latvija","8":"tag-aktualitates","9":"tag-breaking-news","10":"tag-breakingnews","11":"tag-davids-krumins","12":"tag-featured-news","13":"tag-featurednews","14":"tag-headlines","15":"tag-latest-news","16":"tag-latestnews","17":"tag-latvia","18":"tag-latvian","19":"tag-latviesu","20":"tag-latviesu-valoda","21":"tag-latviesuvaloda","22":"tag-latvija","23":"tag-lv","24":"tag-news","25":"tag-popularakas-zinas","26":"tag-popularakaszinas","27":"tag-top-stories","28":"tag-topstories","29":"tag-zinas"},"share_on_mastodon":{"url":"https:\/\/pubeurope.com\/@lv\/115978587499976945","error":""},"_links":{"self":[{"href":"https:\/\/www.europesays.com\/lv\/wp-json\/wp\/v2\/posts\/116680","targetHints":{"allow":["GET"]}}],"collection":[{"href":"https:\/\/www.europesays.com\/lv\/wp-json\/wp\/v2\/posts"}],"about":[{"href":"https:\/\/www.europesays.com\/lv\/wp-json\/wp\/v2\/types\/post"}],"author":[{"embeddable":true,"href":"https:\/\/www.europesays.com\/lv\/wp-json\/wp\/v2\/users\/2"}],"replies":[{"embeddable":true,"href":"https:\/\/www.europesays.com\/lv\/wp-json\/wp\/v2\/comments?post=116680"}],"version-history":[{"count":0,"href":"https:\/\/www.europesays.com\/lv\/wp-json\/wp\/v2\/posts\/116680\/revisions"}],"wp:featuredmedia":[{"embeddable":true,"href":"https:\/\/www.europesays.com\/lv\/wp-json\/wp\/v2\/media\/116681"}],"wp:attachment":[{"href":"https:\/\/www.europesays.com\/lv\/wp-json\/wp\/v2\/media?parent=116680"}],"wp:term":[{"taxonomy":"category","embeddable":true,"href":"https:\/\/www.europesays.com\/lv\/wp-json\/wp\/v2\/categories?post=116680"},{"taxonomy":"post_tag","embeddable":true,"href":"https:\/\/www.europesays.com\/lv\/wp-json\/wp\/v2\/tags?post=116680"}],"curies":[{"name":"wp","href":"https:\/\/api.w.org\/{rel}","templated":true}]}}