{"id":116682,"date":"2026-01-29T13:20:07","date_gmt":"2026-01-29T13:20:07","guid":{"rendered":"https:\/\/www.europesays.com\/lv\/116682\/"},"modified":"2026-01-29T13:20:07","modified_gmt":"2026-01-29T13:20:07","slug":"marai-upmanei-holsteinei-ir-pusmuza-krize-lr2-latvijas-radio","status":"publish","type":"post","link":"https:\/\/www.europesays.com\/lv\/116682\/","title":{"rendered":"M\u0101rai Upmanei\u2013Hol\u0161teinei ir Pusm\u016b\u017ea kr\u012bze \/ LR2 \/ \/ Latvijas Radio"},"content":{"rendered":"<p style=\"text-align: justify;\">29. janv\u0101ra Muzik\u0101l\u0101s bankas vie\u0161\u0146a bija MAARMAAR\u00a0(M\u0101ra Upmane-Hol\u0161teine), kura prezent\u0113ja jau tre\u0161o solo ska\u0146darbu elektronisk\u0101s m\u016bzikas \u017eanr\u0101 &#8211; &#8220;Pusm\u016b\u017ea Kr\u012bze&#8221;. Jaunais singls piesaka MAARMAAR gaid\u0101mo albumu ar t\u0101du pa\u0161u nosaukumu, kas savu debiju piedz\u012bvos \u0161\u012b gada pavasar\u012b.<\/p>\n<p style=\"text-align: justify;\">M\u0101ra par Pusm\u016b\u017ea kr\u012bzi un t\u0101s ideju saka:<\/p>\n<blockquote><p>&#13;<\/p>\n<p style=\"text-align: justify;\">\u201c\u012asti nezinu vai pati ticu t\u0101dai vienai konkr\u0113tai pusm\u016b\u017ea kr\u012bzei, dr\u012bz\u0101k ticu, ka m\u016bs piemekl\u0113 identit\u0101tes kr\u012bzes regul\u0101ri reizi p\u0101ris gados, kad atkal un atkal atkl\u0101jam sevi mazliet dzi\u013c\u0101k. Klip\u0101 M\u0101ra mekl\u0113 veco es, kas ir neizb\u0113gami zudusi, bet jaun\u0101 es v\u0113l nav radusies. \u0160aj\u0101 starpst\u0101vokl\u012b ir gan izmisums, gan br\u012bv\u012bbas izj\u016bta un gala atzi\u0146a, ka ne jau \u0101r\u0113jie l\u012bdzek\u013ci k\u0101 \u010da\u013ci, botokss, mo\u010di vai citi stereotipi ir atbilde, bet ce\u013cojums iek\u0161up tuv\u0101k sev.\u201d<\/p>\n<p>&#13;\n<\/p><\/blockquote>\n<p style=\"text-align: justify;\">Tekstu un m\u016bziku rad\u012bjusi M\u0101ra Upmane-Hol\u0161teine, miks\u0113jis un master\u0113jis Miks Pinzulis (Mickeen). Vok\u0101lieraksts &#8211; Andis Ansons.<\/p>\n<p style=\"text-align: justify;\">Dziesmai tapis ar\u012b m\u016bzikas video klips.<\/p>\n<p style=\"text-align: justify;\">\u00a0<\/p>\n<p style=\"text-align: justify;\">Raid\u012bjuma laik\u0101\u00a0MAARMAAR v\u0113rt\u0113ja grupas &#8220;Citi z\u0113ni&#8221;, kuri\u00a0apvienoju\u0161ies ar reperiem M Sencis, Tambura Pesto (Edgars B\u0101li\u0146\u0161), Latgal\u012b\u0161u Reps un Reiks, dziesmu &#8220;Novadu c\u012b\u0146as&#8221;. Ska\u0146darbs pirmatska\u0146ojumu piedz\u012bvoja Muzik\u0101las bankas fin\u0101l\u0161ov\u0101.<\/p>\n<p style=\"text-align: justify;\">V\u0113rt\u0113jumu klausieties audio pielikum\u0101!<\/p>\n<p style=\"text-align: justify;\">\u00a0<\/p>\n<p>\u00a0<\/p>\n<p>Ieteikt<\/p>\n<p>    Latvijas Radio aicina izteikt savu viedokli par raid\u012bjum\u0101 dzird\u0113to un atbalsta diskusijas klaus\u012bt\u0101ju starp\u0101, tom\u0113r patur ties\u012bbas dz\u0113st koment\u0101rus, kas p\u0101rk\u0101pj cie\u0146pilnas attieksmes un \u0113tiskas r\u012bc\u012bbas robe\u017eas.<a name=\"comments\"\/><\/p>\n","protected":false},"excerpt":{"rendered":"29. janv\u0101ra Muzik\u0101l\u0101s bankas vie\u0161\u0146a bija MAARMAAR\u00a0(M\u0101ra Upmane-Hol\u0161teine), kura prezent\u0113ja jau tre\u0161o solo ska\u0146darbu elektronisk\u0101s m\u016bzikas \u017eanr\u0101 &#8211;&hellip;\n","protected":false},"author":2,"featured_media":116683,"comment_status":"","ping_status":"","sticky":false,"template":"","format":"standard","meta":{"footnotes":""},"categories":[19],"tags":[89,90,35,39,38,36,37,34,40],"class_list":{"0":"post-116682","1":"post","2":"type-post","3":"status-publish","4":"format-standard","5":"has-post-thumbnail","7":"category-izklaide","8":"tag-entertainment","9":"tag-izklaide","10":"tag-latvia","11":"tag-latvian","12":"tag-latviesu","13":"tag-latviesu-valoda","14":"tag-latviesuvaloda","15":"tag-latvija","16":"tag-lv"},"share_on_mastodon":{"url":"https:\/\/pubeurope.com\/@lv\/115978595370517896","error":""},"_links":{"self":[{"href":"https:\/\/www.europesays.com\/lv\/wp-json\/wp\/v2\/posts\/116682","targetHints":{"allow":["GET"]}}],"collection":[{"href":"https:\/\/www.europesays.com\/lv\/wp-json\/wp\/v2\/posts"}],"about":[{"href":"https:\/\/www.europesays.com\/lv\/wp-json\/wp\/v2\/types\/post"}],"author":[{"embeddable":true,"href":"https:\/\/www.europesays.com\/lv\/wp-json\/wp\/v2\/users\/2"}],"replies":[{"embeddable":true,"href":"https:\/\/www.europesays.com\/lv\/wp-json\/wp\/v2\/comments?post=116682"}],"version-history":[{"count":0,"href":"https:\/\/www.europesays.com\/lv\/wp-json\/wp\/v2\/posts\/116682\/revisions"}],"wp:featuredmedia":[{"embeddable":true,"href":"https:\/\/www.europesays.com\/lv\/wp-json\/wp\/v2\/media\/116683"}],"wp:attachment":[{"href":"https:\/\/www.europesays.com\/lv\/wp-json\/wp\/v2\/media?parent=116682"}],"wp:term":[{"taxonomy":"category","embeddable":true,"href":"https:\/\/www.europesays.com\/lv\/wp-json\/wp\/v2\/categories?post=116682"},{"taxonomy":"post_tag","embeddable":true,"href":"https:\/\/www.europesays.com\/lv\/wp-json\/wp\/v2\/tags?post=116682"}],"curies":[{"name":"wp","href":"https:\/\/api.w.org\/{rel}","templated":true}]}}