{"id":116688,"date":"2026-01-29T13:26:08","date_gmt":"2026-01-29T13:26:08","guid":{"rendered":"https:\/\/www.europesays.com\/lv\/116688\/"},"modified":"2026-01-29T13:26:08","modified_gmt":"2026-01-29T13:26:08","slug":"ambicijas-ir-jasaglaba-saruna-ar-aktieri-kristapu-kristeru-ozolu","status":"publish","type":"post","link":"https:\/\/www.europesays.com\/lv\/116688\/","title":{"rendered":"&#8220;Amb\u012bcijas ir j\u0101saglab\u0101&#8221;. Saruna ar aktieri Kristapu Kristeru Ozolu"},"content":{"rendered":"<p>Valmieras te\u0101tra aktieris Kristaps Kristers Ozols jau debijas sezon\u0101 ka\u013c dzelzi, kam\u0113r t\u0101 karsta. Piektdien, 30. janv\u0101r\u012b, aktieris pied\u0101v\u0101s vienpersonisku v\u0113st\u012bjumu par jauna aktiera te\u0101tra gait\u0101m, mazliet filosofiski pa\u0161\u0137etinot savas profesijas aizkulises un neaizmirstot piemin\u0113t ar\u012b citus te\u0101tra darbiniekus, kuriem izr\u0101des piedzim\u0161an\u0101 ir svar\u012bga loma, \u2013 re\u017eisorus, dramaturgus, scenogr\u0101fus.\u00a0<\/p>\n<p>Monoizr\u0101de &#8220;S\u0101kums&#8221; top sadarb\u012bb\u0101 ar aktiera iecien\u012bto pedagogu un re\u017eisoru Elm\u0101ru Se\u0146kovu, kuru Kristaps Kristers sarun\u0101 nereti sauc par savu noz\u012bm\u012bg\u0101ko mentoru un padomdev\u0113ju.<\/p>\n<p>Kristaps uzaudzis Kandav\u0101. M\u0101c\u012bjies Kandavas K\u0101r\u013ca M\u012blenbaha vidusskol\u0101. 2025. gad\u0101 absolv\u0113jis re\u017eisora Elm\u0101ra Se\u0146kova vad\u012bto dramatisk\u0101 te\u0101tra aktieru kursu un uzs\u0101cis darbu Valmieras te\u0101tr\u012b. &#8220;Vi\u0146\u0161 ir t\u012brs dabas b\u0113rns. Kristaps vienm\u0113r ir cilv\u0113ks, kur\u0161 visus uzmundrina. Vi\u0146am ir ar\u012b l\u012bdera sp\u0113jas, sp\u0113j komandu sav\u0101kt. Vi\u0146\u0101 ir ar\u012b kaut kas t\u0113vi\u0161\u0137s un ar\u012b kaut kas bezb\u0113d\u012bgs k\u0101 pui\u0161elim. Kristaps ir ar\u012b azartisks, te\u0101tris ir sv\u0113tki, izklaide un spilgta forma. Vi\u0146\u0161 labi j\u016btas tur, kur ir jautri. \u012asts lauku z\u0113ns lab\u0101 noz\u012bm\u0113,&#8221; t\u0101 par aktieri saka Elm\u0101rs Se\u0146kovs.<\/p>\n<p>Kristaps Kristers Ozols l\u012bdz \u0161im spilgti sevi par\u0101d\u012bjis diplomdarbu izr\u0101d\u0113s \u2013 &#8220;Krist\u0101la b\u0113rni&#8221;, &#8220;Sap\u0146ot\u0101ji&#8221;, &#8220;Nevienam nezin\u0101m\u0101 Marija&#8221;, &#8220;Santakrusa&#8221; u. c. Sp\u0113l\u0113jis iestud\u0113jumos &#8220;Nacion\u0101lais kan\u0101ls&#8221; (2025) un &#8220;Smil\u0161u cilv\u0113ks&#8221; (2025) Latvijas Nacion\u0101laj\u0101 te\u0101tr\u012b. Valmieras te\u0101tr\u012b sp\u0113l\u0113jis Skangala kungu un laup\u012bt\u0101ju Oto izr\u0101d\u0113 &#8220;Mazais cilv\u0113ks&#8221; (2026) un Janku izr\u0101d\u0113 &#8220;\u013baunais gars&#8221; (2025).<\/p>\n<p>\u0160\u012b ir tava debijas sezona Valmieras te\u0101tr\u012b k\u0101 \u0161tata aktierim. Past\u0101sti, k\u0101 \u0161\u012b profesion\u0101l\u0101 dz\u012bve at\u0161\u0137iras no studiju laika Latvijas Kult\u016bras akad\u0113mij\u0101!<\/p>\n<p>Kristaps K. Ozols: M\u0113s k\u0101 aktieri jau kop\u0161 ceturt\u0101 studiju kursa pamaz\u0101m ien\u0101c\u0101m te\u0101tr\u012b. V\u0113l esot studentiem, jau str\u0101d\u0101j\u0101m pie da\u017e\u0101d\u0101m izr\u0101d\u0113m Latvijas te\u0101tros. Viss process norit\u0113ja kaut k\u0101 \u013coti organiski, l\u012bdz ar to jau iepriek\u0161 daudzus aktierus biju iepazinis. J\u0101saka paldies ar\u012b Valmieras te\u0101tra direktorei Evitai A\u0161eradenai, kura izteica darba pied\u0101v\u0101jumu, kas man k\u0101 aktierim \u0161\u0137ita simp\u0101tisks un atbilda man\u0101m v\u0113lm\u0113m \u2013 ko es te\u0101tr\u012b gribu dar\u012bt, k\u0101d\u0101 virzien\u0101 vest, nosac\u012bti, savu karjeru. T\u0101 nu esmu non\u0101cis br\u012bni\u0161\u0137\u012bg\u0101 te\u0101tr\u012b ar super\u012bg\u0101m iesp\u0113j\u0101m jau pirmaj\u0101 sezon\u0101.<\/p>\n","protected":false},"excerpt":{"rendered":"Valmieras te\u0101tra aktieris Kristaps Kristers Ozols jau debijas sezon\u0101 ka\u013c dzelzi, kam\u0113r t\u0101 karsta. Piektdien, 30. janv\u0101r\u012b, aktieris&hellip;\n","protected":false},"author":2,"featured_media":116689,"comment_status":"","ping_status":"","sticky":false,"template":"","format":"standard","meta":{"footnotes":""},"categories":[19],"tags":[89,90,35,39,38,36,37,34,40],"class_list":{"0":"post-116688","1":"post","2":"type-post","3":"status-publish","4":"format-standard","5":"has-post-thumbnail","7":"category-izklaide","8":"tag-entertainment","9":"tag-izklaide","10":"tag-latvia","11":"tag-latvian","12":"tag-latviesu","13":"tag-latviesu-valoda","14":"tag-latviesuvaloda","15":"tag-latvija","16":"tag-lv"},"share_on_mastodon":{"url":"https:\/\/pubeurope.com\/@lv\/115978618990164244","error":""},"_links":{"self":[{"href":"https:\/\/www.europesays.com\/lv\/wp-json\/wp\/v2\/posts\/116688","targetHints":{"allow":["GET"]}}],"collection":[{"href":"https:\/\/www.europesays.com\/lv\/wp-json\/wp\/v2\/posts"}],"about":[{"href":"https:\/\/www.europesays.com\/lv\/wp-json\/wp\/v2\/types\/post"}],"author":[{"embeddable":true,"href":"https:\/\/www.europesays.com\/lv\/wp-json\/wp\/v2\/users\/2"}],"replies":[{"embeddable":true,"href":"https:\/\/www.europesays.com\/lv\/wp-json\/wp\/v2\/comments?post=116688"}],"version-history":[{"count":0,"href":"https:\/\/www.europesays.com\/lv\/wp-json\/wp\/v2\/posts\/116688\/revisions"}],"wp:featuredmedia":[{"embeddable":true,"href":"https:\/\/www.europesays.com\/lv\/wp-json\/wp\/v2\/media\/116689"}],"wp:attachment":[{"href":"https:\/\/www.europesays.com\/lv\/wp-json\/wp\/v2\/media?parent=116688"}],"wp:term":[{"taxonomy":"category","embeddable":true,"href":"https:\/\/www.europesays.com\/lv\/wp-json\/wp\/v2\/categories?post=116688"},{"taxonomy":"post_tag","embeddable":true,"href":"https:\/\/www.europesays.com\/lv\/wp-json\/wp\/v2\/tags?post=116688"}],"curies":[{"name":"wp","href":"https:\/\/api.w.org\/{rel}","templated":true}]}}