{"id":116690,"date":"2026-01-29T13:30:10","date_gmt":"2026-01-29T13:30:10","guid":{"rendered":"https:\/\/www.europesays.com\/lv\/116690\/"},"modified":"2026-01-29T13:30:10","modified_gmt":"2026-01-29T13:30:10","slug":"pec-kritiena-agenskalna-uz-ielas-miris-velosipedists","status":"publish","type":"post","link":"https:\/\/www.europesays.com\/lv\/116690\/","title":{"rendered":"P\u0113c kritiena \u0100genskaln\u0101 uz ielas miris velosip\u0113dists"},"content":{"rendered":"<p class=\"lead mb-md-2 mb-1 js-tv3-orphus\">Tre\u0161dien, 28. janv\u0101r\u012b, \u0100genskaln\u0101 vad\u012bbu p\u0101r velosip\u0113du zaud\u0113ja t\u0101 vad\u012bt\u0101js, kur\u0161 nokrita un mira notikuma viet\u0101, t\u0101 inform\u0113 Valsts policija.\n<\/p>\n<p>Negad\u012bjums fiks\u0113ts pulksten 15.38 R\u012bg\u0101, \u0100genskaln\u0101. Valsts policija patlaban izmekl\u0113 negad\u012bjuma apst\u0101k\u013cus.<\/p>\n<p>Kopum\u0101 aizvad\u012btaj\u0101 diennakt\u012b valst\u012b re\u0123istr\u0113ti 200 ce\u013cu satiksmes negad\u012bjumi. Tajos cietu\u0161as desmit personas un viena mirusi.<\/p>\n","protected":false},"excerpt":{"rendered":"Tre\u0161dien, 28. janv\u0101r\u012b, \u0100genskaln\u0101 vad\u012bbu p\u0101r velosip\u0113du zaud\u0113ja t\u0101 vad\u012bt\u0101js, kur\u0161 nokrita un mira notikuma viet\u0101, t\u0101 inform\u0113&hellip;\n","protected":false},"author":2,"featured_media":116691,"comment_status":"","ping_status":"","sticky":false,"template":"","format":"standard","meta":{"footnotes":""},"categories":[12],"tags":[26944,23,28,29,32,33,22,30,31,35,39,38,36,37,34,40,20,26,27,24,25,21],"class_list":{"0":"post-116690","1":"post","2":"type-post","3":"status-publish","4":"format-standard","5":"has-post-thumbnail","7":"category-latvija","8":"tag-agenskalnsboja-gajusiecelu-satiksmes-negadijmscelu-satiksmes-negadijumivalsts-policija","9":"tag-aktualitates","10":"tag-breaking-news","11":"tag-breakingnews","12":"tag-featured-news","13":"tag-featurednews","14":"tag-headlines","15":"tag-latest-news","16":"tag-latestnews","17":"tag-latvia","18":"tag-latvian","19":"tag-latviesu","20":"tag-latviesu-valoda","21":"tag-latviesuvaloda","22":"tag-latvija","23":"tag-lv","24":"tag-news","25":"tag-popularakas-zinas","26":"tag-popularakaszinas","27":"tag-top-stories","28":"tag-topstories","29":"tag-zinas"},"share_on_mastodon":{"url":"https:\/\/pubeurope.com\/@lv\/115978634718367993","error":""},"_links":{"self":[{"href":"https:\/\/www.europesays.com\/lv\/wp-json\/wp\/v2\/posts\/116690","targetHints":{"allow":["GET"]}}],"collection":[{"href":"https:\/\/www.europesays.com\/lv\/wp-json\/wp\/v2\/posts"}],"about":[{"href":"https:\/\/www.europesays.com\/lv\/wp-json\/wp\/v2\/types\/post"}],"author":[{"embeddable":true,"href":"https:\/\/www.europesays.com\/lv\/wp-json\/wp\/v2\/users\/2"}],"replies":[{"embeddable":true,"href":"https:\/\/www.europesays.com\/lv\/wp-json\/wp\/v2\/comments?post=116690"}],"version-history":[{"count":0,"href":"https:\/\/www.europesays.com\/lv\/wp-json\/wp\/v2\/posts\/116690\/revisions"}],"wp:featuredmedia":[{"embeddable":true,"href":"https:\/\/www.europesays.com\/lv\/wp-json\/wp\/v2\/media\/116691"}],"wp:attachment":[{"href":"https:\/\/www.europesays.com\/lv\/wp-json\/wp\/v2\/media?parent=116690"}],"wp:term":[{"taxonomy":"category","embeddable":true,"href":"https:\/\/www.europesays.com\/lv\/wp-json\/wp\/v2\/categories?post=116690"},{"taxonomy":"post_tag","embeddable":true,"href":"https:\/\/www.europesays.com\/lv\/wp-json\/wp\/v2\/tags?post=116690"}],"curies":[{"name":"wp","href":"https:\/\/api.w.org\/{rel}","templated":true}]}}