{"id":116693,"date":"2026-01-29T13:50:07","date_gmt":"2026-01-29T13:50:07","guid":{"rendered":"https:\/\/www.europesays.com\/lv\/116693\/"},"modified":"2026-01-29T13:50:07","modified_gmt":"2026-01-29T13:50:07","slug":"esmu-izlekusi-ar-izpletni-bet-to-laikam-vairs-neatkartotu","status":"publish","type":"post","link":"https:\/\/www.europesays.com\/lv\/116693\/","title":{"rendered":"Esmu izl\u0113kusi ar izpletni, bet to laikam vairs neatk\u0101rtotu"},"content":{"rendered":"<p>Valent\u012bndien\u0101 \u2013 14. febru\u0101r\u012b \u2013 \u0136\u012bpsalas hall\u0113 izskan\u0113s kr\u0101\u0161\u0146s koncerts \u201cBrodvejas m\u016bziklu hiti. M\u012blest\u012bbas st\u0101sti\u201d, kur\u0101 dzied\u0101t\u0101ju Aijas V\u012btoli\u0146as, Annijas Putni\u0146as, Din\u0101ras Rud\u0101nes, Andra \u0112rg\u013ca, Dag\u0146a Rozi\u0146a, Naura Puntu\u013ca un Naid\u017eela Ri\u010dardsa interpret\u0101cij\u0101 izskan\u0113s dziesmas no m\u016bzikliem un film\u0101m \u201cOperas spoks\u201d,\u00a0 \u201cLa La Land\u201d,\u00a0\u201dM\u016bzikas ska\u0146as\u201d, \u201cKa\u0137i\u201d,\u00a0\u201dMana skaist\u0101 l\u0113dija\u201d, \u201cWicked\u201d,\u00a0\u201dGentlemen Prefer Blondes\u201d un cit\u0101m. Par muzik\u0101lo pavad\u012bjumu r\u016bp\u0113sies instrument\u0101lais kameror\u0137estris Raimonda Petrauska vad\u012bb\u0101. Koncertu papildin\u0101s ar\u012b dejot\u0101ji horeogr\u0101fes Ievas Kemleres vad\u012bb\u0101, k\u0101 ar\u012b vok\u0101lais ansamblis.<\/p>\n<p>\u201cLieliska iesp\u0113ja romantisk\u0101 gaisotn\u0113 izbaud\u012bt pasaulslavenu Brodvejas m\u016bziklu melodiju burv\u012bbu, kur\u0101s atdz\u012bvojas visda\u017e\u0101d\u0101k\u0101s m\u012blest\u012bbas \u0161\u0137autnes \u2013 romantiskas un kaisl\u012bgas, piepild\u012btas un neatbild\u0113tas, atrodamas draudz\u012bb\u0101 vai tic\u012bb\u0101,\u201d par gaid\u0101mo koncertu saka dzied\u0101t\u0101ja Aija V\u012btoli\u0146a.<\/p>\n<p>Kas ir ekstr\u0113m\u0101kais, ko dz\u012bv\u0113 esat dar\u012bjusi?<br \/>Esmu izl\u0113kusi ar izpletni, bet to laikam vairs neatk\u0101rtotu. \u012asts vienreiz\u0113js piedz\u012bvojums!<\/p>\n<p>Viens no aizkustino\u0161\u0101kajiem br\u012b\u017eiem dz\u012bv\u0113? <br \/>\u012asten\u012bb\u0101 aizkustino\u0161i br\u012b\u017ei gad\u0101s gan uz skatuves, gan ikdienas dz\u012bv\u0113. Man visaizkustino\u0161\u0101kie vienm\u0113r ir tie br\u012b\u017ei, kad visa \u0123imene ir kop\u0101 un es saj\u016btu to nesaskat\u0101mo saikni vienam ar otru.<\/p>\n<p>Kas j\u016bs iedvesmo darbam? <br \/>Mani visvair\u0101k iedvesmo jaunas tik\u0161an\u0101s, da\u017ek\u0101rt \u2013 izaicino\u0161i projekti un skaists repertu\u0101rs.<\/p>\n<p>J\u016bsu vesel\u012bgie ieradumi? <br \/>Cen\u0161os gatavot m\u0101j\u0101s, apmekl\u0113t sal\u012bdzino\u0161i regul\u0101ri sporta z\u0101li un deju nodarb\u012bbas.<\/p>\n<p>J\u016bsu kait\u012bgie ieradumi? <br \/>Viskait\u012bg\u0101kais no ieradumiem, kuru \u013coti grib\u0113tu izskaust gan no ikdienas, gan darba dz\u012bves, ir stress. Ar\u012b slinkums jeb, moderni sakot, prokrastin\u0101cija.<\/p>\n<p>V\u0113rt\u012bg\u0101k\u0101 atzi\u0146a, ko dz\u012bves laik\u0101 esat guvusi? <br \/>Viss paiet. Un v\u0113l \u2013 cilv\u0113kiem ir \u013coti \u012bsa atmi\u0146a.<\/p>\n<p>Gr\u0101mata vai filma, ko ieteiktu citiem?\u00a0<br \/>Man \u013coti patika Entonija B\u0113rd\u017eesa rom\u0101ns \u201cMeh\u0101niskais apels\u012bns\u201d; no film\u0101m \u2013 re\u017eisora Paolo Sorent\u012bno \u201cLielais skaistums\u201d.<\/p>\n<p>K\u0101du m\u016bziku klaus\u0101ties? <br \/>Parasti t\u0101 ir m\u016bzika, ko m\u0101cos. Ma\u0161\u012bn\u0101 klausos \u201cLatvijas Radio 1\u201d, \u201cLatvijas Radio 3\u201d un \u201cLatvijas Radio 5\u201d. Un tad v\u0113l man pat\u012bk iet gan uz pa\u0161m\u0101ju, gan \u0101rzemju m\u0101kslinieku koncertiem, ar\u012b braukt tos klaus\u012bties uz \u0101rzem\u0113m.<\/p>\n<p>J\u016bsu spont\u0101n\u0101kais, nepraktisk\u0101kais pirkums? <br \/>Pirms desmit gadiem nopirku ga\u013cas ma\u013camo ma\u0161\u012bnu, un t\u0101 ar\u012b nekad to neesmu iesl\u0113gusi.<\/p>\n<p>Vieta un laiks, kur\u0101 grib\u0113tu dz\u012bvot? <br \/>Man pat\u012bk \u0161is laiks un vieta, kur dz\u012bvoju, bet grib\u0113tu redz\u0113t ar\u012b to, k\u0101da Latvija b\u016bs p\u0113c 100 gadiem.<\/p>\n","protected":false},"excerpt":{"rendered":"Valent\u012bndien\u0101 \u2013 14. febru\u0101r\u012b \u2013 \u0136\u012bpsalas hall\u0113 izskan\u0113s kr\u0101\u0161\u0146s koncerts \u201cBrodvejas m\u016bziklu hiti. M\u012blest\u012bbas st\u0101sti\u201d, kur\u0101 dzied\u0101t\u0101ju Aijas&hellip;\n","protected":false},"author":2,"featured_media":116694,"comment_status":"","ping_status":"","sticky":false,"template":"","format":"standard","meta":{"footnotes":""},"categories":[19],"tags":[47,89,90,381,64,35,39,38,36,37,34,40,385,172,382,384,383,21],"class_list":{"0":"post-116693","1":"post","2":"type-post","3":"status-publish","4":"format-standard","5":"has-post-thumbnail","7":"category-izklaide","8":"tag-ekonomika","9":"tag-entertainment","10":"tag-izklaide","11":"tag-jaunumi","12":"tag-kultura","13":"tag-latvia","14":"tag-latvian","15":"tag-latviesu","16":"tag-latviesu-valoda","17":"tag-latviesuvaloda","18":"tag-latvija","19":"tag-lv","20":"tag-pieriga","21":"tag-riga","22":"tag-sabiedriba","23":"tag-sludinajumi","24":"tag-sports-afisa","25":"tag-zinas"},"share_on_mastodon":{"url":"https:\/\/pubeurope.com\/@lv\/115978713334223881","error":""},"_links":{"self":[{"href":"https:\/\/www.europesays.com\/lv\/wp-json\/wp\/v2\/posts\/116693","targetHints":{"allow":["GET"]}}],"collection":[{"href":"https:\/\/www.europesays.com\/lv\/wp-json\/wp\/v2\/posts"}],"about":[{"href":"https:\/\/www.europesays.com\/lv\/wp-json\/wp\/v2\/types\/post"}],"author":[{"embeddable":true,"href":"https:\/\/www.europesays.com\/lv\/wp-json\/wp\/v2\/users\/2"}],"replies":[{"embeddable":true,"href":"https:\/\/www.europesays.com\/lv\/wp-json\/wp\/v2\/comments?post=116693"}],"version-history":[{"count":0,"href":"https:\/\/www.europesays.com\/lv\/wp-json\/wp\/v2\/posts\/116693\/revisions"}],"wp:featuredmedia":[{"embeddable":true,"href":"https:\/\/www.europesays.com\/lv\/wp-json\/wp\/v2\/media\/116694"}],"wp:attachment":[{"href":"https:\/\/www.europesays.com\/lv\/wp-json\/wp\/v2\/media?parent=116693"}],"wp:term":[{"taxonomy":"category","embeddable":true,"href":"https:\/\/www.europesays.com\/lv\/wp-json\/wp\/v2\/categories?post=116693"},{"taxonomy":"post_tag","embeddable":true,"href":"https:\/\/www.europesays.com\/lv\/wp-json\/wp\/v2\/tags?post=116693"}],"curies":[{"name":"wp","href":"https:\/\/api.w.org\/{rel}","templated":true}]}}