{"id":116695,"date":"2026-01-29T13:52:07","date_gmt":"2026-01-29T13:52:07","guid":{"rendered":"https:\/\/www.europesays.com\/lv\/116695\/"},"modified":"2026-01-29T13:52:07","modified_gmt":"2026-01-29T13:52:07","slug":"tesla-pelna-pern-nokritusies-par-46-model-s-un-model-x-vairs-nerazos","status":"publish","type":"post","link":"https:\/\/www.europesays.com\/lv\/116695\/","title":{"rendered":"&#8220;Tesla&#8221; pe\u013c\u0146a p\u0113rn nokritusies par 46%; Model S un Model X vairs nera\u017eos"},"content":{"rendered":"<p>ASV elektroautomobi\u013cu ra\u017eo\u0161anas uz\u0146\u0113mums &#8220;Tesla&#8221; p\u0113rn str\u0101d\u0101jis ar 3,8 miljardu dol\u0101ru pe\u013c\u0146u, kas ir par 46% maz\u0101k nek\u0101 gadu iepriek\u0161, teikts tre\u0161dien publiskotaj\u0101 autora\u017eot\u0101ja pazi\u0146ojum\u0101.<\/p>\n<p>Turkl\u0101t uz\u0146\u0113muma pe\u013c\u0146a p\u0113rn b\u016btiski samazin\u0101jusies otro gadu p\u0113c k\u0101rtas un tai re\u0123istr\u0113ts zem\u0101kais l\u012bmenis kop\u0161 koronav\u012brusa pand\u0113mijas pirms pieciem gadiem.<\/p>\n<p>Tikm\u0113r p\u0113rn ceturtaj\u0101 ceturksn\u012b &#8220;Tesla&#8221; pe\u013c\u0146a gada griezum\u0101 samazin\u0101jusies par 61% l\u012bdz 840 miljoniem dol\u0101ru.<\/p>\n<p>Pe\u013c\u0146as kritums tiek skaidrots ar automobi\u013cu p\u0101rdo\u0161anas apjoma samazin\u0101\u0161anos un izmaksu pieaugumu.<\/p>\n<p>&#8220;Tesla&#8221; pag\u0101ju\u0161aj\u0101 gad\u0101 pieg\u0101d\u0101jis nedaudz vair\u0101k nek\u0101 1,63 miljonus automobi\u013cu, kas ir par 8,5% maz\u0101k nek\u0101 pirms gada, t\u0101d\u0113j\u0101di kritums re\u0123istr\u0113ts otro gadu p\u0113c k\u0101rtas.<\/p>\n<p>Vienlaikus uz\u0146\u0113muma vad\u012bt\u0101js \u012alons Masks tre\u0161dien pazi\u0146oja, ka tiks p\u0101rtraukta &#8220;Model S&#8221; un &#8220;Model X&#8221; automobi\u013cu ra\u017eo\u0161ana, lai piev\u0113rstos robotu ra\u017eo\u0161anai.<\/p>\n<p>Stingri aizliegts iAuto.lv public\u0113tos materi\u0101lus izmantot, kop\u0113t vai reproduc\u0113t citos interneta port\u0101los, masu inform\u0101cijas l\u012bdzek\u013cos vai k\u0101 cit\u0101di r\u012bkoties ar iAuto.lv public\u0113tajiem materi\u0101liem bez rakstiskas EON SIA at\u013caujas sa\u0146em\u0161anas.<\/p>\n","protected":false},"excerpt":{"rendered":"ASV elektroautomobi\u013cu ra\u017eo\u0161anas uz\u0146\u0113mums &#8220;Tesla&#8221; p\u0113rn str\u0101d\u0101jis ar 3,8 miljardu dol\u0101ru pe\u013c\u0146u, kas ir par 46% maz\u0101k nek\u0101&hellip;\n","protected":false},"author":2,"featured_media":116696,"comment_status":"","ping_status":"","sticky":false,"template":"","format":"standard","meta":{"footnotes":""},"categories":[16],"tags":[26945,77,76,35,39,38,36,37,34,40],"class_list":{"0":"post-116695","1":"post","2":"type-post","3":"status-publish","4":"format-standard","5":"has-post-thumbnail","7":"category-bizness","8":"tag-tesla-pelna-pern-nokritusies-par-46-model-s-un-model-x-vairs-nerazos","9":"tag-bizness","10":"tag-business","11":"tag-latvia","12":"tag-latvian","13":"tag-latviesu","14":"tag-latviesu-valoda","15":"tag-latviesuvaloda","16":"tag-latvija","17":"tag-lv"},"share_on_mastodon":{"url":"https:\/\/pubeurope.com\/@lv\/115978721236547366","error":""},"_links":{"self":[{"href":"https:\/\/www.europesays.com\/lv\/wp-json\/wp\/v2\/posts\/116695","targetHints":{"allow":["GET"]}}],"collection":[{"href":"https:\/\/www.europesays.com\/lv\/wp-json\/wp\/v2\/posts"}],"about":[{"href":"https:\/\/www.europesays.com\/lv\/wp-json\/wp\/v2\/types\/post"}],"author":[{"embeddable":true,"href":"https:\/\/www.europesays.com\/lv\/wp-json\/wp\/v2\/users\/2"}],"replies":[{"embeddable":true,"href":"https:\/\/www.europesays.com\/lv\/wp-json\/wp\/v2\/comments?post=116695"}],"version-history":[{"count":0,"href":"https:\/\/www.europesays.com\/lv\/wp-json\/wp\/v2\/posts\/116695\/revisions"}],"wp:featuredmedia":[{"embeddable":true,"href":"https:\/\/www.europesays.com\/lv\/wp-json\/wp\/v2\/media\/116696"}],"wp:attachment":[{"href":"https:\/\/www.europesays.com\/lv\/wp-json\/wp\/v2\/media?parent=116695"}],"wp:term":[{"taxonomy":"category","embeddable":true,"href":"https:\/\/www.europesays.com\/lv\/wp-json\/wp\/v2\/categories?post=116695"},{"taxonomy":"post_tag","embeddable":true,"href":"https:\/\/www.europesays.com\/lv\/wp-json\/wp\/v2\/tags?post=116695"}],"curies":[{"name":"wp","href":"https:\/\/api.w.org\/{rel}","templated":true}]}}