{"id":116699,"date":"2026-01-29T13:58:03","date_gmt":"2026-01-29T13:58:03","guid":{"rendered":"https:\/\/www.europesays.com\/lv\/116699\/"},"modified":"2026-01-29T13:58:03","modified_gmt":"2026-01-29T13:58:03","slug":"omoda-un-jaecoo-parakstits-jauns-automobilu-distribucijas-ligums-divi-jauni-kinas-auto-zimoli-ienak-baltijas-tirgu-foto","status":"publish","type":"post","link":"https:\/\/www.europesays.com\/lv\/116699\/","title":{"rendered":"Omoda un Jaecoo: parakst\u012bts jauns automobi\u013cu distrib\u016bcijas l\u012bgums \u2013 divi jauni \u0136\u012bnas auto z\u012bmoli ien\u0101k Baltijas tirg\u016b (+ FOTO)"},"content":{"rendered":"<p>M\u016bsa Motors Grupa, viens no vado\u0161ajiem un ar\u012b sen\u0101kajiem automobi\u013cu nozares uz\u0146\u0113mumiem Baltijas re\u0123ion\u0101, ir parakst\u012bjis distrib\u016bcijas l\u012bgumu ar tre\u0161o liel\u0101ko un visvair\u0101k eksport\u0113jo\u0161\u0101ko \u0136\u012bnas autora\u017eot\u0101ju Chery Automobile Co., Ltd. par t\u0101 z\u012bmolu Omoda un Jaecoo automobi\u013cu izplat\u012b\u0161anu Baltijas tirg\u016b \u2013 Latvij\u0101, Lietuv\u0101 un Igaunij\u0101.<\/p>\n<p>Nosl\u0113gtais l\u012bgums iez\u012bm\u0113 noz\u012bm\u012bgu soli uz\u0146\u0113muma att\u012bst\u012bb\u0101 un papla\u0161ina Baltijas pat\u0113r\u0113t\u0101jiem pieejamo automobi\u013cu kl\u0101stu, pied\u0101v\u0101jot modernus, tehnolo\u0123iski att\u012bst\u012btus un konkur\u0113tsp\u0113j\u012bgus transportl\u012bdzek\u013cus. Abi z\u012bmoli p\u0101rst\u0101v jaun\u0101k\u0101s \u0136\u012bnas autob\u016bves tendences, apvienojot inovat\u012bvus risin\u0101jumus, augstu apr\u012bkojuma l\u012bmeni un pievilc\u012bgu cenas un kvalit\u0101tes attiec\u012bbu.<br \/>\u201c\u0160is distrib\u016bcijas l\u012bgums ir strat\u0113\u0123iski svar\u012bgs solis m\u016bsu uz\u0146\u0113mumam un visam Baltijas auto tirgum. Omoda un Jaecoo pied\u0101v\u0101 m\u016bsdien\u012bgus automobi\u013cus, kas rad\u012bti Eiropas tirgum un atbilst Eiropas klientu pras\u012bb\u0101m gan dizaina, gan dro\u0161\u012bbas, gan ilgtsp\u0113jas jom\u0101,\u201d nor\u0101da \u0122irts Zem\u012btis, jaun\u0101 importiera uz\u0146\u0113muma vad\u012bt\u0101js.<\/p>\n<p>Pl\u0101nots, ka pirmie mode\u013ci Baltijas tirg\u016b b\u016bs pieejami jau \u0161\u012b gada apr\u012bl\u012b, un tie ietvers iek\u0161dedzes, hibr\u012bda, uzl\u0101d\u0113jama hibr\u012bda un elektriskos automobi\u013cus, liel\u0101koties SUV segment\u0101. Paral\u0113li tiks att\u012bst\u012bts ar\u012b autoriz\u0113to d\u012bleru un servisu t\u012bkls, nodro\u0161inot pilnu p\u0113cp\u0101rdo\u0161anas atbalstu. Ir sagaid\u0101ms, ka pirmie d\u012bleru centri katr\u0101 no Baltijas valstu galvaspils\u0113t\u0101m tiks atv\u0113rti jau apr\u012bl\u012b un l\u012bdz gada beig\u0101m tiem piepulc\u0113sies v\u0113l 5 citi.<\/p>\n<p>Omoda un Jaecoo ir strauji augo\u0161i z\u012bmoli Eiropas tirgos, kas pavisam neilg\u0101 laik\u0101 ir sasniegu\u0161i iev\u0113rojamu p\u0101rdo\u0161anas apjomu. Piem\u0113ram, Polij\u0101 tas bija otrs visvair\u0101k p\u0101rdotais \u0137\u012bnie\u0161u automobi\u013cu z\u012bmols, sasniedzot 15000 p\u0101rdotu vien\u012bbu skaitu un 2,5% tirgus da\u013cu pag\u0101ju\u0161aj\u0101 gad\u0101.<\/p>\n<p>Kompaktklases SUV Omoda 5 pieejams ar iek\u0161dedzes vai hibr\u012bda motoriem, k\u0101 ar\u012b piln\u012bb\u0101 elektrisks. T\u0101 cena ir s\u0101kot no 24900EUR. Liel\u0101s klases Omoda 9 tiek pied\u0101v\u0101ts tikai k\u0101 uzl\u0101d\u0113jamais hibr\u012bds (PHEV) un ar visu rite\u0146u piedzi\u0146u, kur t\u0101 cena ir no 47900 EUR. Ruden\u012b b\u016bs pieejami Omoda 4 (hibr\u012bds, elektrisks) un Omoda 7 (iek\u0161dedzes, uzl\u0101d\u0113jams hibr\u012bds). N\u0101kamaj\u0101 gad\u0101 sagaid\u0101ms Omoda 2.<\/p>\n<p>Jaecoo 5 ar iek\u0161dedzes motoru (no 22900 EUR) un ar\u012b piln\u012bb\u0101 elektrisks (no 29900 EUR) b\u016bs pieejami no j\u016bnija. Jaecoo 7 ar iek\u0161dedzes motoru maks\u0101s no 29900 EUR un tam b\u016bs pieejama ar\u012b pilnpiedzi\u0146a. T\u0101pat tas pieejams k\u0101 uzl\u0101d\u0113jamais hibr\u012bds (no 34900 EUR). Jaecoo 8 (PHEV) gaid\u0101ms ruden\u012b. Jaecoo 3 un Jaecoo 9 b\u016bs pieejami 2027. gada 2. pus\u0113.<\/p>\n<p>Visiem mode\u013ciem ir 7 gadu vai 150000km ra\u017eot\u0101ja garantija.<\/p>\n<p>\t\t\t\t\t <a href=\"https:\/\/www.europesays.com\/lv\/wp-content\/uploads\/2026\/01\/52103_1055a2a61c4.jpg\"><img decoding=\"async\" src=\"https:\/\/www.europesays.com\/lv\/wp-content\/uploads\/2026\/01\/52103_1055a2a61c4.jpg\" alt=\"\"\/><\/a><\/p>\n<p>Omoda 7 Foto: Publicit\u0101tes foto<\/p>\n<p>\t\t\t\t\t <a href=\"https:\/\/www.europesays.com\/lv\/wp-content\/uploads\/2026\/01\/52103_2a658a4cb48.jpg\"><img decoding=\"async\" src=\"https:\/\/www.europesays.com\/lv\/wp-content\/uploads\/2026\/01\/52103_2a658a4cb48.jpg\" alt=\"\"\/><\/a><\/p>\n<p>Omoda 9 Foto: Publicit\u0101tes foto<\/p>\n<p>\t\t\t\t\t <a href=\"https:\/\/www.europesays.com\/lv\/wp-content\/uploads\/2026\/01\/52103_32a4ac46904.jpg\"><img decoding=\"async\" src=\"https:\/\/www.europesays.com\/lv\/wp-content\/uploads\/2026\/01\/52103_32a4ac46904.jpg\" alt=\"\"\/><\/a><\/p>\n<p>Jaecoo 5 Foto: Publicit\u0101tes foto<\/p>\n<p>\t\t\t\t\t <a href=\"https:\/\/www.europesays.com\/lv\/wp-content\/uploads\/2026\/01\/52103_4e5fd97e867.jpg\"><img decoding=\"async\" src=\"https:\/\/www.europesays.com\/lv\/wp-content\/uploads\/2026\/01\/52103_4e5fd97e867.jpg\" alt=\"\"\/><\/a><\/p>\n<p>Jaecoo 9 Foto: Publicit\u0101tes foto<\/p>\n<p>Stingri aizliegts iAuto.lv public\u0113tos materi\u0101lus izmantot, kop\u0113t vai reproduc\u0113t citos interneta port\u0101los, masu inform\u0101cijas l\u012bdzek\u013cos vai k\u0101 cit\u0101di r\u012bkoties ar iAuto.lv public\u0113tajiem materi\u0101liem bez rakstiskas EON SIA at\u013caujas sa\u0146em\u0161anas.<\/p>\n","protected":false},"excerpt":{"rendered":"M\u016bsa Motors Grupa, viens no vado\u0161ajiem un ar\u012b sen\u0101kajiem automobi\u013cu nozares uz\u0146\u0113mumiem Baltijas re\u0123ion\u0101, ir parakst\u012bjis distrib\u016bcijas l\u012bgumu&hellip;\n","protected":false},"author":2,"featured_media":116700,"comment_status":"","ping_status":"","sticky":false,"template":"","format":"standard","meta":{"footnotes":""},"categories":[16],"tags":[77,76,35,39,38,36,37,34,40,26946],"class_list":{"0":"post-116699","1":"post","2":"type-post","3":"status-publish","4":"format-standard","5":"has-post-thumbnail","7":"category-bizness","8":"tag-bizness","9":"tag-business","10":"tag-latvia","11":"tag-latvian","12":"tag-latviesu","13":"tag-latviesu-valoda","14":"tag-latviesuvaloda","15":"tag-latvija","16":"tag-lv","17":"tag-omoda-un-jaecoo-parakstits-jauns-automobilu-distribucijas-ligums-divi-jauni-kinas-auto-zimoli-ienak-baltijas-tirgu"},"share_on_mastodon":{"url":"https:\/\/pubeurope.com\/@lv\/115978744829181772","error":""},"_links":{"self":[{"href":"https:\/\/www.europesays.com\/lv\/wp-json\/wp\/v2\/posts\/116699","targetHints":{"allow":["GET"]}}],"collection":[{"href":"https:\/\/www.europesays.com\/lv\/wp-json\/wp\/v2\/posts"}],"about":[{"href":"https:\/\/www.europesays.com\/lv\/wp-json\/wp\/v2\/types\/post"}],"author":[{"embeddable":true,"href":"https:\/\/www.europesays.com\/lv\/wp-json\/wp\/v2\/users\/2"}],"replies":[{"embeddable":true,"href":"https:\/\/www.europesays.com\/lv\/wp-json\/wp\/v2\/comments?post=116699"}],"version-history":[{"count":0,"href":"https:\/\/www.europesays.com\/lv\/wp-json\/wp\/v2\/posts\/116699\/revisions"}],"wp:featuredmedia":[{"embeddable":true,"href":"https:\/\/www.europesays.com\/lv\/wp-json\/wp\/v2\/media\/116700"}],"wp:attachment":[{"href":"https:\/\/www.europesays.com\/lv\/wp-json\/wp\/v2\/media?parent=116699"}],"wp:term":[{"taxonomy":"category","embeddable":true,"href":"https:\/\/www.europesays.com\/lv\/wp-json\/wp\/v2\/categories?post=116699"},{"taxonomy":"post_tag","embeddable":true,"href":"https:\/\/www.europesays.com\/lv\/wp-json\/wp\/v2\/tags?post=116699"}],"curies":[{"name":"wp","href":"https:\/\/api.w.org\/{rel}","templated":true}]}}