{"id":116701,"date":"2026-01-29T14:00:09","date_gmt":"2026-01-29T14:00:09","guid":{"rendered":"https:\/\/www.europesays.com\/lv\/116701\/"},"modified":"2026-01-29T14:00:09","modified_gmt":"2026-01-29T14:00:09","slug":"lvsada-atgadinajums-veselibas-aprupes-reformu-istenotajiem-par-satversmes-111-pantu","status":"publish","type":"post","link":"https:\/\/www.europesays.com\/lv\/116701\/","title":{"rendered":"LVSADA: atg\u0101din\u0101jums vesel\u012bbas apr\u016bpes reformu \u012bstenot\u0101jiem par Satversmes 111. pantu"},"content":{"rendered":"<p>Latvijas Vesel\u012bbas un soci\u0101l\u0101s apr\u016bpes darbinieku arodbiedr\u012bba (LVSADA) atg\u0101dina vesel\u012bbas apr\u016bpes politikas veidot\u0101jiem, ka saska\u0146\u0101 ar Latvijas Republikas Satversmes 111. pantu valsts aizsarg\u0101 cilv\u0113ku vesel\u012bbu un garant\u0113 ikvienam medic\u012bnisk\u0101s pal\u012bdz\u012bbas minimumu. \u0160is pien\u0101kums nav form\u0101ls, bet gan uzliek valstij konkr\u0113tu atbild\u012bbu.<\/p>\n<p>\u0160aj\u0101 kontekst\u0101 Vesel\u012bbas ministrijas \u012bstenot\u0101 slimn\u012bcu t\u012bkla reforma un Neatliekam\u0101s medic\u012bnisk\u0101s pal\u012bdz\u012bbas dienesta (NMPD) \u201catt\u012bst\u012bbas\u201d pl\u0101ni ir j\u0101v\u0113rt\u0113 k\u0101 savstarp\u0113ji cie\u0161i saist\u012bti procesi, nevis k\u0101 atsevi\u0161\u0137as, savrupas politikas iniciat\u012bvas.<\/p>\n<p>Slimn\u012bcu t\u012bkla reformas rezult\u0101t\u0101 re\u0123ionos tiek pl\u0101nots samazin\u0101t vai p\u0101rprofil\u0113t neatliekam\u0101s \u0101rst\u0113\u0161anas kapacit\u0101ti. Reformas apsprie\u0161anas laik\u0101 Vesel\u012bbas ministrija ir nor\u0101d\u012bjusi, ka NMPD brig\u0101\u017eu sp\u0113ja nok\u013c\u016bt l\u012bdz Neatliekam\u0101s medic\u012bnisk\u0101s pal\u012bdz\u012bbas uz\u0146em\u0161anas noda\u013cai 60 min\u016b\u0161u laik\u0101 esot v\u0113rt\u0113ta sadarb\u012bb\u0101 ar NMPD, ta\u010du \u0161\u0101da formul\u0113juma ietvaros netiek sniegta nedz konkr\u0113ta garantija, nedz atbildes par pakalpojuma pieejam\u012bbu.<\/p>\n<p>Tom\u0113r neatliekam\u0101 medic\u012bnisk\u0101 pal\u012bdz\u012bba nav reduc\u0113jama tikai uz brig\u0101des iera\u0161an\u0101s laiku. T\u0101 ietver ar\u012b savlaic\u012bgu piek\u013cuvi neatliekamai diagnostikai, \u0101rst\u0113\u0161anai un stacion\u0101rai apr\u016bpei. Gad\u012bjumos, kad p\u0113c brig\u0101des iera\u0161an\u0101s pacientam nepiecie\u0161ama laikietilp\u012bga transport\u0113\u0161ana uz att\u0101l\u0101ku \u0101rstniec\u012bbas iest\u0101di, form\u0101la rea\u0123\u0113\u0161anas laika izpilde pati par sevi nenodro\u0161ina Satversm\u0113 garant\u0113to medic\u012bnisk\u0101s pal\u012bdz\u012bbas minimumu.<\/p>\n<p>Vienlaikus NMPD \u201catt\u012bst\u012bbas\u201d strat\u0113\u0123ij\u0101 arvien liel\u0101ka loma tiek paredz\u0113ta sabiedr\u012bbas iesaistei, pirm\u0101 rea\u0123\u0113t\u0101ja principam, br\u012bvpr\u0101t\u012bgajiem un izsaukumu prioritiz\u0113\u0161anai. \u0160\u0101du instrumentu pastiprin\u0101ta izmanto\u0161ana objekt\u012bvi liecina par m\u0113\u0123in\u0101jumu kompens\u0113t profesion\u0101l\u0101s neatliekam\u0101s pal\u012bdz\u012bbas pieejam\u012bbas ierobe\u017eojumus, kas rodas (un ir jau radu\u0161ies) struktur\u0101lu reformu rezult\u0101t\u0101.<\/p>\n<p>Tiesiski raugoties, neatliekam\u0101 medic\u012bnisk\u0101 pal\u012bdz\u012bba ir valsts pien\u0101kums, ko nevar dele\u0123\u0113t sabiedr\u012bbai vai aizst\u0101t ar br\u012bvpr\u0101t\u012bgo iesaisti. Sabiedr\u012bbas l\u012bdzdal\u012bba var b\u016bt atbalsts, bet t\u0101 nedr\u012bkst k\u013c\u016bt par sist\u0113mas pamatu, ja runa ir par cilv\u0113ka dz\u012bv\u012bbas un vesel\u012bbas aizsardz\u012bbu.<\/p>\n<p>\u0160o reformu kop\u0113j\u0101 ietekme b\u016btiski maina medic\u012bnisk\u0101s pal\u012bdz\u012bbas nodro\u0161in\u0101\u0161anu, jo \u012bpa\u0161i re\u0123ionos. T\u0101d\u0113\u013c LVSADA uzskata, ka ir nepiecie\u0161ama skaidra, nep\u0101rprotama atbilde, vai valstij joproj\u0101m ir re\u0101la kapacit\u0101te nodro\u0161in\u0101t savlaic\u012bgu un pilnv\u0113rt\u012bgu neatliekamo medic\u012bnisko pal\u012bdz\u012bbu vis\u0101 Latvijas teritorij\u0101, vai ar\u012b riski pak\u0101peniski tiek p\u0101rlikti uz pacientiem un sabiedr\u012bbu, kas nav savienojams ar Satversmes 111. panta pras\u012bb\u0101m?<\/p>\n<p>Informat\u012bvs un sens z\u012bm\u0113jums<\/p>\n<p><img decoding=\"async\" src=\"https:\/\/www.europesays.com\/lv\/wp-content\/uploads\/2026\/01\/76JDHSPLH.PNG\" alt=\"\"\/><\/p>\n<p>          <img decoding=\"async\" src=\"https:\/\/www.europesays.com\/lv\/wp-content\/uploads\/2026\/01\/1769695209_171_logo-lv.png\" alt=\"\"\/><\/p>\n<p>                  \u0160\u012b inform\u0101cija ir publisks pazi\u0146ojums un neatspogu\u013co LV port\u0101la viedokli. Par t\u0101s saturu atbild ies\u016bt\u012bt\u0101js. <a data-popup=\"rules\">Public\u0113\u0161anas noteikumi<\/a><\/p>\n","protected":false},"excerpt":{"rendered":"Latvijas Vesel\u012bbas un soci\u0101l\u0101s apr\u016bpes darbinieku arodbiedr\u012bba (LVSADA) atg\u0101dina vesel\u012bbas apr\u016bpes politikas veidot\u0101jiem, ka saska\u0146\u0101 ar Latvijas Republikas&hellip;\n","protected":false},"author":2,"featured_media":106317,"comment_status":"","ping_status":"","sticky":false,"template":"","format":"standard","meta":{"footnotes":""},"categories":[12],"tags":[23,28,29,32,33,22,30,31,35,39,38,36,37,34,40,20,26,27,24,25,21],"class_list":{"0":"post-116701","1":"post","2":"type-post","3":"status-publish","4":"format-standard","5":"has-post-thumbnail","7":"category-latvija","8":"tag-aktualitates","9":"tag-breaking-news","10":"tag-breakingnews","11":"tag-featured-news","12":"tag-featurednews","13":"tag-headlines","14":"tag-latest-news","15":"tag-latestnews","16":"tag-latvia","17":"tag-latvian","18":"tag-latviesu","19":"tag-latviesu-valoda","20":"tag-latviesuvaloda","21":"tag-latvija","22":"tag-lv","23":"tag-news","24":"tag-popularakas-zinas","25":"tag-popularakaszinas","26":"tag-top-stories","27":"tag-topstories","28":"tag-zinas"},"share_on_mastodon":{"url":"https:\/\/pubeurope.com\/@lv\/115978752646387055","error":""},"_links":{"self":[{"href":"https:\/\/www.europesays.com\/lv\/wp-json\/wp\/v2\/posts\/116701","targetHints":{"allow":["GET"]}}],"collection":[{"href":"https:\/\/www.europesays.com\/lv\/wp-json\/wp\/v2\/posts"}],"about":[{"href":"https:\/\/www.europesays.com\/lv\/wp-json\/wp\/v2\/types\/post"}],"author":[{"embeddable":true,"href":"https:\/\/www.europesays.com\/lv\/wp-json\/wp\/v2\/users\/2"}],"replies":[{"embeddable":true,"href":"https:\/\/www.europesays.com\/lv\/wp-json\/wp\/v2\/comments?post=116701"}],"version-history":[{"count":0,"href":"https:\/\/www.europesays.com\/lv\/wp-json\/wp\/v2\/posts\/116701\/revisions"}],"wp:featuredmedia":[{"embeddable":true,"href":"https:\/\/www.europesays.com\/lv\/wp-json\/wp\/v2\/media\/106317"}],"wp:attachment":[{"href":"https:\/\/www.europesays.com\/lv\/wp-json\/wp\/v2\/media?parent=116701"}],"wp:term":[{"taxonomy":"category","embeddable":true,"href":"https:\/\/www.europesays.com\/lv\/wp-json\/wp\/v2\/categories?post=116701"},{"taxonomy":"post_tag","embeddable":true,"href":"https:\/\/www.europesays.com\/lv\/wp-json\/wp\/v2\/tags?post=116701"}],"curies":[{"name":"wp","href":"https:\/\/api.w.org\/{rel}","templated":true}]}}