{"id":116712,"date":"2026-01-29T14:16:11","date_gmt":"2026-01-29T14:16:11","guid":{"rendered":"https:\/\/www.europesays.com\/lv\/116712\/"},"modified":"2026-01-29T14:16:11","modified_gmt":"2026-01-29T14:16:11","slug":"eiropas-centrala-banka-virza-digitala-eiro-ieviesanu","status":"publish","type":"post","link":"https:\/\/www.europesays.com\/lv\/116712\/","title":{"rendered":"Eiropas Centr\u0101l\u0101 banka virza digit\u0101l\u0101 eiro ievie\u0161anu"},"content":{"rendered":"<p class=\"descr\">It\u0101lijas Centr\u0101l\u0101s bankas viceprezidents un Eiropas Centr\u0101l\u0101s bankas valdes loceklis Pjero \u010cipolone Sp\u0101nijas laikrakstam \u201cEl Pais\u201d sac\u012bja, ka Eiropai ir j\u0101izveido maks\u0101jumu sist\u0113ma, kas ir piln\u012bb\u0101 t\u0101s kontrol\u0113.<\/p>\n<p>P\u0113c vi\u0146a teikt\u0101, ekonomikas un tehnolo\u0123iju militariz\u0101cija pieaug un tai nepiecie\u0161ama aizsardz\u012bba paaugstin\u0101tas \u0123eopolitisk\u0101s spriedzes apst\u0101k\u013cos. Vi\u0146\u0161 uzsv\u0113ra, ka Eiropai ir nepiecie\u0161ama <a href=\"https:\/\/nra.lv\/pasaule\/505570-kas-ir-digitalais-eiro-ecb-jaunas-valutas-ieviesana.htm\" data-item-link=\"true\" data-item-id=\"505570\" rel=\"nofollow noopener\" target=\"_blank\">maks\u0101jumu infrastrukt\u016bra, kas piln\u012bb\u0101 balst\u012bta uz Eiropas tehnolo\u0123ij\u0101m.<\/a><\/p>\n<p>&#8220;Mums ir nepiecie\u0161ama sist\u0113ma, kas ir piln\u012bb\u0101 m\u016bsu kontrol\u0113,&#8221; vi\u0146\u0161 teica. &#8220;Un m\u0113s to izveidosim ar digit\u0101l\u0101 eiro pal\u012bdz\u012bbu.&#8221;<\/p>\n<p>Eiropai nav savas p\u0101rrobe\u017eu maks\u0101jumu sist\u0113mas: glob\u0101li \u0161\u012b nozare faktiski atrodas divu amerik\u0101\u0146u uz\u0146\u0113mumu &#8211; \u201cVisa\u201d un \u201cMasterCard\u201d &#8211; rok\u0101s.<\/p>\n<p>Jaut\u0101ts, vai Eiropas centr\u0101lo banku neatkar\u012bba var\u0113tu tikt apdraud\u0113ta uzbrukumu d\u0113\u013c ASV Feder\u0101lo rezervju sist\u0113mas priek\u0161s\u0113d\u0113t\u0101jam D\u017eeromam Pauelam, vi\u0146\u0161 atbild\u0113ja: &#8220;M\u0113s esam eirozonas centr\u0101l\u0101 banka, nevis ASV.&#8221;<\/p>\n<p>&#8220;M\u0113s nosak\u0101m procentu likmes, lai nodro\u0161in\u0101tu cenu stabilit\u0101ti divu procentu apm\u0113r\u0101 vid\u0113j\u0101 termi\u0146\u0101,&#8221; vi\u0146\u0161 teica. &#8220;Tas, kas notiek cit\u0101s valst\u012bs, ietekm\u0113 m\u016bs tikai tikt\u0101l, cikt\u0101l tas ietekm\u0113 infl\u0101ciju eirozon\u0101.&#8221;<\/p>\n<p>\u010cipollone sac\u012bja, ka eirozonas ekonomika ir pier\u0101d\u012bjusi notur\u012bbu, un vi\u0146\u0161 cer, ka izaugsme p\u0101rsniegs pa\u0161reiz\u0113j\u0101s prognozes.<\/p>\n<p>\t\t\t\t\t\tinfo<\/p>\n<p>Uzzini pirmais<br \/>kas interesants noticis Latvij\u0101 un pasaul\u0113,<br \/>pievienojoties mums <a href=\"https:\/\/t.me\/neatkariga\" rel=\"nofollow\">Telegram<\/a> vai <a href=\"https:\/\/whatsapp.com\/channel\/0029VaMLFUH5K3zLU5s4wm3y\" rel=\"nofollow noopener\" target=\"_blank\">Whatsapp<\/a> kan\u0101l\u0101<\/p>\n","protected":false},"excerpt":{"rendered":"It\u0101lijas Centr\u0101l\u0101s bankas viceprezidents un Eiropas Centr\u0101l\u0101s bankas valdes loceklis Pjero \u010cipolone Sp\u0101nijas laikrakstam \u201cEl Pais\u201d sac\u012bja, ka&hellip;\n","protected":false},"author":2,"featured_media":116713,"comment_status":"","ping_status":"","sticky":false,"template":"","format":"standard","meta":{"footnotes":""},"categories":[16],"tags":[77,76,35,39,38,36,37,34,40],"class_list":{"0":"post-116712","1":"post","2":"type-post","3":"status-publish","4":"format-standard","5":"has-post-thumbnail","7":"category-bizness","8":"tag-bizness","9":"tag-business","10":"tag-latvia","11":"tag-latvian","12":"tag-latviesu","13":"tag-latviesu-valoda","14":"tag-latviesuvaloda","15":"tag-latvija","16":"tag-lv"},"share_on_mastodon":{"url":"https:\/\/pubeurope.com\/@lv\/115978815601864236","error":""},"_links":{"self":[{"href":"https:\/\/www.europesays.com\/lv\/wp-json\/wp\/v2\/posts\/116712","targetHints":{"allow":["GET"]}}],"collection":[{"href":"https:\/\/www.europesays.com\/lv\/wp-json\/wp\/v2\/posts"}],"about":[{"href":"https:\/\/www.europesays.com\/lv\/wp-json\/wp\/v2\/types\/post"}],"author":[{"embeddable":true,"href":"https:\/\/www.europesays.com\/lv\/wp-json\/wp\/v2\/users\/2"}],"replies":[{"embeddable":true,"href":"https:\/\/www.europesays.com\/lv\/wp-json\/wp\/v2\/comments?post=116712"}],"version-history":[{"count":0,"href":"https:\/\/www.europesays.com\/lv\/wp-json\/wp\/v2\/posts\/116712\/revisions"}],"wp:featuredmedia":[{"embeddable":true,"href":"https:\/\/www.europesays.com\/lv\/wp-json\/wp\/v2\/media\/116713"}],"wp:attachment":[{"href":"https:\/\/www.europesays.com\/lv\/wp-json\/wp\/v2\/media?parent=116712"}],"wp:term":[{"taxonomy":"category","embeddable":true,"href":"https:\/\/www.europesays.com\/lv\/wp-json\/wp\/v2\/categories?post=116712"},{"taxonomy":"post_tag","embeddable":true,"href":"https:\/\/www.europesays.com\/lv\/wp-json\/wp\/v2\/tags?post=116712"}],"curies":[{"name":"wp","href":"https:\/\/api.w.org\/{rel}","templated":true}]}}