{"id":116716,"date":"2026-01-29T14:21:05","date_gmt":"2026-01-29T14:21:05","guid":{"rendered":"https:\/\/www.europesays.com\/lv\/116716\/"},"modified":"2026-01-29T14:21:05","modified_gmt":"2026-01-29T14:21:05","slug":"vai-esi-starp-latvijas-atrakajiem-skrejejiem-rimi-rigas-maratons","status":"publish","type":"post","link":"https:\/\/www.europesays.com\/lv\/116716\/","title":{"rendered":"Vai esi starp Latvijas \u0101tr\u0101kajiem skr\u0113j\u0113jiem? \u2014 Rimi R\u012bgas maratons"},"content":{"rendered":"<p>        29. janv\u0101ris, 2026\n      <\/p>\n<p>\u0160ogad Latvijas elites programma iedal\u012bta div\u0101s kategorij\u0101s \u2013 A un B.<\/p>\n<p>\u00a0<\/p>\n<p>A kategorijas krit\u0113riju izpilde nodro\u0161in\u0101s skr\u0113j\u0113jiem gan bezmaksas dal\u012bbu, gan startu no elites koridora.<\/p>\n<p>\u00a0<\/p>\n<p>B kategorijas normat\u012bvu izpilde skr\u0113j\u0113jus no dal\u012bbas maksas neatbr\u012bvos, ta\u010du garant\u0113s iesp\u0113ju start\u0113t no elites koridora, dodot iesp\u0113ju pac\u012bn\u012bties par augst\u0101k\u0101m viet\u0101m.<\/p>\n<p>                          <img class=\"lazy\" alt=\"Vai esi starp Latvijas &#x101;tr&#x101;kajiem skr&#x113;j&#x113;jiem?\"\/><\/p>\n<p>Latvijas elites programma paredz\u0113ta skr\u0113j\u0113jiem, kuri attiec\u012bgaj\u0101 distanc\u0113 izpild\u012bju\u0161i kvalifik\u0101cijas normat\u012bvus laika posm\u0101 no 2024. gada 1. janv\u0101ra l\u012bdz 2026. gada 31. Martam.<\/p>\n<p>Programma tiek organiz\u0113ta ar Latvijas Vieglatl\u0113tikas savien\u012bbas atbalstu un uz\u0146em\u0161anai programm\u0101 tiks izskat\u012bti visi sportistu pieteikumi, kuri izpild\u012bju\u0161i kvalifik\u0101cijas normat\u012bvus jebkur\u0101 no cit\u0101m Rimi R\u012bgas maratona distanc\u0113m.<\/p>\n<p>Lai sa\u0146emtu iesp\u0113ju piedal\u012bties Latvijas elites skr\u0113j\u0113ju programm\u0101, aicin\u0101m aizpild\u012bt pieteikuma anketu l\u012bdz 2026. gada 31.martam!<\/p>\n","protected":false},"excerpt":{"rendered":"29. janv\u0101ris, 2026 \u0160ogad Latvijas elites programma iedal\u012bta div\u0101s kategorij\u0101s \u2013 A un B. \u00a0 A kategorijas krit\u0113riju&hellip;\n","protected":false},"author":2,"featured_media":116717,"comment_status":"","ping_status":"","sticky":false,"template":"","format":"standard","meta":{"footnotes":""},"categories":[17],"tags":[35,39,38,36,37,34,40,67],"class_list":{"0":"post-116716","1":"post","2":"type-post","3":"status-publish","4":"format-standard","5":"has-post-thumbnail","7":"category-sports","8":"tag-latvia","9":"tag-latvian","10":"tag-latviesu","11":"tag-latviesu-valoda","12":"tag-latviesuvaloda","13":"tag-latvija","14":"tag-lv","15":"tag-sports"},"share_on_mastodon":{"url":"https:\/\/pubeurope.com\/@lv\/115978835286712246","error":""},"_links":{"self":[{"href":"https:\/\/www.europesays.com\/lv\/wp-json\/wp\/v2\/posts\/116716","targetHints":{"allow":["GET"]}}],"collection":[{"href":"https:\/\/www.europesays.com\/lv\/wp-json\/wp\/v2\/posts"}],"about":[{"href":"https:\/\/www.europesays.com\/lv\/wp-json\/wp\/v2\/types\/post"}],"author":[{"embeddable":true,"href":"https:\/\/www.europesays.com\/lv\/wp-json\/wp\/v2\/users\/2"}],"replies":[{"embeddable":true,"href":"https:\/\/www.europesays.com\/lv\/wp-json\/wp\/v2\/comments?post=116716"}],"version-history":[{"count":0,"href":"https:\/\/www.europesays.com\/lv\/wp-json\/wp\/v2\/posts\/116716\/revisions"}],"wp:featuredmedia":[{"embeddable":true,"href":"https:\/\/www.europesays.com\/lv\/wp-json\/wp\/v2\/media\/116717"}],"wp:attachment":[{"href":"https:\/\/www.europesays.com\/lv\/wp-json\/wp\/v2\/media?parent=116716"}],"wp:term":[{"taxonomy":"category","embeddable":true,"href":"https:\/\/www.europesays.com\/lv\/wp-json\/wp\/v2\/categories?post=116716"},{"taxonomy":"post_tag","embeddable":true,"href":"https:\/\/www.europesays.com\/lv\/wp-json\/wp\/v2\/tags?post=116716"}],"curies":[{"name":"wp","href":"https:\/\/api.w.org\/{rel}","templated":true}]}}