{"id":116720,"date":"2026-01-29T14:24:07","date_gmt":"2026-01-29T14:24:07","guid":{"rendered":"https:\/\/www.europesays.com\/lv\/116720\/"},"modified":"2026-01-29T14:24:07","modified_gmt":"2026-01-29T14:24:07","slug":"evika-silina-par-militaro-apdraudejumu","status":"publish","type":"post","link":"https:\/\/www.europesays.com\/lv\/116720\/","title":{"rendered":"Evika Sili\u0146a par milit\u0101ro apdraud\u0113jumu"},"content":{"rendered":"<p class=\"descr\">Latvija \u0161obr\u012bd ir dro\u0161\u012bb\u0101 un tie\u0161a milit\u0101r\u0101 apdraud\u0113juma l\u012bmenis ir zems, ceturtdien Saeim\u0101 \u0101rlietu debat\u0113s uzsv\u0113ra Ministru prezidente Evika Sili\u0146a (JV).<\/p>\n<p>Vi\u0146a uzsv\u0113ra, ka Latvija ir daudz ieguld\u012bjusi un paveikusi valsts iek\u0161\u0113j\u0101s un \u0101r\u0113j\u0101s dro\u0161\u012bbas stiprin\u0101\u0161an\u0101. Vi\u0146a atg\u0101din\u0101ja, ka \u0161ogad pirmo reizi Latvijas aizsardz\u012bbas bud\u017eets ir 5% no iek\u0161zemes kopprodukta.<\/p>\n<p>Vi\u0146a pauda, ka \u0161obr\u012bd Latvijas dro\u0161\u012bbai tie\u0161a milit\u0101ra apdraud\u0113juma l\u012bmenis ir zems, bet vienlaikus esam modri par Krievijas un Baltkrievijas hibr\u012bdo apdraud\u0113jumu, jo centieni izmantot neleg\u0101lo migr\u0101ciju arvien turpin\u0101s. P\u0113rn kopum\u0101 Valsts robe\u017esardze nov\u0113rsa vair\u0101k nek\u0101 12 000 cilv\u0113ku m\u0113\u0123in\u0101jumus nelikum\u012bgi \u0161\u0137\u0113rsot Baltkrievijas-Latvijas robe\u017eu.<\/p>\n<p>T\u0101d\u0113\u013c, k\u0101 apgalvoja <a href=\"https:\/\/nra.lv\/birka\/evika-silina\/\" target=\"_blank\" rel=\"noopener nofollow\">Sili\u0146a<\/a>, neuz\u0146ems nevienu patv\u0113ruma mekl\u0113t\u0101ju solidarit\u0101tes meh\u0101nisma ietvaros un ar\u012b nepl\u0101no maks\u0101t cit\u0101m valst\u012bm.<\/p>\n<p>Jau zi\u0146ots, ka Latvija gatava solidarit\u0101tes meh\u0101nism\u0101 piedal\u012bties tikai ar alternat\u012bviem atbalsta pas\u0101kumiem, kas ir dal\u012bbvalsts atbalsts, sniedzot savu ekspertu zin\u0101\u0161anas vai dal\u012bbu, vai ar\u012b sniedzot tehnisko atbalstu.<\/p>\n<p>Premjere sav\u0101 uzrun\u0101 izc\u0113la, ka \u0161obr\u012bd tiek str\u0101d\u0101ts pie sadarb\u012bbas ar vienu no liel\u0101kajiem pasaules milit\u0101rajiem ra\u017eot\u0101jiem &#8220;Rheinmetall&#8221; artil\u0113rijas mun\u012bcijas ra\u017eotnes izveid\u0113. Latvij\u0101 top ne tikai jauni un tehnolo\u0123iski moderni uz\u0146\u0113mumi dronu un pretdronu, bet ar\u012b elektronisk\u0101s karadarb\u012bbas jom\u0101, vi\u0146a nor\u0101d\u012bja.<\/p>\n<p>\t\t\t\t\t\tinfo<\/p>\n<p>Uzzini pirmais<br \/>kas interesants noticis Latvij\u0101 un pasaul\u0113,<br \/>pievienojoties mums <a href=\"https:\/\/t.me\/neatkariga\" rel=\"nofollow\">Telegram<\/a> vai <a href=\"https:\/\/whatsapp.com\/channel\/0029VaMLFUH5K3zLU5s4wm3y\" rel=\"nofollow noopener\" target=\"_blank\">Whatsapp<\/a> kan\u0101l\u0101<\/p>\n","protected":false},"excerpt":{"rendered":"Latvija \u0161obr\u012bd ir dro\u0161\u012bb\u0101 un tie\u0161a milit\u0101r\u0101 apdraud\u0113juma l\u012bmenis ir zems, ceturtdien Saeim\u0101 \u0101rlietu debat\u0113s uzsv\u0113ra Ministru prezidente&hellip;\n","protected":false},"author":2,"featured_media":116721,"comment_status":"","ping_status":"","sticky":false,"template":"","format":"standard","meta":{"footnotes":""},"categories":[12],"tags":[23,28,29,32,33,22,30,31,35,39,38,36,37,34,40,20,26,27,24,25,21],"class_list":{"0":"post-116720","1":"post","2":"type-post","3":"status-publish","4":"format-standard","5":"has-post-thumbnail","7":"category-latvija","8":"tag-aktualitates","9":"tag-breaking-news","10":"tag-breakingnews","11":"tag-featured-news","12":"tag-featurednews","13":"tag-headlines","14":"tag-latest-news","15":"tag-latestnews","16":"tag-latvia","17":"tag-latvian","18":"tag-latviesu","19":"tag-latviesu-valoda","20":"tag-latviesuvaloda","21":"tag-latvija","22":"tag-lv","23":"tag-news","24":"tag-popularakas-zinas","25":"tag-popularakaszinas","26":"tag-top-stories","27":"tag-topstories","28":"tag-zinas"},"share_on_mastodon":{"url":"https:\/\/pubeurope.com\/@lv\/115978847138186258","error":""},"_links":{"self":[{"href":"https:\/\/www.europesays.com\/lv\/wp-json\/wp\/v2\/posts\/116720","targetHints":{"allow":["GET"]}}],"collection":[{"href":"https:\/\/www.europesays.com\/lv\/wp-json\/wp\/v2\/posts"}],"about":[{"href":"https:\/\/www.europesays.com\/lv\/wp-json\/wp\/v2\/types\/post"}],"author":[{"embeddable":true,"href":"https:\/\/www.europesays.com\/lv\/wp-json\/wp\/v2\/users\/2"}],"replies":[{"embeddable":true,"href":"https:\/\/www.europesays.com\/lv\/wp-json\/wp\/v2\/comments?post=116720"}],"version-history":[{"count":0,"href":"https:\/\/www.europesays.com\/lv\/wp-json\/wp\/v2\/posts\/116720\/revisions"}],"wp:featuredmedia":[{"embeddable":true,"href":"https:\/\/www.europesays.com\/lv\/wp-json\/wp\/v2\/media\/116721"}],"wp:attachment":[{"href":"https:\/\/www.europesays.com\/lv\/wp-json\/wp\/v2\/media?parent=116720"}],"wp:term":[{"taxonomy":"category","embeddable":true,"href":"https:\/\/www.europesays.com\/lv\/wp-json\/wp\/v2\/categories?post=116720"},{"taxonomy":"post_tag","embeddable":true,"href":"https:\/\/www.europesays.com\/lv\/wp-json\/wp\/v2\/tags?post=116720"}],"curies":[{"name":"wp","href":"https:\/\/api.w.org\/{rel}","templated":true}]}}