{"id":116727,"date":"2026-01-29T14:31:09","date_gmt":"2026-01-29T14:31:09","guid":{"rendered":"https:\/\/www.europesays.com\/lv\/116727\/"},"modified":"2026-01-29T14:31:09","modified_gmt":"2026-01-29T14:31:09","slug":"decembri-mazumtirdzniecibas-apgrozijums-pieaudzis-par-08","status":"publish","type":"post","link":"https:\/\/www.europesays.com\/lv\/116727\/","title":{"rendered":"Decembr\u012b mazumtirdzniec\u012bbas apgroz\u012bjums pieaudzis par 0,8 %"},"content":{"rendered":"<p>2025.gada decembr\u012b, sal\u012bdzinot ar 2024.gada decembri, mazumtirdzniec\u012bbas apgroz\u012bjums pieauga par 0,8\u00a0%, liecina Centr\u0101l\u0101s statistikas p\u0101rvaldes (CSP) apkopotie kalend\u0101ri kori\u0123\u0113tie dati sal\u012bdzin\u0101maj\u0101s cen\u0101s. P\u0101rtikas pre\u010du mazumtirdzniec\u012bba pieauga par 0,2\u00a0%. Nep\u0101rtikas pre\u010du mazumtirdzniec\u012bbas apjoms, neieskaitot autodegvielas mazumtirdzniec\u012bbu, palielin\u0101j\u0101s par 1,2\u00a0%, autodegvielas \u2013 palielin\u0101j\u0101s par\u00a00,6\u00a0%.<\/p>\n<p>Sal\u012bdzinot ar 2024.\u00a0gada decembri, b\u016btisk\u0101kais apgroz\u012bjuma k\u0101pums bija farmaceitisko un medic\u012bnisko pre\u010du mazumtirdzniec\u012bb\u0101 (par 13,2\u00a0%), m\u0101jsaimniec\u012bbas elektroier\u012b\u010du mazumtirdzniec\u012bb\u0101 (par 8,0\u00a0%) un inform\u0101cijas un komunik\u0101ciju tehnolo\u0123iju iek\u0101rtu mazumtirdzniec\u012bb\u0101 specializ\u0113tajos veikalos (par 6,8\u00a0%).<\/p>\n<p>Apgroz\u012bjuma kritums bija kult\u016bras pre\u010du un atp\u016btai paredz\u0113to pre\u010du mazumtirdzniec\u012bb\u0101 (par 9,0\u00a0%), ap\u0123\u0113rbu, apavu un \u0101das izstr\u0101d\u0101jumu mazumtirdzniec\u012bb\u0101 (par 7,1\u00a0%) un met\u0101lizstr\u0101d\u0101jumu, instrumentu, b\u016bvmateri\u0101lu un santehnikas mazumtirdzniec\u012bb\u0101 (par 3,6\u00a0%).<\/p>\n<p>Mazumtirdzniec\u012bbas kop\u0113jais apgroz\u012bjums faktiskaj\u0101s cen\u0101s, ne\u0146emot v\u0113r\u0101 kalend\u0101ra dienu ietekmi, pieauga par 3,2\u00a0%, inform\u0113ja CSP.<\/p>\n<p>Pag\u0101ju\u0161\u0101\u00a0gada decembr\u012b, sal\u012bdzinot ar novembri,\u00a0p\u0113c sezon\u0101li kori\u0123\u0113tiem datiem sal\u012bdzin\u0101maj\u0101s cen\u0101s mazumtirdzniec\u012bbas apgroz\u012bjums samazin\u0101j\u0101s par 0,8\u00a0%. P\u0101rtikas pre\u010du mazumtirdzniec\u012bba samazin\u0101j\u0101s par 0,6\u00a0%. Nep\u0101rtikas pre\u010du mazumtirdzniec\u012bbas apjoms, neieskaitot autodegvielas mazumtirdzniec\u012bbu, samazin\u0101j\u0101s par 1,0\u00a0%, autodegvielas mazumtirdzniec\u012bba samazin\u0101j\u0101s par 0,7\u00a0%.<\/p>\n<p>Visliel\u0101kais apgroz\u012bjuma kritums bija mazumtirdzniec\u012bb\u0101 pa pastu vai interneta veikalos (par 5,8\u00a0%), inform\u0101cijas un komunik\u0101ciju tehnolo\u0123iju iek\u0101rtu mazumtirdzniec\u012bb\u0101 specializ\u0113tajos veikalos (par 3,2\u00a0%) un nespecializ\u0113tajos veikalos, kur p\u0101rsvar\u0101 p\u0101rdod nep\u0101rtikas preces (par 2,4\u00a0%).<\/p>\n<p>Ddecembr\u012b, sal\u012bdzinot ar novembri, mazumtirdzniec\u012bbas kop\u0113jais apgroz\u012bjums faktiskaj\u0101s cen\u0101s, ne\u0146emot v\u0113r\u0101 sezonalit\u0101ti, pieauga par 12,3\u00a0%.<\/p>\n<p>P\u0113c CSP datiem, 2025.gad\u0101, sal\u012bdzinot ar 2024.gadu,\u00a0p\u0113c kalend\u0101ri kori\u0123\u0113tiem datiem sal\u012bdzin\u0101maj\u0101s cen\u0101s\u00a0mazumtirdzniec\u012bbas apgroz\u012bjums palielin\u0101jies par 1,5 %.\u00a0P\u0101rtikas pre\u010du mazumtirdzniec\u012bba samazin\u0101j\u0101s par\u00a01,8\u00a0%. Nep\u0101rtikas pre\u010du mazumtirdzniec\u012bbas apjoms, neieskaitot autodegvielas mazumtirdzniec\u012bbu, palielin\u0101jies par\u00a04,1 %, autodegviela palielin\u0101j\u0101s par\u00a00,4\u00a0%.<\/p>\n","protected":false},"excerpt":{"rendered":"2025.gada decembr\u012b, sal\u012bdzinot ar 2024.gada decembri, mazumtirdzniec\u012bbas apgroz\u012bjums pieauga par 0,8\u00a0%, liecina Centr\u0101l\u0101s statistikas p\u0101rvaldes (CSP) apkopotie kalend\u0101ri&hellip;\n","protected":false},"author":2,"featured_media":116728,"comment_status":"","ping_status":"","sticky":false,"template":"","format":"standard","meta":{"footnotes":""},"categories":[5],"tags":[23,28,29,47,32,33,22,381,64,30,31,35,39,38,36,37,34,40,20,385,26,27,172,382,384,383,24,25,21],"class_list":{"0":"post-116727","1":"post","2":"type-post","3":"status-publish","4":"format-standard","5":"has-post-thumbnail","7":"category-aktualitates","8":"tag-aktualitates","9":"tag-breaking-news","10":"tag-breakingnews","11":"tag-ekonomika","12":"tag-featured-news","13":"tag-featurednews","14":"tag-headlines","15":"tag-jaunumi","16":"tag-kultura","17":"tag-latest-news","18":"tag-latestnews","19":"tag-latvia","20":"tag-latvian","21":"tag-latviesu","22":"tag-latviesu-valoda","23":"tag-latviesuvaloda","24":"tag-latvija","25":"tag-lv","26":"tag-news","27":"tag-pieriga","28":"tag-popularakas-zinas","29":"tag-popularakaszinas","30":"tag-riga","31":"tag-sabiedriba","32":"tag-sludinajumi","33":"tag-sports-afisa","34":"tag-top-stories","35":"tag-topstories","36":"tag-zinas"},"share_on_mastodon":{"url":"https:\/\/pubeurope.com\/@lv\/115978874570119485","error":""},"_links":{"self":[{"href":"https:\/\/www.europesays.com\/lv\/wp-json\/wp\/v2\/posts\/116727","targetHints":{"allow":["GET"]}}],"collection":[{"href":"https:\/\/www.europesays.com\/lv\/wp-json\/wp\/v2\/posts"}],"about":[{"href":"https:\/\/www.europesays.com\/lv\/wp-json\/wp\/v2\/types\/post"}],"author":[{"embeddable":true,"href":"https:\/\/www.europesays.com\/lv\/wp-json\/wp\/v2\/users\/2"}],"replies":[{"embeddable":true,"href":"https:\/\/www.europesays.com\/lv\/wp-json\/wp\/v2\/comments?post=116727"}],"version-history":[{"count":0,"href":"https:\/\/www.europesays.com\/lv\/wp-json\/wp\/v2\/posts\/116727\/revisions"}],"wp:featuredmedia":[{"embeddable":true,"href":"https:\/\/www.europesays.com\/lv\/wp-json\/wp\/v2\/media\/116728"}],"wp:attachment":[{"href":"https:\/\/www.europesays.com\/lv\/wp-json\/wp\/v2\/media?parent=116727"}],"wp:term":[{"taxonomy":"category","embeddable":true,"href":"https:\/\/www.europesays.com\/lv\/wp-json\/wp\/v2\/categories?post=116727"},{"taxonomy":"post_tag","embeddable":true,"href":"https:\/\/www.europesays.com\/lv\/wp-json\/wp\/v2\/tags?post=116727"}],"curies":[{"name":"wp","href":"https:\/\/api.w.org\/{rel}","templated":true}]}}