{"id":116732,"date":"2026-01-29T14:35:09","date_gmt":"2026-01-29T14:35:09","guid":{"rendered":"https:\/\/www.europesays.com\/lv\/116732\/"},"modified":"2026-01-29T14:35:09","modified_gmt":"2026-01-29T14:35:09","slug":"kremla-kara-masina-sak-bukset-krievija-nonakusi-sarezgitas-un-atras-izveles-prieksa-variantu-nav","status":"publish","type":"post","link":"https:\/\/www.europesays.com\/lv\/116732\/","title":{"rendered":"Krem\u013ca kara ma\u0161\u012bna s\u0101k buks\u0113t \u2013 Krievija non\u0101kusi sare\u017e\u0123\u012btas un \u0101tras izv\u0113les priek\u0161\u0101, variantu nav"},"content":{"rendered":"<p>    <img decoding=\"async\" src=\"https:\/\/www.europesays.com\/lv\/wp-content\/uploads\/2025\/12\/za7ie3sljqc-1024x683.jpg\" alt=\"&#10;Vladimirs Putins&#10;\"\/><\/p>\n<p>Vladimirs Putins<\/p>\n<p>Foto. Scanpix\/Sergei Bobylev, Sputnik, Kremlin Pool Photo via AP\n<\/p>\n<p>14:07, 29. janv\u0101ris 2026<\/p>\n<p>Krievijas aizsardz\u012bbas nozare \u0161ogad var piedz\u012bvot strauju izaugsmes pal\u0113nin\u0101\u0161anos. Kremlis arvien vair\u0101k koncentr\u0113jas uz ekonomisk\u0101s stabilit\u0101tes un fisk\u0101l\u0101 l\u012bdzsvara saglab\u0101\u0161anu, nevis milit\u0101ro izdevumu turpm\u0101ku k\u0101pin\u0101\u0161anu karam Ukrain\u0101.<\/p>\n<p>        Las\u012bt\u0101kie<br \/>\n        <a data-imagesrc=\"{&quot;300&quot;:&quot;https:\\\/\\\/lastatic.ams3.cdn.digitaloceanspaces.com\\\/2024\\\/07\\\/fi_c0miksaq-300x200.jpg&quot;,&quot;1024&quot;:&quot;https:\\\/\\\/lastatic.ams3.cdn.digitaloceanspaces.com\\\/2024\\\/07\\\/fi_c0miksaq-1024x683.jpg&quot;,&quot;768&quot;:&quot;https:\\\/\\\/lastatic.ams3.cdn.digitaloceanspaces.com\\\/2024\\\/07\\\/fi_c0miksaq-768x512.jpg&quot;,&quot;1536&quot;:&quot;https:\\\/\\\/lastatic.ams3.cdn.digitaloceanspaces.com\\\/2024\\\/07\\\/fi_c0miksaq-1536x1024.jpg&quot;,&quot;2048&quot;:&quot;https:\\\/\\\/lastatic.ams3.cdn.digitaloceanspaces.com\\\/2024\\\/07\\\/fi_c0miksaq-2048x1365.jpg&quot;,&quot;200&quot;:&quot;https:\\\/\\\/lastatic.ams3.cdn.digitaloceanspaces.com\\\/2024\\\/07\\\/fi_c0miksaq-200x133.jpg&quot;,&quot;400&quot;:&quot;https:\\\/\\\/lastatic.ams3.cdn.digitaloceanspaces.com\\\/2024\\\/07\\\/fi_c0miksaq-400x267.jpg&quot;,&quot;500&quot;:&quot;https:\\\/\\\/lastatic.ams3.cdn.digitaloceanspaces.com\\\/2024\\\/07\\\/fi_c0miksaq-500x333.jpg&quot;,&quot;800&quot;:&quot;https:\\\/\\\/lastatic.ams3.cdn.digitaloceanspaces.com\\\/2024\\\/07\\\/fi_c0miksaq-800x533.jpg&quot;,&quot;1000&quot;:&quot;https:\\\/\\\/lastatic.ams3.cdn.digitaloceanspaces.com\\\/2024\\\/07\\\/fi_c0miksaq-1000x667.jpg&quot;,&quot;2560&quot;:&quot;https:\\\/\\\/lastatic.ams3.cdn.digitaloceanspaces.com\\\/2024\\\/07\\\/fi_c0miksaq-scaled.jpg&quot;}\" data-focuspoint=\"&quot;&quot;\" data-p=\"2500900\" href=\"https:\/\/www.la.lv\/un-es-nejokoju-opozicionars-atklaj-negaiditu-versiju-par-putina-pecteci\" class=\"content-item lazy-load\" wp_automatic_readability=\"26\" rel=\"nofollow noopener\" target=\"_blank\"><\/p>\n<p>                                <img decoding=\"async\" src=\"\" alt=\"\" style=\"\" data-imageid=\"\"\/><\/p>\n<p>                                            \u201cUn es nejokoju!\u201d Opozicion\u0101rs atkl\u0101j negaid\u012btu versiju par Putina p\u0113cteci\n                            <\/p>\n<p><\/a><a data-imagesrc=\"{&quot;300&quot;:&quot;https:\\\/\\\/lastatic.ams3.cdn.digitaloceanspaces.com\\\/2026\\\/01\\\/pexels-laura-lumimaa-1119727985-20836989-300x200.jpg&quot;,&quot;1024&quot;:&quot;https:\\\/\\\/lastatic.ams3.cdn.digitaloceanspaces.com\\\/2026\\\/01\\\/pexels-laura-lumimaa-1119727985-20836989-1024x683.jpg&quot;,&quot;1536&quot;:&quot;https:\\\/\\\/lastatic.ams3.cdn.digitaloceanspaces.com\\\/2026\\\/01\\\/pexels-laura-lumimaa-1119727985-20836989-1536x1024.jpg&quot;,&quot;500&quot;:&quot;https:\\\/\\\/lastatic.ams3.cdn.digitaloceanspaces.com\\\/2026\\\/01\\\/pexels-laura-lumimaa-1119727985-20836989-500x333.jpg&quot;,&quot;800&quot;:&quot;https:\\\/\\\/lastatic.ams3.cdn.digitaloceanspaces.com\\\/2026\\\/01\\\/pexels-laura-lumimaa-1119727985-20836989-800x533.jpg&quot;,&quot;2560&quot;:&quot;https:\\\/\\\/lastatic.ams3.cdn.digitaloceanspaces.com\\\/2026\\\/01\\\/pexels-laura-lumimaa-1119727985-20836989-scaled.jpg&quot;}\" data-focuspoint=\"&quot;&quot;\" data-p=\"2502146\" href=\"https:\/\/www.la.lv\/ziemas-mokas-ir-smagas-5-zodiaka-zimes-kas-aukstumu-necies-ne-acu-gala\" class=\"content-item lazy-load\" wp_automatic_readability=\"26.5\" rel=\"nofollow noopener\" target=\"_blank\"><\/p>\n<p>                                <img decoding=\"async\" src=\"\" alt=\"\" style=\"\" data-imageid=\"\"\/><\/p>\n<p>                                Kokteilis<\/p>\n<p>\n                                                Ziemas mokas ir smagas. 5 zodiaka z\u012bmes, kas aukstumu necie\u0161 ne acu gal\u0101\n                            <\/p>\n<p><\/a><a data-imagesrc=\"{&quot;300&quot;:&quot;https:\\\/\\\/lastatic.ams3.cdn.digitaloceanspaces.com\\\/2019\\\/06\\\/attractive-beautiful-cheerful-15366191-300x200.jpg&quot;,&quot;768&quot;:&quot;https:\\\/\\\/lastatic.ams3.cdn.digitaloceanspaces.com\\\/2019\\\/06\\\/attractive-beautiful-cheerful-15366191-768x512.jpg&quot;,&quot;200&quot;:&quot;https:\\\/\\\/lastatic.ams3.cdn.digitaloceanspaces.com\\\/2019\\\/06\\\/attractive-beautiful-cheerful-15366191-200x133.jpg&quot;,&quot;400&quot;:&quot;https:\\\/\\\/lastatic.ams3.cdn.digitaloceanspaces.com\\\/2019\\\/06\\\/attractive-beautiful-cheerful-15366191-400x267.jpg&quot;,&quot;500&quot;:&quot;https:\\\/\\\/lastatic.ams3.cdn.digitaloceanspaces.com\\\/2019\\\/06\\\/attractive-beautiful-cheerful-15366191-500x333.jpg&quot;,&quot;800&quot;:&quot;https:\\\/\\\/lastatic.ams3.cdn.digitaloceanspaces.com\\\/2019\\\/06\\\/attractive-beautiful-cheerful-15366191-800x533.jpg&quot;,&quot;900&quot;:&quot;https:\\\/\\\/lastatic.ams3.cdn.digitaloceanspaces.com\\\/2019\\\/06\\\/attractive-beautiful-cheerful-15366191.jpg&quot;}\" data-focuspoint=\"&quot;&quot;\" data-p=\"2501980\" href=\"https:\/\/www.la.lv\/janvari-dzimusos-vislabak-raksturo-vards-speks-bet-marta-lidzjutiba-luk-ko-par-jums-atklaj-jusu-dzimsanas-menesis\" class=\"content-item lazy-load\" wp_automatic_readability=\"27.5\" rel=\"nofollow noopener\" target=\"_blank\"><\/p>\n<p>                                <img decoding=\"async\" src=\"\" alt=\"\" style=\"\" data-imageid=\"\"\/><\/p>\n<p>                                Kokteilis<\/p>\n<p>\n                                                Janv\u0101r\u012b dzimu\u0161os vislab\u0101k raksturo v\u0101rds \u201csp\u0113ks\u201d, bet mart\u0101 \u2013 \u201cl\u012bdzj\u016bt\u012bba\u201d. L\u016bk, ko par jums atkl\u0101j j\u016bsu dzim\u0161anas m\u0113nesis\n                            <\/p>\n<p><\/a><br \/>\n        <a class=\"read-more\" href=\"https:\/\/www.la.lv\/top\" rel=\"nofollow noopener\" target=\"_blank\">Las\u012bt citas zi\u0146as<\/a><\/p>\n<p>Saska\u0146\u0101 ar Bloomberg  un Krievijas Ekonomikas ministrijas tr\u012bs gadu prognozi, ar valsts aizsardz\u012bbas pas\u016bt\u012bjumiem saist\u012bt\u0101s nozares 2026. gad\u0101 augs vien par 4\u20135%, sal\u012bdzinot ar aptuveni 30% gad\u0101 iepriek\u0161\u0113jos gados. Tas liecina par iero\u010du ra\u017eo\u0161anas tempa b\u016btisku kritumu pirmo reizi kop\u0161 pilna m\u0113roga iebrukuma Ukrain\u0101.<\/p>\n<p>Aizsardz\u012bba joproj\u0101m ir liel\u0101kais atsevi\u0161\u0137ais bud\u017eeta postenis, ta\u010du \u0161ogad tie\u0161i milit\u0101rie izdevumi ir vien\u012bg\u0101 poz\u012bcija, kas tiek samazin\u0101ta. Kopum\u0101 ar karu saist\u012btie t\u0113ri\u0146i var\u0113tu sarukt par gandr\u012bz 11%, p\u0113c vair\u0101k nek\u0101 30% pieauguma gadu iepriek\u0161.<\/p>\n<p>    CITI \u0160OBR\u012aD LASA<\/p>\n<p>Eksperti nor\u0101da, ka turpm\u0101ka milit\u0101ro izdevumu palielin\u0101\u0161ana, samazinoties ie\u0146\u0113mumiem, noz\u012bm\u0113tu l\u012bdzek\u013cu novirz\u012b\u0161anu no cit\u0101m priorit\u0101raj\u0101m jom\u0101m, valsts par\u0101da pieaugumu un papildu infl\u0101cijas spiedienu. Tas var\u0113tu paildzin\u0101t augsto procentu likmju periodu un v\u0113l vair\u0101k apgr\u016btin\u0101t civilo ekonomiku.<\/p>\n<p>Berl\u012bnes K\u0101rnegi centra Krievijai un Eir\u0101zijai direktors Aleksandrs Gabuevs uzsver, ka Krievija \u0161obr\u012bd atrodas krustcel\u0113s starp resursu ieguld\u012b\u0161anu kar\u0101 un pak\u0101penisku p\u0101reju uz ierobe\u017eot\u0101ku kara ekonomiku. Iz\u0161\u0137iro\u0161a b\u016bs situ\u0101cija front\u0113 un iesp\u0113jam\u0101s sarunas.<\/p>\n<p>Krievijas bud\u017eetu negat\u012bvi ietekm\u0113 kr\u012bto\u0161\u0101s naftas cenas, liel\u0101s j\u0113lnaftas atlaides, sankciju rad\u012bt\u0101s lo\u0123istikas probl\u0113mas un sp\u0113c\u012bgais rublis. Valsts bag\u0101t\u012bbas fonda likv\u012bd\u0101s rezerves tuvojas minimumam, kas nepiecie\u0161ams finan\u0161u stabilit\u0101tes uztur\u0113\u0161anai, t\u0101p\u0113c vald\u012bba arvien vair\u0101k spiesta finans\u0113t defic\u012btu ar jauniem aiz\u0146\u0113mumiem.<\/p>\n<p>Krievijas Ekonomikas ministrijas dati liecina, ka optiski elektronisk\u0101s r\u016bpniec\u012bbas izaugsme kritusies no 28% l\u012bdz 11%, milit\u0101ro transportl\u012bdzek\u013cu ra\u017eo\u0161ana pal\u0113nin\u0101jusies no 34% l\u012bdz 27%, gatavo met\u0101la izstr\u0101d\u0101jumu, tostarp iero\u010du un mun\u012bcijas, ra\u017eo\u0161ana sarukusi no 32% l\u012bdz 14%.<\/p>\n<p>Vienlaikus strauj\u0101 darbasp\u0113ka piesaiste milit\u0101raj\u0101m r\u016bpn\u012bc\u0101m \u2013 aptuveni 800 000 cilv\u0113ku tr\u012bs gadu laik\u0101 \u2013 saasin\u0101jusi darbasp\u0113ka tr\u016bkumu civilaj\u0101 sektor\u0101 un veicin\u0101jusi algu un infl\u0101cijas pieaugumu.<\/p>\n<p>Lai segtu kara izmaksas, Krievija \u0161ogad palielin\u0101jusi pat\u0113ri\u0146a nodokli no 20% l\u012bdz 22%, cerot bud\u017eet\u0101 ieg\u016bt papildu 12,3 miljardus ASV dol\u0101ru. Ta\u010du vienlaikus finan\u0161u ministra vietnieks Vladimirs Ko\u013ci\u010devs atzinis, ka ie\u0146\u0113mumi no naftas un g\u0101zes \u0161ogad var\u0113tu b\u016bt iev\u0113rojami maz\u0101ki nek\u0101 pl\u0101nots.<\/p>\n<p>T\u0113mas<\/p>\n<p>    SAIST\u012aTIE RAKSTI<\/p>\n","protected":false},"excerpt":{"rendered":"Vladimirs Putins Foto. Scanpix\/Sergei Bobylev, Sputnik, Kremlin Pool Photo via AP 14:07, 29. janv\u0101ris 2026 Krievijas aizsardz\u012bbas nozare&hellip;\n","protected":false},"author":2,"featured_media":70431,"comment_status":"","ping_status":"","sticky":false,"template":"","format":"standard","meta":{"footnotes":""},"categories":[14],"tags":[23,57,28,29,32,33,22,30,31,35,39,38,36,37,34,40,20,26,27,24,25,54,55,56,21,58],"class_list":{"0":"post-116732","1":"post","2":"type-post","3":"status-publish","4":"format-standard","5":"has-post-thumbnail","7":"category-zinas-no-arvalstim","8":"tag-aktualitates","9":"tag-arvalstim","10":"tag-breaking-news","11":"tag-breakingnews","12":"tag-featured-news","13":"tag-featurednews","14":"tag-headlines","15":"tag-latest-news","16":"tag-latestnews","17":"tag-latvia","18":"tag-latvian","19":"tag-latviesu","20":"tag-latviesu-valoda","21":"tag-latviesuvaloda","22":"tag-latvija","23":"tag-lv","24":"tag-news","25":"tag-popularakas-zinas","26":"tag-popularakaszinas","27":"tag-top-stories","28":"tag-topstories","29":"tag-world","30":"tag-world-news","31":"tag-worldnews","32":"tag-zinas","33":"tag-zinas-no-arvalstim"},"share_on_mastodon":{"url":"https:\/\/pubeurope.com\/@lv\/115978890384764317","error":""},"_links":{"self":[{"href":"https:\/\/www.europesays.com\/lv\/wp-json\/wp\/v2\/posts\/116732","targetHints":{"allow":["GET"]}}],"collection":[{"href":"https:\/\/www.europesays.com\/lv\/wp-json\/wp\/v2\/posts"}],"about":[{"href":"https:\/\/www.europesays.com\/lv\/wp-json\/wp\/v2\/types\/post"}],"author":[{"embeddable":true,"href":"https:\/\/www.europesays.com\/lv\/wp-json\/wp\/v2\/users\/2"}],"replies":[{"embeddable":true,"href":"https:\/\/www.europesays.com\/lv\/wp-json\/wp\/v2\/comments?post=116732"}],"version-history":[{"count":0,"href":"https:\/\/www.europesays.com\/lv\/wp-json\/wp\/v2\/posts\/116732\/revisions"}],"wp:featuredmedia":[{"embeddable":true,"href":"https:\/\/www.europesays.com\/lv\/wp-json\/wp\/v2\/media\/70431"}],"wp:attachment":[{"href":"https:\/\/www.europesays.com\/lv\/wp-json\/wp\/v2\/media?parent=116732"}],"wp:term":[{"taxonomy":"category","embeddable":true,"href":"https:\/\/www.europesays.com\/lv\/wp-json\/wp\/v2\/categories?post=116732"},{"taxonomy":"post_tag","embeddable":true,"href":"https:\/\/www.europesays.com\/lv\/wp-json\/wp\/v2\/tags?post=116732"}],"curies":[{"name":"wp","href":"https:\/\/api.w.org\/{rel}","templated":true}]}}