{"id":116735,"date":"2026-01-29T14:39:07","date_gmt":"2026-01-29T14:39:07","guid":{"rendered":"https:\/\/www.europesays.com\/lv\/116735\/"},"modified":"2026-01-29T14:39:07","modified_gmt":"2026-01-29T14:39:07","slug":"lielaka-revansa-cina-latvijas-vesture-izzinots-zusa-pedejais-pretinieks","status":"publish","type":"post","link":"https:\/\/www.europesays.com\/lv\/116735\/","title":{"rendered":"&#8220;Liel\u0101k\u0101 revan\u0161a c\u012b\u0146a Latvijas v\u0113stur\u0113.&#8221; Izzi\u0146ots Zu\u0161a p\u0113d\u0113jais pretinieks"},"content":{"rendered":"<p>&#8220;KOK Fights&#8221; ofici\u0101li pazi\u0146oja, ka pas\u0101kum\u0101 &#8220;KOK 128&#8221; Zutis sacent\u012bsies ar Juri Zundovski. Abi c\u012bn\u012bsies svara kategorij\u0101 l\u012bdz 95 kilogramiem p\u0113c modific\u0113tiem noteikumiem, proti, ar maz\u0101kiem cimdiem, nek\u0101 ierasts boks\u0101.<\/p>\n<p>Pirmoreiz abi tik\u0101s 2025. gada 8. febru\u0101r\u012b, kad Zundovskis \u010detru raundu ma\u010d\u0101 uzvar\u0113ja p\u0113c tiesne\u0161u l\u0113muma. Spraig\u0101s attiec\u012bbas starp sportistiem kop\u0161 \u0161\u012bs c\u012b\u0146as nav rimu\u0161as un pirms gaid\u0101m\u0101 due\u013ca sol\u0101s k\u013c\u016bt v\u0113l as\u0101kas.<\/p>\n<p>Savuk\u0101rt 2026. gada 10. janv\u0101r\u012b Zutis atzina cita naidnieka Fran\u010da Rozent\u0101la p\u0101r\u0101kumu. Uzreiz p\u0113c c\u012b\u0146as b\u016br\u012b vi\u0146\u0161 izsauca Rozent\u0101lu uz revan\u0161u, ta\u010du pretinieks par to vien pasm\u0113j\u0101s.<\/p>\n<p>Dienu v\u0113l\u0101k Zutis pazi\u0146oja, ka c\u012b\u0146as sportu vairs nesp\u0113j apvienot ar t\u0113va pien\u0101kumiem, t\u0101d\u0113\u013c gaid\u0101mais &#8220;KOK Fights&#8221; duelis b\u016bs vi\u0146a karjeras nosl\u0113dzo\u0161ais.<\/p>\n<p>Par \u0161o l\u0113mumu un d\u0113li\u0146a ien\u0101k\u0161anu sav\u0101 dz\u012bv\u0113 Zutis pla\u0161\u0101k past\u0101st\u012bja sarun\u0101 ar TVNET+.<\/p>\n<p>V\u0113l &#8220;KOK 128&#8221; gaid\u0101ms Latvijas smagsvara Artura Skabarnieka jaukt\u0101s c\u012b\u0146as m\u0101kslas (MMA) duelis ar pieredz\u0113ju\u0161o poli \u0160otu Betlemidzi.<\/p>\n","protected":false},"excerpt":{"rendered":"&#8220;KOK Fights&#8221; ofici\u0101li pazi\u0146oja, ka pas\u0101kum\u0101 &#8220;KOK 128&#8221; Zutis sacent\u012bsies ar Juri Zundovski. Abi c\u012bn\u012bsies svara kategorij\u0101 l\u012bdz&hellip;\n","protected":false},"author":2,"featured_media":116659,"comment_status":"","ping_status":"","sticky":false,"template":"","format":"standard","meta":{"footnotes":""},"categories":[17],"tags":[2153,2235,6656,35,39,38,36,37,34,40,67],"class_list":{"0":"post-116735","1":"post","2":"type-post","3":"status-publish","4":"format-standard","5":"has-post-thumbnail","7":"category-sports","8":"tag-bokss","9":"tag-cinas-sports","10":"tag-kristaps-zutis","11":"tag-latvia","12":"tag-latvian","13":"tag-latviesu","14":"tag-latviesu-valoda","15":"tag-latviesuvaloda","16":"tag-latvija","17":"tag-lv","18":"tag-sports"},"share_on_mastodon":{"url":"https:\/\/pubeurope.com\/@lv\/115978905988815615","error":""},"_links":{"self":[{"href":"https:\/\/www.europesays.com\/lv\/wp-json\/wp\/v2\/posts\/116735","targetHints":{"allow":["GET"]}}],"collection":[{"href":"https:\/\/www.europesays.com\/lv\/wp-json\/wp\/v2\/posts"}],"about":[{"href":"https:\/\/www.europesays.com\/lv\/wp-json\/wp\/v2\/types\/post"}],"author":[{"embeddable":true,"href":"https:\/\/www.europesays.com\/lv\/wp-json\/wp\/v2\/users\/2"}],"replies":[{"embeddable":true,"href":"https:\/\/www.europesays.com\/lv\/wp-json\/wp\/v2\/comments?post=116735"}],"version-history":[{"count":0,"href":"https:\/\/www.europesays.com\/lv\/wp-json\/wp\/v2\/posts\/116735\/revisions"}],"wp:featuredmedia":[{"embeddable":true,"href":"https:\/\/www.europesays.com\/lv\/wp-json\/wp\/v2\/media\/116659"}],"wp:attachment":[{"href":"https:\/\/www.europesays.com\/lv\/wp-json\/wp\/v2\/media?parent=116735"}],"wp:term":[{"taxonomy":"category","embeddable":true,"href":"https:\/\/www.europesays.com\/lv\/wp-json\/wp\/v2\/categories?post=116735"},{"taxonomy":"post_tag","embeddable":true,"href":"https:\/\/www.europesays.com\/lv\/wp-json\/wp\/v2\/tags?post=116735"}],"curies":[{"name":"wp","href":"https:\/\/api.w.org\/{rel}","templated":true}]}}