{"id":116760,"date":"2026-01-29T15:20:07","date_gmt":"2026-01-29T15:20:07","guid":{"rendered":"https:\/\/www.europesays.com\/lv\/116760\/"},"modified":"2026-01-29T15:20:07","modified_gmt":"2026-01-29T15:20:07","slug":"muzikis-marks-antonijs-gatavojas-astoto-reizi-klut-par-tevu","status":"publish","type":"post","link":"https:\/\/www.europesays.com\/lv\/116760\/","title":{"rendered":"M\u016bzi\u0137is Marks Antonijs gatavojas astoto reizi k\u013c\u016bt par t\u0113vu"},"content":{"rendered":"<p>Dzied\u0101t\u0101js un skaistumkaraliene apprec\u0113j\u0101s 2023. gad\u0101, r\u012bkojot greznas k\u0101zas, ko apmekl\u0113ja Viktorija un Deivids Bekhemi, Selma Haijeka, Luiss Fonsi, bet k\u0101zu vad\u012bt\u0101ja \u0101d\u0101 iejut\u0101s Maiami m\u0113rs.<\/p>\n<p>Pusgadu p\u0113c k\u0101z\u0101m piedzima p\u0101ra pirmais b\u0113rns, nu vi\u0146i gaida papildin\u0101jumu.<\/p>\n<blockquote class=\"instagram-media\" style=\"background: #FFF; border: 0; border-radius: 3px; box-shadow: 0 0 1px 0 rgba(0,0,0,0.5),0 1px 10px 0 rgba(0,0,0,0.15); margin: 1px; max-width: 540px; min-width: 326px; padding: 0; width: calc(100% - 2px);\" data-instgrm-captioned=\"\" data-instgrm-permalink=\"https:\/\/www.instagram.com\/p\/DUDv4zCjhLt\/?utm_source=ig_embed&amp;utm_campaign=loading\" data-instgrm-version=\"14\">\n<\/blockquote>\n<p>Citas sievietes Markam ir d\u0101v\u0101ju\u0161as se\u0161us b\u0113rnus Debija Rosado d\u0101v\u0101ja m\u016bzi\u0137im 31 gada veco Arianu un 28 gadus veco \u010ceisu, v\u0113l\u0101k pirm\u0101 sieva Daianara Toresa d\u0101v\u0101ja m\u0101ksliniekam 24 gadus veco Kristi\u0101nu un 22 gadus veco Raienu, otr\u0101 sieva D\u017eenifera Lopesa ir m\u0101ta 17 gadus vecajiem dv\u012b\u0146iem Emmai un Maksam.<\/p>\n<p>\u201cUsWeekly\u201d raksta, ka m\u016bzi\u0137is ne reizi vien no\u017e\u0113lojis, ka nav gana daudz uzman\u012bbas velt\u012bjis saviem vec\u0101kajiem b\u0113rniem. Lielu prieku Markam sag\u0101d\u0101, ka vi\u0146a vien\u012bg\u0101 meita Emma iet vi\u0146a p\u0113d\u0101s un cen\u0161as iekarot m\u016bzikas pasauli.<\/p>\n<p class=\"tv3-fw-500\">Zi\u0146o par k\u013c\u016bdu rakst\u0101<\/p>\n<p class=\"d-md-block d-none\">Iez\u012bm\u0113 k\u013c\u016bdaino tekstu un spied Ctrl+Enter.<\/p>\n<p class=\"d-md-none d-block\">Iez\u012bm\u0113 k\u013c\u016bdaino tekstu un zi\u0146o par to!<\/p>\n<p>                <script async src=\"\/\/www.instagram.com\/embed.js\"><\/script><\/p>\n","protected":false},"excerpt":{"rendered":"Dzied\u0101t\u0101js un skaistumkaraliene apprec\u0113j\u0101s 2023. gad\u0101, r\u012bkojot greznas k\u0101zas, ko apmekl\u0113ja Viktorija un Deivids Bekhemi, Selma Haijeka, Luiss&hellip;\n","protected":false},"author":2,"featured_media":116761,"comment_status":"","ping_status":"","sticky":false,"template":"","format":"standard","meta":{"footnotes":""},"categories":[19],"tags":[89,26953,90,35,39,38,36,37,34,40],"class_list":{"0":"post-116760","1":"post","2":"type-post","3":"status-publish","4":"format-standard","5":"has-post-thumbnail","7":"category-izklaide","8":"tag-entertainment","9":"tag-holivudas-slavenibu-bernimarks-antonijs","10":"tag-izklaide","11":"tag-latvia","12":"tag-latvian","13":"tag-latviesu","14":"tag-latviesu-valoda","15":"tag-latviesuvaloda","16":"tag-latvija","17":"tag-lv"},"share_on_mastodon":{"url":"https:\/\/pubeurope.com\/@lv\/115979067210710053","error":""},"_links":{"self":[{"href":"https:\/\/www.europesays.com\/lv\/wp-json\/wp\/v2\/posts\/116760","targetHints":{"allow":["GET"]}}],"collection":[{"href":"https:\/\/www.europesays.com\/lv\/wp-json\/wp\/v2\/posts"}],"about":[{"href":"https:\/\/www.europesays.com\/lv\/wp-json\/wp\/v2\/types\/post"}],"author":[{"embeddable":true,"href":"https:\/\/www.europesays.com\/lv\/wp-json\/wp\/v2\/users\/2"}],"replies":[{"embeddable":true,"href":"https:\/\/www.europesays.com\/lv\/wp-json\/wp\/v2\/comments?post=116760"}],"version-history":[{"count":0,"href":"https:\/\/www.europesays.com\/lv\/wp-json\/wp\/v2\/posts\/116760\/revisions"}],"wp:featuredmedia":[{"embeddable":true,"href":"https:\/\/www.europesays.com\/lv\/wp-json\/wp\/v2\/media\/116761"}],"wp:attachment":[{"href":"https:\/\/www.europesays.com\/lv\/wp-json\/wp\/v2\/media?parent=116760"}],"wp:term":[{"taxonomy":"category","embeddable":true,"href":"https:\/\/www.europesays.com\/lv\/wp-json\/wp\/v2\/categories?post=116760"},{"taxonomy":"post_tag","embeddable":true,"href":"https:\/\/www.europesays.com\/lv\/wp-json\/wp\/v2\/tags?post=116760"}],"curies":[{"name":"wp","href":"https:\/\/api.w.org\/{rel}","templated":true}]}}