{"id":116763,"date":"2026-01-29T15:23:12","date_gmt":"2026-01-29T15:23:12","guid":{"rendered":"https:\/\/www.europesays.com\/lv\/116763\/"},"modified":"2026-01-29T15:23:12","modified_gmt":"2026-01-29T15:23:12","slug":"kina-piegada-krievijai-aprikojumu-ballistisko-rakesu-oresnik-razosanai-raksts","status":"publish","type":"post","link":"https:\/\/www.europesays.com\/lv\/116763\/","title":{"rendered":"\u0136\u012bna pieg\u0101d\u0101 Krievijai apr\u012bkojumu ballistisko ra\u0137e\u0161u \u00abOre\u0161\u0146ik\u00bb ra\u017eo\u0161anai \/ Raksts"},"content":{"rendered":"<p>\u0136\u012bna pieg\u0101d\u0101 Krievijai iek\u0101rtas un komponentes ballistisko hiperska\u0146as ra\u0137e\u0161u &#8220;Ore\u0161\u0146ik&#8221; ra\u017eo\u0161anai, ar kur\u0101m Krem\u013ca saimnieks Vladimirs Putins draud Rietumiem. Par to v\u0113sta laikraksts &#8220;The Telegraph&#8221;, atsaucoties uz Ukrainas izl\u016bkdienestu, kas atkl\u0101jis, ka \u0136\u012bn\u0101 ra\u017eotie datoriz\u0113t\u0101s ciparu vad\u012bbas virpo\u0161anas darbgaldi tiek izmantoti Voktinskas r\u016bpn\u012bc\u0101.\u00a0<\/p>\n<p>Voktinskas r\u016bpn\u012bc\u0101 l\u012bdztekus hiperska\u0146as ra\u0137et\u0113m &#8220;Ore\u0161\u0146ik&#8221; tiek ra\u017eotas ballistisk\u0101s ra\u0137etes &#8220;Iskander-M&#8221;, k\u0101 ar\u012b starpkontinent\u0101l\u0101s ballistisk\u0101s ra\u0137etes &#8220;Topol-M&#8221;.\u00a0<\/p>\n<p>Pamatojoties uz muitas datu apkopo\u0161anas programmas &#8220;Import Genius&#8221; sniegto inform\u0101ciju, &#8220;The Telegraph&#8221; nor\u0101da, ka \u0136\u012bna kop\u0161 Krievijas izv\u0113rsta kara Ukrain\u0101 s\u0101kuma Maskavai pieg\u0101d\u0101jusi da\u017e\u0101du apr\u012bkojumu un komponentes iero\u010du ra\u017eo\u0161anai kopum\u0101 10,3 miljardu ASV dol\u0101ru v\u0113rt\u012bb\u0101.\u00a0<\/p>\n<blockquote>\n<p>\u0160aj\u0101 summ\u0101 ietilpst darbgaldu pieg\u0101des 3,1 miljarda dol\u0101ru apm\u0113r\u0101, mikrosh\u0113mas un atmi\u0146as plates 4,9 miljardu dol\u0101ru v\u0113rt\u012bb\u0101, k\u0101 ar\u012b pjezoelektriskie krist\u0101li, kas tiek izmantoti radaros un radioelektronisk\u0101s kaujas sist\u0113m\u0101s.\u00a0<\/p>\n<\/blockquote>\n<p>T\u0101pat \u0136\u012bna uz Krieviju nos\u016bt\u012bjusi ar\u012b b\u016btiskus test\u0113\u0161anas instrumentus \u2014 multimetrus un osciloskopus, ko izmanto iero\u010du un mikroelektronikas efektivit\u0101tes un darbsp\u0113jas p\u0101rbaudei.\u00a0<\/p>\n<p>KONTEKSTS:<\/p>\n<p>Nepamatotais un neizprovoc\u0113tais Krievijas pla\u0161a m\u0113roga iebrukums Ukrain\u0101 s\u0101k\u0101s<a href=\"https:\/\/www.lsm.lv\/raksts\/zinas\/arzemes\/putina-rezims-sacis-masivu-uzbrukumu-ukrainai.a445043\/\" class=\"lsm-link\" data-type=\"article\" data-id=\"445043\" rel=\"nofollow noopener\" target=\"_blank\"> 2022. gada 24. febru\u0101r\u012b<\/a>. Krem\u013ca propaganda sol\u012bja ie\u0146emt Kijivu tr\u012bs dien\u0101s, ta\u010du ukrai\u0146u sp\u0113c\u012bg\u0101 pretest\u012bba ne\u013c\u0101va Kremlim realiz\u0113t savus pl\u0101nus.<\/p>\n<p>P\u0113c neveiksm\u0113m Kremlis izveda armiju no Kijivas apgabala, bet turpin\u0101ja ofens\u012bvu citos re\u0123ionos. 2022. gada ruden\u012b ukrai\u0146u armijai izdev\u0101s atbr\u012bvot <a href=\"https:\/\/www.lsm.lv\/raksts\/zinas\/arzemes\/sala-zeme-harkivas-atbrivosana--ltv-zinu-dienesta-filma-par-krievijas-kara-plosito-ukrainu.a477237\/\" class=\"lsm-link\" data-type=\"article\" data-id=\"477237\" rel=\"nofollow noopener\" target=\"_blank\">Harkivas apgabalu<\/a> un da\u013cu<a href=\"https:\/\/www.lsm.lv\/raksts\/zinas\/arzemes\/zelenskis-mes-esam-atguvusi-hersonu.a482245\/\" class=\"lsm-link\" data-type=\"article\" data-id=\"482245\" rel=\"nofollow noopener\" target=\"_blank\"> Hersonas apgabala<\/a>, vairojot cer\u012bbas uz iesp\u0113ju sakaut pretinieku.<\/p>\n<p>Ta\u010du 2023. gada vasar\u0101 s\u0101ktais Ukrainas pretuzbrukums nebija tik veiksm\u012bgs, ko Ukrainas armija skaidro gan ar nepietiekamu iero\u010du nodro\u0161in\u0101jumu no Rietumu sabiedrotajiem, gan ar Krievijas armijas izveidoto pamat\u012bgo aizsardz\u012bbas l\u012bniju un pla\u0161ajiem m\u012bnu laukiem.<\/p>\n<p>2024. gada august\u0101 Ukraina veica<a href=\"https:\/\/www.lsm.lv\/article-preview\/zinas\/arzemes\/07.08.2024-ukraina-un-krievija-uzsakusi-cinas-kurskas-apgabala.a564270\/\" class=\"lsm-link\" data-type=\"article\" data-id=\"564270\" rel=\"nofollow noopener\" target=\"_blank\"> iebrukumu<\/a> Kurskas apgabal\u0101 Krievij\u0101. T\u0101 ir pirm\u0101 reize kop\u0161 Otr\u0101 pasaules kara, kad Krievijas teritorijas da\u013cu ilgsto\u0161i ie\u0146\u0113mis \u0101rvalstu karasp\u0113ks.<\/p>\n<p>Kop\u0161 2024. gada rudens Krievija karadarb\u012bb\u0101 pret Ukrainu iesaist\u012bjusi ar\u012b lielu<a href=\"https:\/\/www.lsm.lv\/raksts\/zinas\/arzemes\/18.10.2024-izluki-ziemelkoreja-grib-nosutit-12-000-karaviru-uz-karu-ukraina-dalu-jau-apmaca-krievija.a573077\/?utm_source=lsm&amp;utm_medium=article-body&amp;utm_campaign=admin\" class=\"lsm-link\" data-type=\"article\" data-id=\"573077\" rel=\"nofollow noopener\" target=\"_blank\"> Zieme\u013ckorejas karav\u012bru<\/a> skaitu. 2025. gada vasar\u0101 Zelenskis<a href=\"https:\/\/www.lsm.lv\/article-preview\/zinas\/arzemes\/05.08.2025-zelenskis-ukrainas-austrumos-krievijas-armija-karo-algotni-no-kinas-un-pakistanas.a609234\/\" class=\"lsm-link\" data-type=\"article\" data-id=\"609234\" rel=\"nofollow noopener\" target=\"_blank\"> pav\u0113st\u012bja<\/a>, ka Ukrainas austrumos Krievijas armij\u0101 karo ar\u012b algot\u0146i no \u0136\u012bnas un Pakist\u0101nas.<\/p>\n<p>Lai ar\u012b l\u012bdz ar ASV prezidenta Donalda Trampa st\u0101\u0161anos amat\u0101 starp Balto namu, Kremli un Kijivu vair\u0101kk\u0101rt notiku\u0161as sarunas par pamieru Ukrain\u0101, l\u012bdz \u0161im t\u0101s rezult\u0101tus nav devu\u0161as.<\/p>\n<p>                    Valodas k\u013c\u016bda rakst\u0101?<\/p>\n<p class=\"d-none d-md-block\">Iez\u012bm\u0113jiet tekstu un spiediet Ctrl+Enter, lai nos\u016bt\u012btu labojamo teksta fragmentu redaktoram! Par faktu k\u013c\u016bd\u0101m l\u016bdzam zi\u0146ot e-past\u0101 <a href=\"https:\/\/www.lsm.lv\/cdn-cgi\/l\/email-protection\" class=\"__cf_email__\" data-cfemail=\"b6c4d3d2d7ddd5dfdcd7f6dac5db98dac0\" rel=\"nofollow noopener\" target=\"_blank\">[email\u00a0protected]<\/a>.<\/p>\n<p class=\"d-md-none\">Iez\u012bm\u0113jiet tekstu un spiediet uz Zi\u0146ot par k\u013c\u016bdu pogas, lai nos\u016bt\u012btu labojamo teksta fragmentu redaktoram!<\/p>\n<p>\n                    Zi\u0146ot par k\u013c\u016bdu\n                <\/p>\n","protected":false},"excerpt":{"rendered":"\u0136\u012bna pieg\u0101d\u0101 Krievijai iek\u0101rtas un komponentes ballistisko hiperska\u0146as ra\u0137e\u0161u &#8220;Ore\u0161\u0146ik&#8221; ra\u017eo\u0161anai, ar kur\u0101m Krem\u013ca saimnieks Vladimirs Putins draud&hellip;\n","protected":false},"author":2,"featured_media":116764,"comment_status":"","ping_status":"","sticky":false,"template":"","format":"standard","meta":{"footnotes":""},"categories":[14],"tags":[23,57,28,29,32,33,22,30,31,35,39,38,36,37,34,40,20,26,27,24,25,54,55,56,21,58],"class_list":{"0":"post-116763","1":"post","2":"type-post","3":"status-publish","4":"format-standard","5":"has-post-thumbnail","7":"category-zinas-no-arvalstim","8":"tag-aktualitates","9":"tag-arvalstim","10":"tag-breaking-news","11":"tag-breakingnews","12":"tag-featured-news","13":"tag-featurednews","14":"tag-headlines","15":"tag-latest-news","16":"tag-latestnews","17":"tag-latvia","18":"tag-latvian","19":"tag-latviesu","20":"tag-latviesu-valoda","21":"tag-latviesuvaloda","22":"tag-latvija","23":"tag-lv","24":"tag-news","25":"tag-popularakas-zinas","26":"tag-popularakaszinas","27":"tag-top-stories","28":"tag-topstories","29":"tag-world","30":"tag-world-news","31":"tag-worldnews","32":"tag-zinas","33":"tag-zinas-no-arvalstim"},"share_on_mastodon":{"url":"https:\/\/pubeurope.com\/@lv\/115979078994847536","error":""},"_links":{"self":[{"href":"https:\/\/www.europesays.com\/lv\/wp-json\/wp\/v2\/posts\/116763","targetHints":{"allow":["GET"]}}],"collection":[{"href":"https:\/\/www.europesays.com\/lv\/wp-json\/wp\/v2\/posts"}],"about":[{"href":"https:\/\/www.europesays.com\/lv\/wp-json\/wp\/v2\/types\/post"}],"author":[{"embeddable":true,"href":"https:\/\/www.europesays.com\/lv\/wp-json\/wp\/v2\/users\/2"}],"replies":[{"embeddable":true,"href":"https:\/\/www.europesays.com\/lv\/wp-json\/wp\/v2\/comments?post=116763"}],"version-history":[{"count":0,"href":"https:\/\/www.europesays.com\/lv\/wp-json\/wp\/v2\/posts\/116763\/revisions"}],"wp:featuredmedia":[{"embeddable":true,"href":"https:\/\/www.europesays.com\/lv\/wp-json\/wp\/v2\/media\/116764"}],"wp:attachment":[{"href":"https:\/\/www.europesays.com\/lv\/wp-json\/wp\/v2\/media?parent=116763"}],"wp:term":[{"taxonomy":"category","embeddable":true,"href":"https:\/\/www.europesays.com\/lv\/wp-json\/wp\/v2\/categories?post=116763"},{"taxonomy":"post_tag","embeddable":true,"href":"https:\/\/www.europesays.com\/lv\/wp-json\/wp\/v2\/tags?post=116763"}],"curies":[{"name":"wp","href":"https:\/\/api.w.org\/{rel}","templated":true}]}}