{"id":116765,"date":"2026-01-29T15:25:07","date_gmt":"2026-01-29T15:25:07","guid":{"rendered":"https:\/\/www.europesays.com\/lv\/116765\/"},"modified":"2026-01-29T15:25:07","modified_gmt":"2026-01-29T15:25:07","slug":"daugavpils-pasvaldiba-nosaka-izglitibas-attistibas-virzienu-nakamajiem-cetriem-gadiem-un-pienem-lemumus-izglitibas-tikla-sakartosanai","status":"publish","type":"post","link":"https:\/\/www.europesays.com\/lv\/116765\/","title":{"rendered":"Daugavpils pa\u0161vald\u012bba nosaka izgl\u012bt\u012bbas att\u012bst\u012bbas virzienu n\u0101kamajiem \u010detriem gadiem un pie\u0146em l\u0113mumus izgl\u012bt\u012bbas t\u012bkla sak\u0101rto\u0161anai"},"content":{"rendered":"<p>Ceturtdien, 29. janv\u0101r\u012b, Daugavpils valstspils\u0113tas pa\u0161vald\u012bbas domes s\u0113d\u0113 deput\u0101ti apstiprin\u0101ja Daugavpils valstspils\u0113tas izgl\u012bt\u012bbas ekosist\u0113mas att\u012bst\u012bbas strat\u0113\u0123iju 2026.\u20132029. gadam, nosakot svar\u012bg\u0101kos virzienus n\u0101kamajiem \u010detriem gadiem, k\u0101 ar\u012b pie\u0146\u0113ma vair\u0101kus l\u0113mumus saist\u012bb\u0101 ar izgl\u012bt\u012bbas iest\u0101\u017eu t\u012bkla sak\u0101rto\u0161anu.<\/p>\n<p>Jaun\u0101 strat\u0113\u0123ija nosaka pils\u0113tas izgl\u012bt\u012bbas att\u012bst\u012bbas virzienu n\u0101kamajiem \u010detriem gadiem, akcent\u0113jot individualiz\u0113tu un skol\u0113ncentr\u0113tu m\u0101c\u012bbu procesu, pedagogu profesion\u0101lo izaugsmi un m\u016bsdien\u012bgas, ilgtsp\u0113j\u012bgas m\u0101c\u012bbu vides veido\u0161anu. T\u0101 paredz stiprin\u0101t sadarb\u012bbu starp skol\u0101m, vec\u0101kiem, kopienu un soci\u0101lajiem partneriem, moderniz\u0113t infrastrukt\u016bru, pilnveidot tehnolo\u0123isko nodro\u0161in\u0101jumu un papla\u0161in\u0101t atbalsta person\u0101la pieejam\u012bbu, k\u0101 ar\u012b nodro\u0161in\u0101t caurskat\u0101mu un datu anal\u012bz\u0113 balst\u012btu p\u0101rvald\u012bbu. Strat\u0113\u0123ijas \u012bsteno\u0161anu koordin\u0113s Izgl\u012bt\u012bbas, jaunatnes un sporta p\u0101rvalde, kas nodro\u0161in\u0101s regul\u0101ru kvalit\u0101tes monitoringu un iesaist\u012bto pu\u0161u viedok\u013cu izv\u0113rt\u0113\u0161anu.<\/p>\n<p>Strat\u0113\u0123ija paredz, ka pa\u0161vald\u012bbas dibin\u0101taj\u0101m skol\u0101m j\u0101atbilst Izgl\u012bt\u012bbas un zin\u0101tnes ministrijas noteiktajiem skol\u0113nu skaita krit\u0113rijiem. S\u0101kot ar 2026.\/2027. m\u0101c\u012bbu gadu, Latvij\u0101 tiks ieviests jauns pedagogu atalgojuma finans\u0113\u0161anas modelis. Tas noz\u012bm\u0113, ka pa\u0161vald\u012bb\u0101m b\u016bs j\u0101l\u012bdzfinans\u0113 t\u0101s skolas, kur\u0101s skol\u0113nu skaits neatbilst noteiktajam minimumam. Daugavpils gad\u012bjum\u0101 tas var rad\u012bt papildu izdevumus l\u012bdz 350 000 eiro gad\u0101. Modelis \u201cProgramma skol\u0101\u201d nosaka, ka valsts piln\u012bb\u0101 finans\u0113 izgl\u012bt\u012bbas programmas tikai tad, ja katr\u0101 kla\u0161u posm\u0101 m\u0101c\u0101s vismaz 120 skol\u0113ni. Ja skol\u0113nu ir maz\u0101k, pa\u0161vald\u012bbai b\u016bs j\u0101sedz tr\u016bksto\u0161\u0101 finans\u0113juma da\u013ca pamatskolas posm\u0101, bet vidusskolas posm\u0101 \u2013 j\u0101nodro\u0161ina pilns finans\u0113jums. Vair\u0101k <a href=\"https:\/\/www.daugavpils.lv\/pilseta\/iedzivotajiem\/izglitiba-un-zinatne\/zinas\/jaunais-valsts-skolu-finansesanas-modelis-daugavpils-pilsetas-budzetam-prasis-lidz-350-000-eiro-gada-papildus-izdevumu\" target=\"_blank\" rel=\"nofollow noopener\">lasiet \u0161eit<\/a>.<\/p>\n<p>Daugavpils pils\u0113tas Izgl\u012bt\u012bbas, jaunatnes un sporta p\u0101rvaldes apkopotie dati par skol\u0113nu skaita dinamiku r\u0101da, ka p\u0113d\u0113jo \u010detru m\u0101c\u012bbu gadu laik\u0101 izgl\u012btojamo skaits pils\u0113tas pamatskol\u0101s ir samazin\u0101jies par 15,5%, kas galvenok\u0101rt saist\u012bts ar negat\u012bvu dabisko pieaugumu un demogr\u0101fijas tendenc\u0113m. Izv\u0113rt\u0113jot valsts noteikt\u0101s kvantitat\u012bv\u0101s pras\u012bbas un pils\u0113tas demogr\u0101fisko situ\u0101ciju, dome nol\u0113ma ar 1. augustu Daugavpils Vien\u012bbas pamatskolu pievienot Daugavpils Valsts \u0123imn\u0101zijai, tai turpm\u0101k realiz\u0113jot izgl\u012bt\u012bbas programmas no 1. l\u012bdz 12. klasei.<\/p>\n<p>Savuk\u0101rt ar 2028.\/2029. m\u0101c\u012bbu gadu nolemts main\u012bt Daugavpils Centra vidusskolas izgl\u012bt\u012bbas pak\u0101pi un nosaukumu, p\u0101rveidojot to par Daugavpils Centra pamatskolu un veidojot par konkur\u0113tsp\u0113j\u012bgu izgl\u012bt\u012bbas iest\u0101di p\u0113c Daugavpils Saska\u0146as pamatskolas parauga. L\u0113mums balst\u012bts ar\u012b uz faktisko un prognoz\u0113to izgl\u012btojamo skaitu 10.\u201312. kla\u0161u posm\u0101, kas \u00a0\u0161obr\u012bd un turpm\u0101kajos gados ir un paliks b\u016btiski zem\u0101ks par valsts noteikto minimumu \u0161aj\u0101 kla\u0161u grup\u0101.<\/p>\n<p>Dzimst\u012bbas r\u0101d\u012bt\u0101ju samazin\u0101\u0161an\u0101s p\u0113d\u0113jos gados b\u016btiski ietekm\u0113jusi audz\u0113k\u0146u skaitu Daugavpils pirmsskolas izgl\u012bt\u012bbas iest\u0101d\u0113s. Statistika r\u0101da, ka desmit gadu laik\u0101 b\u0113rnu skaits pirmsskolas posm\u0101 sarucis par 22,4% jeb 1017 audz\u0113k\u0146iem. Vair\u0101k <a href=\"https:\/\/www.daugavpils.lv\/pilseta\/iedzivotajiem\/izglitiba-un-zinatne\/zinas\/samazinoties-dzimstibai-daugavpili-saruk-pirmsskolas-izglitibas-iestazu-audzeknu-skaits\" target=\"_blank\" rel=\"nofollow noopener\">lasiet \u0161eit<\/a>. \u0145emot v\u0113r\u0101 \u0161o tendenci, dome nol\u0113ma ar 31. j\u016bliju likvid\u0113t Daugavpils pils\u0113tas 4. pirmsskolas izgl\u012bt\u012bbas iest\u0101di un Daugavpils pils\u0113tas 15. pirmsskolas izgl\u012bt\u012bbas iest\u0101di. Visiem audz\u0113k\u0146iem tiks nodro\u0161in\u0101tas vietas cit\u0101s pils\u0113tas pirmsskol\u0101s p\u0113c vec\u0101ku izv\u0113les, un to atvieglo fakts, ka gandr\u012bz visas Daugavpils pirmsskolas izgl\u012bt\u012bbas iest\u0101des ir licenc\u0113ju\u0161as speci\u0101l\u0101s izgl\u012bt\u012bbas programmas.<\/p>\n<p>Pie\u0146emtie l\u0113mumi veido pamatu ilgtsp\u0113j\u012bgai, kvalitat\u012bvai un m\u016bsdienu pras\u012bb\u0101m atbilsto\u0161ai izgl\u012bt\u012bbas ekosist\u0113mas att\u012bst\u012bbai Daugavpil\u012b.<\/p>\n<p>          <img decoding=\"async\" src=\"https:\/\/www.europesays.com\/lv\/wp-content\/uploads\/2026\/01\/1769700307_341_logo-lv.png\" alt=\"\"\/><\/p>\n<p>                  \u0160\u012b inform\u0101cija ir publisks pazi\u0146ojums un neatspogu\u013co LV port\u0101la viedokli. Par t\u0101s saturu atbild ies\u016bt\u012bt\u0101js. <a data-popup=\"rules\">Public\u0113\u0161anas noteikumi<\/a><\/p>\n","protected":false},"excerpt":{"rendered":"Ceturtdien, 29. janv\u0101r\u012b, Daugavpils valstspils\u0113tas pa\u0161vald\u012bbas domes s\u0113d\u0113 deput\u0101ti apstiprin\u0101ja Daugavpils valstspils\u0113tas izgl\u012bt\u012bbas ekosist\u0113mas att\u012bst\u012bbas strat\u0113\u0123iju 2026.\u20132029. gadam,&hellip;\n","protected":false},"author":2,"featured_media":116766,"comment_status":"","ping_status":"","sticky":false,"template":"","format":"standard","meta":{"footnotes":""},"categories":[5],"tags":[23,28,29,32,33,22,30,31,35,39,38,36,37,34,40,20,26,27,24,25,21],"class_list":{"0":"post-116765","1":"post","2":"type-post","3":"status-publish","4":"format-standard","5":"has-post-thumbnail","7":"category-aktualitates","8":"tag-aktualitates","9":"tag-breaking-news","10":"tag-breakingnews","11":"tag-featured-news","12":"tag-featurednews","13":"tag-headlines","14":"tag-latest-news","15":"tag-latestnews","16":"tag-latvia","17":"tag-latvian","18":"tag-latviesu","19":"tag-latviesu-valoda","20":"tag-latviesuvaloda","21":"tag-latvija","22":"tag-lv","23":"tag-news","24":"tag-popularakas-zinas","25":"tag-popularakaszinas","26":"tag-top-stories","27":"tag-topstories","28":"tag-zinas"},"share_on_mastodon":{"url":"https:\/\/pubeurope.com\/@lv\/115979087046863611","error":""},"_links":{"self":[{"href":"https:\/\/www.europesays.com\/lv\/wp-json\/wp\/v2\/posts\/116765","targetHints":{"allow":["GET"]}}],"collection":[{"href":"https:\/\/www.europesays.com\/lv\/wp-json\/wp\/v2\/posts"}],"about":[{"href":"https:\/\/www.europesays.com\/lv\/wp-json\/wp\/v2\/types\/post"}],"author":[{"embeddable":true,"href":"https:\/\/www.europesays.com\/lv\/wp-json\/wp\/v2\/users\/2"}],"replies":[{"embeddable":true,"href":"https:\/\/www.europesays.com\/lv\/wp-json\/wp\/v2\/comments?post=116765"}],"version-history":[{"count":0,"href":"https:\/\/www.europesays.com\/lv\/wp-json\/wp\/v2\/posts\/116765\/revisions"}],"wp:featuredmedia":[{"embeddable":true,"href":"https:\/\/www.europesays.com\/lv\/wp-json\/wp\/v2\/media\/116766"}],"wp:attachment":[{"href":"https:\/\/www.europesays.com\/lv\/wp-json\/wp\/v2\/media?parent=116765"}],"wp:term":[{"taxonomy":"category","embeddable":true,"href":"https:\/\/www.europesays.com\/lv\/wp-json\/wp\/v2\/categories?post=116765"},{"taxonomy":"post_tag","embeddable":true,"href":"https:\/\/www.europesays.com\/lv\/wp-json\/wp\/v2\/tags?post=116765"}],"curies":[{"name":"wp","href":"https:\/\/api.w.org\/{rel}","templated":true}]}}