{"id":116767,"date":"2026-01-29T15:26:07","date_gmt":"2026-01-29T15:26:07","guid":{"rendered":"https:\/\/www.europesays.com\/lv\/116767\/"},"modified":"2026-01-29T15:26:07","modified_gmt":"2026-01-29T15:26:07","slug":"arvien-vairak-muziku-atsakas-no-dalibas-koncerta-manai-dzimtenei-lr1-latvijas-radio","status":"publish","type":"post","link":"https:\/\/www.europesays.com\/lv\/116767\/","title":{"rendered":"Arvien vair\u0101k m\u016bzi\u0137u atsak\u0101s no dal\u012bbas koncert\u0101 &#8220;Manai dzimtenei&#8221; \/ LR1 \/ \/ Latvijas Radio"},"content":{"rendered":"<p><a href=\"https:\/\/mapp.latvijasradio.lv\/shared-broadcast?b=124&amp;url=http:\/\/latvijasradio.lsm.lv\/lv\/lr1\/raidijumi\/pecpusdiena\/\" target=\"_blank\" rel=\"nofollow noopener\"><img decoding=\"async\" alt=\"Latvijas Radio lietotnes logo\" src=\"https:\/\/www.europesays.com\/lv\/wp-content\/uploads\/2026\/01\/1769700367_141_LR_pod poga.png\" style=\"width: 150px; height: 41px;\"\/><\/a><\/p>\n<p>\u0160ovasar pl\u0101notais dziesmu sv\u0113tku koncerts \u201eManai dzimtenei\u201d turpina jukt pa v\u012bl\u0113m. No gatavo\u0161an\u0101s koncertam tagad atteiku\u0161ies ar\u012b novadu virsdiri\u0123enti, bet \u0161odien, 29. janv\u0101r\u012b, Latvijas Radio noskaidroja, ka savu dal\u012bbu gras\u0101s atsaukt ar\u012b Latvijas Radio bigbends. <\/p>\n<p>Me\u017eapark\u0101 pl\u0101notais koncerts s\u0101kotn\u0113ji tika d\u0113v\u0113ts par Raimonda Paula dziesmu sv\u0113tkiem \u201eManai dzimtenei\u201d, t\u0101 godinot maestro 90. jubileju. Ta\u010du p\u0113c Paula norobe\u017eo\u0161an\u0101s nosaukumu main\u012bja. Iepriek\u0161 savu dal\u012bbu atsauca ar\u012b, piem\u0113ram, dzied\u0101t\u0101js Intars Busulis. Tiesa, bi\u013cetes uz koncertu turpina tirgot.<\/p>\n<p>Ieteikt<\/p>\n<p>    Latvijas Radio aicina izteikt savu viedokli par raid\u012bjum\u0101 dzird\u0113to un atbalsta diskusijas klaus\u012bt\u0101ju starp\u0101, tom\u0113r patur ties\u012bbas dz\u0113st koment\u0101rus, kas p\u0101rk\u0101pj cie\u0146pilnas attieksmes un \u0113tiskas r\u012bc\u012bbas robe\u017eas.<a name=\"comments\"\/><\/p>\n","protected":false},"excerpt":{"rendered":"\u0160ovasar pl\u0101notais dziesmu sv\u0113tku koncerts \u201eManai dzimtenei\u201d turpina jukt pa v\u012bl\u0113m. No gatavo\u0161an\u0101s koncertam tagad atteiku\u0161ies ar\u012b novadu&hellip;\n","protected":false},"author":2,"featured_media":116768,"comment_status":"","ping_status":"","sticky":false,"template":"","format":"standard","meta":{"footnotes":""},"categories":[19],"tags":[89,90,35,39,38,36,37,34,40],"class_list":{"0":"post-116767","1":"post","2":"type-post","3":"status-publish","4":"format-standard","5":"has-post-thumbnail","7":"category-izklaide","8":"tag-entertainment","9":"tag-izklaide","10":"tag-latvia","11":"tag-latvian","12":"tag-latviesu","13":"tag-latviesu-valoda","14":"tag-latviesuvaloda","15":"tag-latvija","16":"tag-lv"},"share_on_mastodon":{"url":"https:\/\/pubeurope.com\/@lv\/115979090848467052","error":""},"_links":{"self":[{"href":"https:\/\/www.europesays.com\/lv\/wp-json\/wp\/v2\/posts\/116767","targetHints":{"allow":["GET"]}}],"collection":[{"href":"https:\/\/www.europesays.com\/lv\/wp-json\/wp\/v2\/posts"}],"about":[{"href":"https:\/\/www.europesays.com\/lv\/wp-json\/wp\/v2\/types\/post"}],"author":[{"embeddable":true,"href":"https:\/\/www.europesays.com\/lv\/wp-json\/wp\/v2\/users\/2"}],"replies":[{"embeddable":true,"href":"https:\/\/www.europesays.com\/lv\/wp-json\/wp\/v2\/comments?post=116767"}],"version-history":[{"count":0,"href":"https:\/\/www.europesays.com\/lv\/wp-json\/wp\/v2\/posts\/116767\/revisions"}],"wp:featuredmedia":[{"embeddable":true,"href":"https:\/\/www.europesays.com\/lv\/wp-json\/wp\/v2\/media\/116768"}],"wp:attachment":[{"href":"https:\/\/www.europesays.com\/lv\/wp-json\/wp\/v2\/media?parent=116767"}],"wp:term":[{"taxonomy":"category","embeddable":true,"href":"https:\/\/www.europesays.com\/lv\/wp-json\/wp\/v2\/categories?post=116767"},{"taxonomy":"post_tag","embeddable":true,"href":"https:\/\/www.europesays.com\/lv\/wp-json\/wp\/v2\/tags?post=116767"}],"curies":[{"name":"wp","href":"https:\/\/api.w.org\/{rel}","templated":true}]}}