{"id":116769,"date":"2026-01-29T15:28:33","date_gmt":"2026-01-29T15:28:33","guid":{"rendered":"https:\/\/www.europesays.com\/lv\/116769\/"},"modified":"2026-01-29T15:28:33","modified_gmt":"2026-01-29T15:28:33","slug":"asv-federala-rezervju-sistema-saglaba-pasreizejo-bazes-procentu-likmi","status":"publish","type":"post","link":"https:\/\/www.europesays.com\/lv\/116769\/","title":{"rendered":"ASV Feder\u0101l\u0101 rezervju sist\u0113ma saglab\u0101 pa\u0161reiz\u0113jo b\u0101zes procentu likmi"},"content":{"rendered":"<p>Nol\u016bk\u0101 pan\u0101kt, lai gada infl\u0101cija samazin\u0101s l\u012bdz 2% l\u012bmenim, FRS b\u0101zes procentu likmes m\u0113r\u0137r\u0101d\u012bt\u0101ju regul\u0101ri paaugstin\u0101ja no 2022. gada marta l\u012bdz 2023. gada j\u016blijam, tam sasniedzot 5,25-5,5%. P\u0113c tam procentu likmes m\u0113r\u0137r\u0101d\u012bt\u0101js pirmo reizi tika pazemin\u0101ts san\u0101ksm\u0113 2024. gada septembr\u012b, to samazinot par 0,5 procentpunktiem. Savuk\u0101rt n\u0101kamaj\u0101 san\u0101ksm\u0113 novembr\u012b tas tika samazin\u0101ts par 0,25 procentpunktiem, bet p\u0113c tam l\u012bdz 2025. gada septembrim netika main\u012bts.<\/p>\n","protected":false},"excerpt":{"rendered":"Nol\u016bk\u0101 pan\u0101kt, lai gada infl\u0101cija samazin\u0101s l\u012bdz 2% l\u012bmenim, FRS b\u0101zes procentu likmes m\u0113r\u0137r\u0101d\u012bt\u0101ju regul\u0101ri paaugstin\u0101ja no 2022.&hellip;\n","protected":false},"author":2,"featured_media":116770,"comment_status":"","ping_status":"","sticky":false,"template":"","format":"standard","meta":{"footnotes":""},"categories":[16],"tags":[77,76,35,39,38,36,37,34,40],"class_list":{"0":"post-116769","1":"post","2":"type-post","3":"status-publish","4":"format-standard","5":"has-post-thumbnail","7":"category-bizness","8":"tag-bizness","9":"tag-business","10":"tag-latvia","11":"tag-latvian","12":"tag-latviesu","13":"tag-latviesu-valoda","14":"tag-latviesuvaloda","15":"tag-latvija","16":"tag-lv"},"share_on_mastodon":{"url":"https:\/\/pubeurope.com\/@lv\/115979098836161982","error":""},"_links":{"self":[{"href":"https:\/\/www.europesays.com\/lv\/wp-json\/wp\/v2\/posts\/116769","targetHints":{"allow":["GET"]}}],"collection":[{"href":"https:\/\/www.europesays.com\/lv\/wp-json\/wp\/v2\/posts"}],"about":[{"href":"https:\/\/www.europesays.com\/lv\/wp-json\/wp\/v2\/types\/post"}],"author":[{"embeddable":true,"href":"https:\/\/www.europesays.com\/lv\/wp-json\/wp\/v2\/users\/2"}],"replies":[{"embeddable":true,"href":"https:\/\/www.europesays.com\/lv\/wp-json\/wp\/v2\/comments?post=116769"}],"version-history":[{"count":0,"href":"https:\/\/www.europesays.com\/lv\/wp-json\/wp\/v2\/posts\/116769\/revisions"}],"wp:featuredmedia":[{"embeddable":true,"href":"https:\/\/www.europesays.com\/lv\/wp-json\/wp\/v2\/media\/116770"}],"wp:attachment":[{"href":"https:\/\/www.europesays.com\/lv\/wp-json\/wp\/v2\/media?parent=116769"}],"wp:term":[{"taxonomy":"category","embeddable":true,"href":"https:\/\/www.europesays.com\/lv\/wp-json\/wp\/v2\/categories?post=116769"},{"taxonomy":"post_tag","embeddable":true,"href":"https:\/\/www.europesays.com\/lv\/wp-json\/wp\/v2\/tags?post=116769"}],"curies":[{"name":"wp","href":"https:\/\/api.w.org\/{rel}","templated":true}]}}