{"id":116771,"date":"2026-01-29T15:29:07","date_gmt":"2026-01-29T15:29:07","guid":{"rendered":"https:\/\/www.europesays.com\/lv\/116771\/"},"modified":"2026-01-29T15:29:07","modified_gmt":"2026-01-29T15:29:07","slug":"nato-vestnieks-krievija-iestregusi-strupcela","status":"publish","type":"post","link":"https:\/\/www.europesays.com\/lv\/116771\/","title":{"rendered":"NATO v\u0113stnieks: Krievija iestr\u0113gusi strupce\u013c\u0101"},"content":{"rendered":"<p class=\"descr\">Putina impere\u0101listisk\u0101 politika ir izlaidusi d\u017einu no pudeles, vi\u0146\u0161 ir aizg\u0101jis aiz neatgrie\u0161an\u0101s punkta, visus resursus, ko var\u0113tu ieguld\u012bt n\u0101cijas labkl\u0101j\u012bb\u0101, atdevis karam un atk\u0101p\u0161an\u0101s ce\u013ca vairs nav \u2013 t\u0101, koment\u0113jot Krievijas rad\u012btos draudus Eiropai un karu Ukrain\u0101, TV24 raid\u012bjum\u0101 \u201cNed\u0113\u013ca. Post Scriptum\u201d st\u0101sta Latvijas Republikas v\u0113stnieks NATO M\u0101ris Rieksti\u0146\u0161.<\/p>\n<p>\u201c<a href=\"https:\/\/nra.lv\/birka\/nato\/\" target=\"_blank\" rel=\"noopener nofollow\">NATO<\/a> k\u0101 aizsardz\u012bbas alianse str\u0101d\u0101 pie da\u017e\u0101diem scen\u0101rijiem, ar\u012b pie maz ticamiem scen\u0101rijiem,\u201d st\u0101sta Rieksti\u0146\u0161 un piebilst, ka, vi\u0146apr\u0101t, \u0161obr\u012bd, kad Krievija ir piln\u012bb\u0101 aiz\u0146emta ar karadarb\u012bbu Ukrain\u0101, Krievijai nav t\u0101du milit\u0101ru sp\u0113ju, lai izaicin\u0101tu k\u0101du no NATO dal\u012bbvalst\u012bm vai NATO aliansi kopum\u0101. B\u016btisks esot jaut\u0101jums, kas notiks tad, kad kar\u0161 beigsies un k\u0101 tas beigsies? \u201cK\u0101da b\u016bs t\u0101br\u012b\u017ea Krievijas vad\u012bbas poz\u012bcija, kas tiks dar\u012bts ar kar\u0101 ne tikai fiziski, bet ar\u012b ment\u0101li sakrop\u013cotajiem cilv\u0113kiem, kuriem it k\u0101 j\u0101atgrie\u017eas civilaj\u0101 dz\u012bv\u0113 Krievij\u0101\u2026?\u201d retoriski jaut\u0101 v\u0113stnieks un atceras nov\u0113roto Krievij\u0101: \u201cP\u0113c tiem gadiem, ko es pavad\u012bju v\u0113stnieka darb\u0101 Maskav\u0101, man \u0161\u0137iet, ka viena no liel\u0101kaj\u0101m probl\u0113m\u0101m ir t\u0101, ka \u0161\u012b Krem\u013ca un Putina agres\u012bv\u0101, impere\u0101listisk\u0101 politika ir izlaidusi d\u017einu no pudeles un Krievijas sabiedr\u012bb\u0101 atmodin\u0101jusi nejaukas iez\u012bmes.\u201d K\u0101 teic <a href=\"https:\/\/nra.lv\/birka\/maris-riekstins\/\" target=\"_blank\" rel=\"noopener nofollow\">Rieksti\u0146\u0161<\/a>, \u0161is nejaukais, imperi\u0101lais gars, kur\u0161 krievu tautai, visticam\u0101k, piemita, bet bija apsl\u0101p\u0113ts, jo netika uzskat\u012bts par labo toni, tagad p\u0113c ilgsto\u0161as propagandas masu medijos, st\u0101stot, k\u0101 t\u016bl\u012bt uzlaid\u012bs gais\u0101 Va\u0161ingtonu, Baltijas valstis, uzjund\u012bjis krievu n\u0101cij\u0101 imperi\u0101lo garu ar jaunu sparu. K\u0101 ar to tikt gal\u0101 &#8211; l\u016bk, tas esot jaut\u0101jums.<\/p>\n<p>Ar\u012b pats <a href=\"https:\/\/nra.lv\/birka\/vladimirs-putins\/\" target=\"_blank\" rel=\"noopener nofollow\">Putins<\/a> non\u0101cis strupce\u013c\u0101 un atpaka\u013cce\u013ca vi\u0146am vairs nav. Uz jaut\u0101jumu, vai \u010detri kara gadi ir vairoju\u0161i Putina impere\u0101listisko apet\u012bti vai glu\u017ei pret\u0113ji &#8211; to mazin\u0101ju\u0161i, v\u0113stnieks atbild sekojo\u0161i: \u201cNezinu. B\u016btu j\u0101prasa vi\u0146am. Es dom\u0101ju, ka prim\u0101rais jaut\u0101jums ir par ko citu, ka Putins ir aizg\u0101jis aiz t\u0101 neatgrie\u0161an\u0101s punkta, respekt\u012bvi, vi\u0146\u0161 ir tik daudz izdar\u012bjis praktiskaj\u0101 zi\u0146\u0101 ne tikai salau\u017eot jebk\u0101das uzticam\u012bbas attiec\u012bbas ar Rietumiem\u2026 Vi\u0146a vad\u012bb\u0101 pastr\u0101d\u0101ti kara noziegumi, un par to b\u016bs j\u0101nes atbild\u012bba. Krievijas ekonomikas sagrau\u0161ana, Krievijas demogr\u0101fijas probl\u0113mas &#8211; vi\u0146am ir j\u0101b\u016bt atbild\u012bgam par to, kas notiek Krievij\u0101. Neap\u0161aub\u0101mi, ka Krievija, kura ar saviem dabas resursiem var\u0113tu b\u016bt bag\u0101ta valsts, kas var\u0113tu \u0161o savu bag\u0101t\u012bbu ieguld\u012bt iedz\u012bvot\u0101ju izgl\u012bt\u012bb\u0101 un labkl\u0101j\u012bbas cel\u0161an\u0101, vi\u0146\u0161 to visu ir iemetis impere\u0101listiskaj\u0101, agres\u012bvaj\u0101 kar\u0101. Un vi\u0146\u0161 person\u012bgi, es dom\u0101ju, ka no t\u0101 vairs nevar atk\u0101pties. Vi\u0146\u0161 nevar izmain\u012bt savu politiku un mana prognoze ir: kam\u0113r vi\u0146\u0161 ir pie varas Krievij\u0101, j\u0101r\u0113\u0137in\u0101s, ka \u0161\u012b politika turpin\u0101sies, lai ar\u012b cik \u017e\u0113l man to neb\u016btu teikt, jo runa ir par m\u016bsu tie\u0161ajiem kaimi\u0146iem.\u201d<\/p>\n<p>\t\t\t\t\t\tinfo<\/p>\n<p>Uzzini pirmais<br \/>kas interesants noticis Latvij\u0101 un pasaul\u0113,<br \/>pievienojoties mums <a href=\"https:\/\/t.me\/neatkariga\" rel=\"nofollow\">Telegram<\/a> vai <a href=\"https:\/\/whatsapp.com\/channel\/0029VaMLFUH5K3zLU5s4wm3y\" rel=\"nofollow noopener\" target=\"_blank\">Whatsapp<\/a> kan\u0101l\u0101<\/p>\n","protected":false},"excerpt":{"rendered":"Putina impere\u0101listisk\u0101 politika ir izlaidusi d\u017einu no pudeles, vi\u0146\u0161 ir aizg\u0101jis aiz neatgrie\u0161an\u0101s punkta, visus resursus, ko var\u0113tu&hellip;\n","protected":false},"author":2,"featured_media":116772,"comment_status":"","ping_status":"","sticky":false,"template":"","format":"standard","meta":{"footnotes":""},"categories":[14],"tags":[23,57,28,29,32,33,22,30,31,35,39,38,36,37,34,40,20,26,27,24,25,54,55,56,21,58],"class_list":{"0":"post-116771","1":"post","2":"type-post","3":"status-publish","4":"format-standard","5":"has-post-thumbnail","7":"category-zinas-no-arvalstim","8":"tag-aktualitates","9":"tag-arvalstim","10":"tag-breaking-news","11":"tag-breakingnews","12":"tag-featured-news","13":"tag-featurednews","14":"tag-headlines","15":"tag-latest-news","16":"tag-latestnews","17":"tag-latvia","18":"tag-latvian","19":"tag-latviesu","20":"tag-latviesu-valoda","21":"tag-latviesuvaloda","22":"tag-latvija","23":"tag-lv","24":"tag-news","25":"tag-popularakas-zinas","26":"tag-popularakaszinas","27":"tag-top-stories","28":"tag-topstories","29":"tag-world","30":"tag-world-news","31":"tag-worldnews","32":"tag-zinas","33":"tag-zinas-no-arvalstim"},"share_on_mastodon":{"url":"https:\/\/pubeurope.com\/@lv\/115979102628204219","error":""},"_links":{"self":[{"href":"https:\/\/www.europesays.com\/lv\/wp-json\/wp\/v2\/posts\/116771","targetHints":{"allow":["GET"]}}],"collection":[{"href":"https:\/\/www.europesays.com\/lv\/wp-json\/wp\/v2\/posts"}],"about":[{"href":"https:\/\/www.europesays.com\/lv\/wp-json\/wp\/v2\/types\/post"}],"author":[{"embeddable":true,"href":"https:\/\/www.europesays.com\/lv\/wp-json\/wp\/v2\/users\/2"}],"replies":[{"embeddable":true,"href":"https:\/\/www.europesays.com\/lv\/wp-json\/wp\/v2\/comments?post=116771"}],"version-history":[{"count":0,"href":"https:\/\/www.europesays.com\/lv\/wp-json\/wp\/v2\/posts\/116771\/revisions"}],"wp:featuredmedia":[{"embeddable":true,"href":"https:\/\/www.europesays.com\/lv\/wp-json\/wp\/v2\/media\/116772"}],"wp:attachment":[{"href":"https:\/\/www.europesays.com\/lv\/wp-json\/wp\/v2\/media?parent=116771"}],"wp:term":[{"taxonomy":"category","embeddable":true,"href":"https:\/\/www.europesays.com\/lv\/wp-json\/wp\/v2\/categories?post=116771"},{"taxonomy":"post_tag","embeddable":true,"href":"https:\/\/www.europesays.com\/lv\/wp-json\/wp\/v2\/tags?post=116771"}],"curies":[{"name":"wp","href":"https:\/\/api.w.org\/{rel}","templated":true}]}}