{"id":116773,"date":"2026-01-29T15:31:15","date_gmt":"2026-01-29T15:31:15","guid":{"rendered":"https:\/\/www.europesays.com\/lv\/116773\/"},"modified":"2026-01-29T15:31:15","modified_gmt":"2026-01-29T15:31:15","slug":"ledaina-slazda-ugunsdzeseji-lietuva-izglabj-ezera-iekritusu-zirgu","status":"publish","type":"post","link":"https:\/\/www.europesays.com\/lv\/116773\/","title":{"rendered":"Ledain\u0101 slazd\u0101: ugunsdz\u0113s\u0113ji Lietuv\u0101 izgl\u0101bj ezer\u0101 iekritu\u0161u zirgu"},"content":{"rendered":"<p>\u201cSitu\u0101cija bija \u0101rk\u0101rt\u012bgi b\u012bstama: dz\u012bvnieka lielais svars, aukstais \u016bdens, un katra min\u016bte var\u0113ja maks\u0101t dz\u012bv\u012bbu. Ugunsdz\u0113s\u0113ju prasmes un profesionalit\u0101te, koordin\u0113ts darbs, izmantojot smago tehniku \u200b\u200bun iedz\u012bvot\u0101ju pal\u012bdz\u012bbu, \u013c\u0101va mums paveikt to, kas \u0161\u0137ita gandr\u012bz neiesp\u0113jami \u2013 zirgs tika veiksm\u012bgi izvilkts,\u201d teikts zi\u0146ojum\u0101.<\/p>\n<p>Ugunsdz\u0113s\u0113ji, kas izgl\u0101ba dz\u012bvnieku, saka, ka \u0161\u0101d\u0101m situ\u0101cij\u0101m nav iesp\u0113jams iepriek\u0161 sagatavoties, t\u0101 ir piln\u012bga improviz\u0101cija, izmantojot pieejam\u0101s zin\u0101\u0161anas, pieredzi un atjaut\u012bbu.<\/p>\n<p>Jau rakst\u012bj\u0101m, ka<a href=\"https:\/\/tv3.lv\/dzivesstils\/dzivnieki\/lietuva-mednieki-izglabj-briesmas-nonakusu-alni\/\" rel=\"nofollow noopener\" target=\"_blank\"> Lietuvas Mednieku un zvejnieku asoci\u0101cija zi\u0146oja par a\u013c\u0146a gl\u0101b\u0161anu<\/a> Vi\u013c\u0146as rajon\u0101.<\/p>\n<p>Vi\u013c\u0146as rajona med\u012bbu klubs \u201cVanagyn\u0117 2\u201d, sa\u0146emot zi\u0146ojumu no Visp\u0101r\u0113j\u0101 pal\u012bdz\u012bbas centra, kuru par nelaim\u0113 nok\u013cuvu\u0161o dz\u012bvnieku inform\u0113ja k\u0101ds viet\u0113jais iedz\u012bvot\u0101js, rea\u0123\u0113ja \u0101tri un steidz\u0101s gl\u0101b gr\u0101vja led\u016b iel\u016bzu\u0161o alni.<\/p>\n<p class=\"ad-desc ad-desc-main\">Saturs turpin\u0101s p\u0113c rekl\u0101mas<\/p>\n<p class=\"ad-desc ad-desc-sec\">Rekl\u0101ma<\/p>\n<p>Savuk\u0101rt R\u012bg\u0101, Bolder\u0101j\u0101 <a href=\"https:\/\/tv3.lv\/degpunkta\/degpunkta-dazadi\/bolderaja-veikta-gulbja-glabsanas-operacija\/\" rel=\"nofollow noopener\" target=\"_blank\">gl\u0101b\u0113ji dev\u0101s gl\u0101bt gulbi<\/a> un nodeva Latvijas savva\u013cas putnu pal\u012bdz\u012bbas biedr\u012bbai \u201cDrauga sp\u0101rns\u201d.<\/p>\n<p class=\"tv3-fw-500\">Zi\u0146o par k\u013c\u016bdu rakst\u0101<\/p>\n<p class=\"d-md-block d-none\">Iez\u012bm\u0113 k\u013c\u016bdaino tekstu un spied Ctrl+Enter.<\/p>\n<p class=\"d-md-none d-block\">Iez\u012bm\u0113 k\u013c\u016bdaino tekstu un zi\u0146o par to!<\/p>\n","protected":false},"excerpt":{"rendered":"\u201cSitu\u0101cija bija \u0101rk\u0101rt\u012bgi b\u012bstama: dz\u012bvnieka lielais svars, aukstais \u016bdens, un katra min\u016bte var\u0113ja maks\u0101t dz\u012bv\u012bbu. Ugunsdz\u0113s\u0113ju prasmes un&hellip;\n","protected":false},"author":2,"featured_media":116774,"comment_status":"","ping_status":"","sticky":false,"template":"","format":"standard","meta":{"footnotes":""},"categories":[5],"tags":[23,28,29,32,33,22,30,31,35,39,38,36,37,34,26954,40,20,26,27,24,25,21],"class_list":{"0":"post-116773","1":"post","2":"type-post","3":"status-publish","4":"format-standard","5":"has-post-thumbnail","7":"category-aktualitates","8":"tag-aktualitates","9":"tag-breaking-news","10":"tag-breakingnews","11":"tag-featured-news","12":"tag-featurednews","13":"tag-headlines","14":"tag-latest-news","15":"tag-latestnews","16":"tag-latvia","17":"tag-latvian","18":"tag-latviesu","19":"tag-latviesu-valoda","20":"tag-latviesuvaloda","21":"tag-latvija","22":"tag-lietuvazirga-glabsanazirgs","23":"tag-lv","24":"tag-news","25":"tag-popularakas-zinas","26":"tag-popularakaszinas","27":"tag-top-stories","28":"tag-topstories","29":"tag-zinas"},"share_on_mastodon":{"url":"https:\/\/pubeurope.com\/@lv\/115979110572264975","error":""},"_links":{"self":[{"href":"https:\/\/www.europesays.com\/lv\/wp-json\/wp\/v2\/posts\/116773","targetHints":{"allow":["GET"]}}],"collection":[{"href":"https:\/\/www.europesays.com\/lv\/wp-json\/wp\/v2\/posts"}],"about":[{"href":"https:\/\/www.europesays.com\/lv\/wp-json\/wp\/v2\/types\/post"}],"author":[{"embeddable":true,"href":"https:\/\/www.europesays.com\/lv\/wp-json\/wp\/v2\/users\/2"}],"replies":[{"embeddable":true,"href":"https:\/\/www.europesays.com\/lv\/wp-json\/wp\/v2\/comments?post=116773"}],"version-history":[{"count":0,"href":"https:\/\/www.europesays.com\/lv\/wp-json\/wp\/v2\/posts\/116773\/revisions"}],"wp:featuredmedia":[{"embeddable":true,"href":"https:\/\/www.europesays.com\/lv\/wp-json\/wp\/v2\/media\/116774"}],"wp:attachment":[{"href":"https:\/\/www.europesays.com\/lv\/wp-json\/wp\/v2\/media?parent=116773"}],"wp:term":[{"taxonomy":"category","embeddable":true,"href":"https:\/\/www.europesays.com\/lv\/wp-json\/wp\/v2\/categories?post=116773"},{"taxonomy":"post_tag","embeddable":true,"href":"https:\/\/www.europesays.com\/lv\/wp-json\/wp\/v2\/tags?post=116773"}],"curies":[{"name":"wp","href":"https:\/\/api.w.org\/{rel}","templated":true}]}}