{"id":116775,"date":"2026-01-29T15:32:09","date_gmt":"2026-01-29T15:32:09","guid":{"rendered":"https:\/\/www.europesays.com\/lv\/116775\/"},"modified":"2026-01-29T15:32:09","modified_gmt":"2026-01-29T15:32:09","slug":"pink-noise-riga-izzino-pavasara-sesijas-pilno-programmu-festivalu-noslegs-ekskluzivs-intara-busula-dzeza-projekts","status":"publish","type":"post","link":"https:\/\/www.europesays.com\/lv\/116775\/","title":{"rendered":"&#8220;Pink Noise Riga&#8221; izzi\u0146o pavasara sesijas pilno programmu; festiv\u0101lu nosl\u0113gs ekskluz\u012bvs Intara Busu\u013ca d\u017eeza projekts"},"content":{"rendered":"<p class=\"MsoNormal\">\u25cf JULIANNA \u2013 dzied\u0101t\u0101ja un producente, kura efekt\u012bvi kombin\u0113 R&amp;B, indie un elektronisko m\u016bziku. Festiv\u0101l\u0101 vi\u0146a pied\u0101v\u0101s ieskatu sava topo\u0161\u0101 albuma ori\u0123in\u0101lm\u016bzik\u0101, solot klaus\u012bt\u0101jiem p\u0101rsteigumiem bag\u0101tu skan\u0113jumu.<\/p>\n<p class=\"MsoNormal\">\u25cf Marija Valmiera \u2013 vok\u0101liste ar vienreiz\u0113ji izteiksm\u012bgu balss tembru, kuru paz\u012bstam no &#8220;The Coco\u2019nuts&#8221;, trio &#8220;Kalnejas&#8221;, k\u0101 ar\u012b Eimijai Vainhausai velt\u012bt\u0101 koncerta turpat &#8220;M\/Darbn\u012bc\u0101&#8221;. \u0160obr\u012bd Marija veido savu ce\u013cu k\u0101 solo m\u0101ksliniece, str\u0101d\u0101jot pie jaunas ori\u0123in\u0101lm\u016bzikas.<\/p>\n<p>11. apr\u012blis: Nubaijas Garsijas kvartets koncertz\u0101l\u0113 &#8220;Palladium&#8221;<\/p>\n<p><img decoding=\"async\" class=\"figure__image\" onclick=\"triggerEvent('articleImageClick', { id: 17411265, focus: 'single-image', focusIndex: '17411265' })\" onkeydown=\"if (event.key === 'Enter') {&#10;        triggerEvent('articleImageClick', { id: 17411265, focus: 'single-image', focusIndex: '17411265' })&#10;        }\" role=\"button\" tabindex=\"0\" data-focus-from=\"single-image\" data-focus-index=\"17411265\" src=\"https:\/\/www.europesays.com\/lv\/wp-content\/uploads\/2026\/01\/17411265t1h2140.jpg\"  onload=\"this.parentElement.classList.remove('figure__image-loading')\" alt=\"Lielbrit\u0101nijas d\u017eeza d\u012bva, saksofoniste Nubaija Garsija.\"\/>Lielbrit\u0101nijas d\u017eeza d\u012bva, saksofoniste Nubaija Garsija. Foto: Marianna Pires<\/p>\n<p class=\"MsoNormal\">Sestdienas vakar\u0101 uz &#8220;Palladium&#8221; skatuves k\u0101ps viena no pasaules piepras\u012bt\u0101kaj\u0101m d\u017eeza saksofonist\u0113m Nubaija Garsija (Nubya Garcia). London\u0101 dzimus\u012b m\u0101ksliniece, kuras kont\u0101 ir &#8220;Mercury Prize&#8221; nomin\u0101cija un kriti\u0137u slavin\u0101ti albumi &#8220;Odyssey&#8221; un &#8220;Source&#8221;, R\u012bg\u0101 ierad\u012bsies sava kvarteta sast\u0101v\u0101, lai pied\u0101v\u0101tu unik\u0101lu d\u017eeza, dub, R&amp;B un klasisk\u0101s m\u016bzikas sint\u0113zi.<\/p>\n<p>\u00a0<\/p>\n<p class=\"MsoNormal\">Pink Noise Riga koncert\u0101 kop\u0101 ar saksofonisti uzst\u0101sies izcili britu m\u016bzi\u0137i \u2013 Lails B\u0101rtons (Lyle Barton, tausti\u0146instrumenti), Sems D\u017eonss (Sam Jones, bungas), un Makss Lutherts (Max Luthert,kontrabass).<\/p>\n","protected":false},"excerpt":{"rendered":"\u25cf JULIANNA \u2013 dzied\u0101t\u0101ja un producente, kura efekt\u012bvi kombin\u0113 R&amp;B, indie un elektronisko m\u016bziku. Festiv\u0101l\u0101 vi\u0146a pied\u0101v\u0101s ieskatu&hellip;\n","protected":false},"author":2,"featured_media":116776,"comment_status":"","ping_status":"","sticky":false,"template":"","format":"standard","meta":{"footnotes":""},"categories":[19],"tags":[2659,89,90,35,39,38,36,37,34,40,6782,4635,26955],"class_list":{"0":"post-116775","1":"post","2":"type-post","3":"status-publish","4":"format-standard","5":"has-post-thumbnail","7":"category-izklaide","8":"tag-dzezs","9":"tag-entertainment","10":"tag-izklaide","11":"tag-latvia","12":"tag-latvian","13":"tag-latviesu","14":"tag-latviesu-valoda","15":"tag-latviesuvaloda","16":"tag-latvija","17":"tag-lv","18":"tag-muzikas-nams-daile","19":"tag-palladium-riga","20":"tag-pink-noise-riga"},"share_on_mastodon":{"url":"https:\/\/pubeurope.com\/@lv\/115979114411675394","error":""},"_links":{"self":[{"href":"https:\/\/www.europesays.com\/lv\/wp-json\/wp\/v2\/posts\/116775","targetHints":{"allow":["GET"]}}],"collection":[{"href":"https:\/\/www.europesays.com\/lv\/wp-json\/wp\/v2\/posts"}],"about":[{"href":"https:\/\/www.europesays.com\/lv\/wp-json\/wp\/v2\/types\/post"}],"author":[{"embeddable":true,"href":"https:\/\/www.europesays.com\/lv\/wp-json\/wp\/v2\/users\/2"}],"replies":[{"embeddable":true,"href":"https:\/\/www.europesays.com\/lv\/wp-json\/wp\/v2\/comments?post=116775"}],"version-history":[{"count":0,"href":"https:\/\/www.europesays.com\/lv\/wp-json\/wp\/v2\/posts\/116775\/revisions"}],"wp:featuredmedia":[{"embeddable":true,"href":"https:\/\/www.europesays.com\/lv\/wp-json\/wp\/v2\/media\/116776"}],"wp:attachment":[{"href":"https:\/\/www.europesays.com\/lv\/wp-json\/wp\/v2\/media?parent=116775"}],"wp:term":[{"taxonomy":"category","embeddable":true,"href":"https:\/\/www.europesays.com\/lv\/wp-json\/wp\/v2\/categories?post=116775"},{"taxonomy":"post_tag","embeddable":true,"href":"https:\/\/www.europesays.com\/lv\/wp-json\/wp\/v2\/tags?post=116775"}],"curies":[{"name":"wp","href":"https:\/\/api.w.org\/{rel}","templated":true}]}}