{"id":116777,"date":"2026-01-29T15:35:10","date_gmt":"2026-01-29T15:35:10","guid":{"rendered":"https:\/\/www.europesays.com\/lv\/116777\/"},"modified":"2026-01-29T15:35:10","modified_gmt":"2026-01-29T15:35:10","slug":"no-baltkrievijas-ielido-kontrabandistu-gaisa-baloni","status":"publish","type":"post","link":"https:\/\/www.europesays.com\/lv\/116777\/","title":{"rendered":"no Baltkrievijas ielido kontrabandistu gaisa baloni"},"content":{"rendered":"<p>Polija ir viena no valst\u012bm bloka austrumu pierobe\u017e\u0101, kas spiesta atvair\u012bt neleg\u0101lo imigrantu uzpl\u016bdus, kurus organiz\u0113 Baltkrievija un Krievija, izmantojot to k\u0101 hibr\u012bdkara metodi. Kop\u0161 2021. gada t\u016bksto\u0161iem neleg\u0101lo imigrantu, pamat\u0101 no Tuvajiem Austrumiem, m\u0113\u0123in\u0101ju\u0161i no Baltkrievijas iek\u013c\u016bt Eiropas Savien\u012bb\u0101 (ES), nelikum\u012bgi \u0161\u0137\u0113rsojot Polijas robe\u017eu. S\u0101kot ar 2022. gada vidu, Polija ir nodro\u0161in\u0101jusi robe\u017eu ar Baltkrieviju ar 5,5 metrus augstu \u017eogu un elektronisk\u0101s uzraudz\u012bbas sist\u0113mu.<\/p>\n","protected":false},"excerpt":{"rendered":"Polija ir viena no valst\u012bm bloka austrumu pierobe\u017e\u0101, kas spiesta atvair\u012bt neleg\u0101lo imigrantu uzpl\u016bdus, kurus organiz\u0113 Baltkrievija un&hellip;\n","protected":false},"author":2,"featured_media":116778,"comment_status":"","ping_status":"","sticky":false,"template":"","format":"standard","meta":{"footnotes":""},"categories":[14],"tags":[23,57,28,29,32,33,22,30,31,35,39,38,36,37,34,40,20,26,27,24,25,54,55,56,21,58],"class_list":{"0":"post-116777","1":"post","2":"type-post","3":"status-publish","4":"format-standard","5":"has-post-thumbnail","7":"category-zinas-no-arvalstim","8":"tag-aktualitates","9":"tag-arvalstim","10":"tag-breaking-news","11":"tag-breakingnews","12":"tag-featured-news","13":"tag-featurednews","14":"tag-headlines","15":"tag-latest-news","16":"tag-latestnews","17":"tag-latvia","18":"tag-latvian","19":"tag-latviesu","20":"tag-latviesu-valoda","21":"tag-latviesuvaloda","22":"tag-latvija","23":"tag-lv","24":"tag-news","25":"tag-popularakas-zinas","26":"tag-popularakaszinas","27":"tag-top-stories","28":"tag-topstories","29":"tag-world","30":"tag-world-news","31":"tag-worldnews","32":"tag-zinas","33":"tag-zinas-no-arvalstim"},"share_on_mastodon":{"url":"https:\/\/pubeurope.com\/@lv\/115979126228343887","error":""},"_links":{"self":[{"href":"https:\/\/www.europesays.com\/lv\/wp-json\/wp\/v2\/posts\/116777","targetHints":{"allow":["GET"]}}],"collection":[{"href":"https:\/\/www.europesays.com\/lv\/wp-json\/wp\/v2\/posts"}],"about":[{"href":"https:\/\/www.europesays.com\/lv\/wp-json\/wp\/v2\/types\/post"}],"author":[{"embeddable":true,"href":"https:\/\/www.europesays.com\/lv\/wp-json\/wp\/v2\/users\/2"}],"replies":[{"embeddable":true,"href":"https:\/\/www.europesays.com\/lv\/wp-json\/wp\/v2\/comments?post=116777"}],"version-history":[{"count":0,"href":"https:\/\/www.europesays.com\/lv\/wp-json\/wp\/v2\/posts\/116777\/revisions"}],"wp:featuredmedia":[{"embeddable":true,"href":"https:\/\/www.europesays.com\/lv\/wp-json\/wp\/v2\/media\/116778"}],"wp:attachment":[{"href":"https:\/\/www.europesays.com\/lv\/wp-json\/wp\/v2\/media?parent=116777"}],"wp:term":[{"taxonomy":"category","embeddable":true,"href":"https:\/\/www.europesays.com\/lv\/wp-json\/wp\/v2\/categories?post=116777"},{"taxonomy":"post_tag","embeddable":true,"href":"https:\/\/www.europesays.com\/lv\/wp-json\/wp\/v2\/tags?post=116777"}],"curies":[{"name":"wp","href":"https:\/\/api.w.org\/{rel}","templated":true}]}}