{"id":116779,"date":"2026-01-29T15:37:11","date_gmt":"2026-01-29T15:37:11","guid":{"rendered":"https:\/\/www.europesays.com\/lv\/116779\/"},"modified":"2026-01-29T15:37:11","modified_gmt":"2026-01-29T15:37:11","slug":"decembri-iedzivotaju-terinu-entuziasms-pagaisis-tirgotaju-ceribas-neattaisnojas-raksts","status":"publish","type":"post","link":"https:\/\/www.europesays.com\/lv\/116779\/","title":{"rendered":"Decembr\u012b iedz\u012bvot\u0101ju t\u0113ri\u0146u entuziasms pagaisis; tirgot\u0101ju cer\u012bbas \u2013 neattaisnojas \/ Raksts"},"content":{"rendered":"<p>                T\u0113ri\u0146u entuziasms pagaisis<\/p>\n<p>Decembra mazumtirdzniec\u012bbas dati v\u0113sta, ka re\u0101lais apgroz\u012bjums gada laik\u0101 pieauga par 0,8\u00a0%, bet m\u0113ne\u0161a laik\u0101 samazin\u0101j\u0101s par 0,8\u00a0%.<\/p>\n<p>&#8220;T\u0101tad tas ir bijis v\u0101j\u0101kais sniegums kop\u0161 maija. Da\u013c\u0113ji tas ir b\u0101zes efekts, jo aizp\u0113rnais decembris mazumtirdzniec\u012bbai bija \u013coti veiksm\u012bgs. Aizvad\u012btaj\u0101 gad\u0101 pre\u010du p\u0101rdo\u0161ana kopum\u0101 auga par 1,5\u00a0%, kas ir lab\u0101k nek\u0101 gadu iepriek\u0161, bet joproj\u0101m \u013coti pietic\u012bgi uz tautsaimniec\u012bbas datu kopainas fona,&#8221; v\u0113rt\u0113ja &#8220;Luminor&#8221; bankas ekonomists P\u0113teris Strauti\u0146\u0161.<\/p>\n<p>&#8220;Citadeles&#8221; bankas ekonomists K\u0101rlis Purgailis nor\u0101d\u012bja, ka, pieaugot pat\u0113r\u0113t\u0101ju pirktsp\u0113jai un p\u0101rtikas cen\u0101m, iedz\u012bvot\u0101ji ikdienas p\u0101rtikas groz\u0101 2025. gada decembr\u012b t\u0113r\u0113ju\u0161i gandr\u012bz t\u0101pat k\u0101 l\u012bdz \u0161im, mazumtirdzniec\u012bbai \u0161aj\u0101 jom\u0101 pieaugot vien par 0,2 % sal\u012bdzin\u0101jum\u0101 ar 2024. gada decembri.<\/p>\n<p>&#8220;Ja raug\u0101mies uz mazumtirdzniec\u012bbas apgroz\u012bjumu p\u0101rtikas veikalos faktiskaj\u0101s cen\u0101s, j\u0101secina, ka 2025. gada vid\u0113jais apgroz\u012bjums, sal\u012bdzinot ar 2024. gadu, ir audzis vien par 3,3 %.<\/p>\n<blockquote>\n<p>Tas liecina par visp\u0101r\u0113ju piel\u0101go\u0161anos p\u0101rtikas cenu k\u0101pumam, apdom\u012bg\u0101kiem un taup\u012bg\u0101kiem p\u0101rtikas pirkumiem, ietaup\u012btos l\u012bdzek\u013cus novirzot citiem ilg\u0101ku laiku atliktiem izdevumiem, piem\u0113ram, elektroprec\u0113m, kosm\u0113tikai un vesel\u012bbas apr\u016bpei,&#8221; v\u0113rt\u0113ja Purgailis.<\/p>\n<\/blockquote>\n<p>P\u0113c vi\u0146a teikt\u0101, apgroz\u012bjuma pieaugums koncentr\u0113j\u0101s atsevi\u0161\u0137os mazumtirdzniec\u012bbas segmentos, galvenok\u0101rt\u00a0nep\u0101rtikas pre\u010du grup\u0101s, kam\u0113r cit\u0101s nozar\u0113s rezult\u0101ti bija v\u0101j\u0101ki. Sal\u012bdzin\u0101jum\u0101 ar 2024. gada decembri par 13,2 % pieaudzis apgroz\u012bjums farmaceitisko un medic\u012bnisko pre\u010du mazumtirdzniec\u012bb\u0101.<\/p>\n<p>Iedz\u012bvot\u0101ji bie\u017e\u0101k nek\u0101 iepriek\u0161 ieg\u0101d\u0101ju\u0161ies ar\u012b m\u0101jsaimniec\u012bbas elektroier\u012bces un inform\u0101cijas un komunik\u0101cijas tehnolo\u0123ijas tam paredz\u0113tos veikalos. Maz\u0101k l\u012bdzek\u013cu \u0123imenes atv\u0113l\u0113ju\u0161as kult\u016bras un atp\u016btas prec\u0113m, ap\u0123\u0113rbam, apaviem, m\u0101jsaimniec\u012bbas instrumentiem un b\u016bvmateri\u0101liem.<\/p>\n<p>Ar\u012b Latvijas Bankas ekonomiste Daina Paula atzina, ka\u00a0decembr\u012b t\u0113ri\u0146u entuziasms liel\u0101 m\u0113r\u0101 bija pagaisis un mazumtirdzniec\u012bbas k\u0101pums m\u0113ne\u0161u datu dinamik\u0101 vairs nebija v\u0113rojams.<\/p>\n<blockquote>\n<p>Jaun\u0101kie Latvijas Bankas dati par noguld\u012bjumu atlikuma pieaugumu decembr\u012b r\u0101da gada nogalei rakstur\u012bgu depoz\u012btu pieaugumu.<\/p>\n<\/blockquote>\n<p>Ta\u010du Eiropas Komisijas jaun\u0101k\u0101s noska\u0146ojuma aptaujas rezult\u0101tos redzams, ka tagadnes t\u0113ri\u0146us, iesp\u0113jams, nedaudz piezem\u0113 da\u013cas iedz\u012bvot\u0101ju augo\u0161a interese vai pl\u0101ni tuv\u0101ko 12 m\u0113ne\u0161u laik\u0101 veikt liel\u0101kus pirkumus, uzlabot vai ieg\u0101d\u0101ties m\u0101jokli, kl\u0101st\u012bja Paula.<\/p>\n<p>Saglab\u0101sies piesardz\u012bga attieksme<\/p>\n<p>Run\u0101jot par 2026. gadu, prognozes par pat\u0113ri\u0146u kopum\u0101 un ar\u012b mazumtirdzniec\u012bbu ir nemain\u012bgi pozit\u012bvas, atzina &#8220;Luminor&#8221; bankas ekonomists.<\/p>\n<p>&#8220;Algu pieaugums turpin\u0101s. Izejvielu tirgi ir pat\u0113r\u0113t\u0101jiem labv\u0113l\u012bgi. Lai ar\u012b aukstuma vilnis gada s\u0101kum\u0101 rad\u012bs ener\u0123ijas izdevumu k\u0101pumu, tas nevar noz\u012bm\u012bgi ietekm\u0113t pirktsp\u0113ju gad\u0101 kopum\u0101. M\u0101jsaimniec\u012bbu kredit\u0113\u0161ana aug, stiprinot &#8220;ekonomika aug t\u0101p\u0113c, ka t\u0101 aug&#8221; efektu \u2013 optimisma pieaugums stiprina pat\u0113ri\u0146u, kas, savuk\u0101rt, ietekm\u0113 ien\u0101kumus, un tie\u00a0t\u0101l\u0101k stiprina optimismu un pat\u0113ri\u0146u.\u00a0Gravit\u0101cija nav atcelta, bet cikliskie faktori ekonomik\u0101 var sp\u0113l\u0113t lielu lomu. Ta\u010du \u0161o progno\u017eu piepild\u012b\u0161an\u0101s ce\u013c\u0101 b\u016bs ar\u012b da\u017e\u0101di \u0161\u0137\u0113r\u0161\u013ci,&#8221; nor\u0101d\u012bja Strauti\u0146\u0161.<\/p>\n<blockquote>\n<p>&#8220;Citadeles&#8221; bankas ekonomists sprieda, ka\u00a02026. gad\u0101 mazumtirdzniec\u012bbas perspekt\u012bvas kopum\u0101 ir pozit\u012bvas, ta\u010du izaugsme, visticam\u0101k, b\u016bs pak\u0101peniska, nevis strauja.<\/p>\n<\/blockquote>\n<p>Pirktsp\u0113ja turpin\u0101s uzlaboties, jo algu k\u0101pums Latvij\u0101 saglab\u0101sies strauj\u0101ks par infl\u0101ciju. Infl\u0101cijas spiediens 2026. gad\u0101 var\u0113tu mazin\u0101ties sal\u012bdzin\u0101jum\u0101 ar 2025. gadu, kas rad\u012bs labv\u0113l\u012bgu vidi pat\u0113ri\u0146a pieaugumam, v\u0113rt\u0113ja Purgailis.<\/p>\n<p>&#8220;Ja raug\u0101mies uz vid\u0113jo bruto algu pieaugumu un vid\u0113jo cenu l\u012bme\u0146a izmai\u0146\u0101m p\u0113d\u0113jos piecos gados, j\u0101secina, ka iedz\u012bvot\u0101ju pirktsp\u0113ja ir iev\u0113rojami uzlabojusies. Kop\u0161 2021. gada s\u0101kuma vid\u0113jais bruto atalgojums Latvij\u0101 ir pieaudzis par 51,3 %, savuk\u0101rt vid\u0113jais cenu l\u012bmenis \u2013 par 38,4 %. Ja \u0146emam v\u0113r\u0101\u00a0p\u0113d\u0113jos gados \u012bstenot\u0101s izmai\u0146as darba nodok\u013cos, tai skait\u0101 neapliekam\u0101 minimuma palielin\u0101\u0161anu, tad re\u0101lo ien\u0101kumu pieauguma starp\u012bba pret vid\u0113jo cenu pieaugumu ir v\u0113l liel\u0101ka,&#8221; nor\u0101d\u012bja bankas &#8220;Citadele&#8221; ekonomists.<\/p>\n<p>Vi\u0146apr\u0101t, pat\u0113r\u0113t\u0101ju uzved\u012bba ar\u012b \u0161ogad, visticam\u0101k, saglab\u0101sies piesardz\u012bga \u2013 glob\u0101l\u0101 nenoteikt\u012bba, \u0123eopolitiskie riski un ekonomisk\u0101s sv\u0101rst\u012bbas mudin\u0101s iedz\u012bvot\u0101jus da\u013cu ien\u0101kumu joproj\u0101m uzkr\u0101t, nevis nekav\u0113joties t\u0113r\u0113t.<\/p>\n<blockquote>\n<p>&#8220;Tas noz\u012bm\u0113, ka mazumtirdzniec\u012bb\u0101 ieguv\u0113ji b\u016bs tie segmenti, kas saist\u012bti ar atlikto pirkumu realiz\u0113\u0161anu \u2013 sadz\u012bves tehnika, elektronika, transportl\u012bdzek\u013ci, kam\u0113r ikdienas pat\u0113ri\u0146a pre\u010du, \u012bpa\u0161i p\u0101rtikas, apjomi, visticam\u0101k, augs m\u0113reni.<\/p>\n<\/blockquote>\n<p>Kopum\u0101 2026. gads var\u0113tu iez\u012bm\u0113t l\u0113nu, bet notur\u012bgu atgrie\u0161anos pie vesel\u012bg\u0101kas mazumtirdzniec\u012bbas izaugsmes, kur pat\u0113ri\u0146\u0161 balst\u0101s re\u0101l\u0101s iesp\u0113j\u0101s, nevis emocion\u0101l\u0101 p\u0101rt\u0113ri\u0146\u0101,&#8221; sprieda Purgailis.<\/p>\n","protected":false},"excerpt":{"rendered":"T\u0113ri\u0146u entuziasms pagaisis Decembra mazumtirdzniec\u012bbas dati v\u0113sta, ka re\u0101lais apgroz\u012bjums gada laik\u0101 pieauga par 0,8\u00a0%, bet m\u0113ne\u0161a laik\u0101&hellip;\n","protected":false},"author":2,"featured_media":116780,"comment_status":"","ping_status":"","sticky":false,"template":"","format":"standard","meta":{"footnotes":""},"categories":[5],"tags":[23,28,29,32,33,22,30,31,35,39,38,36,37,34,40,20,26,27,24,25,21],"class_list":{"0":"post-116779","1":"post","2":"type-post","3":"status-publish","4":"format-standard","5":"has-post-thumbnail","7":"category-aktualitates","8":"tag-aktualitates","9":"tag-breaking-news","10":"tag-breakingnews","11":"tag-featured-news","12":"tag-featurednews","13":"tag-headlines","14":"tag-latest-news","15":"tag-latestnews","16":"tag-latvia","17":"tag-latvian","18":"tag-latviesu","19":"tag-latviesu-valoda","20":"tag-latviesuvaloda","21":"tag-latvija","22":"tag-lv","23":"tag-news","24":"tag-popularakas-zinas","25":"tag-popularakaszinas","26":"tag-top-stories","27":"tag-topstories","28":"tag-zinas"},"share_on_mastodon":{"url":"https:\/\/pubeurope.com\/@lv\/115979134367697544","error":""},"_links":{"self":[{"href":"https:\/\/www.europesays.com\/lv\/wp-json\/wp\/v2\/posts\/116779","targetHints":{"allow":["GET"]}}],"collection":[{"href":"https:\/\/www.europesays.com\/lv\/wp-json\/wp\/v2\/posts"}],"about":[{"href":"https:\/\/www.europesays.com\/lv\/wp-json\/wp\/v2\/types\/post"}],"author":[{"embeddable":true,"href":"https:\/\/www.europesays.com\/lv\/wp-json\/wp\/v2\/users\/2"}],"replies":[{"embeddable":true,"href":"https:\/\/www.europesays.com\/lv\/wp-json\/wp\/v2\/comments?post=116779"}],"version-history":[{"count":0,"href":"https:\/\/www.europesays.com\/lv\/wp-json\/wp\/v2\/posts\/116779\/revisions"}],"wp:featuredmedia":[{"embeddable":true,"href":"https:\/\/www.europesays.com\/lv\/wp-json\/wp\/v2\/media\/116780"}],"wp:attachment":[{"href":"https:\/\/www.europesays.com\/lv\/wp-json\/wp\/v2\/media?parent=116779"}],"wp:term":[{"taxonomy":"category","embeddable":true,"href":"https:\/\/www.europesays.com\/lv\/wp-json\/wp\/v2\/categories?post=116779"},{"taxonomy":"post_tag","embeddable":true,"href":"https:\/\/www.europesays.com\/lv\/wp-json\/wp\/v2\/tags?post=116779"}],"curies":[{"name":"wp","href":"https:\/\/api.w.org\/{rel}","templated":true}]}}