{"id":116783,"date":"2026-01-29T15:44:09","date_gmt":"2026-01-29T15:44:09","guid":{"rendered":"https:\/\/www.europesays.com\/lv\/116783\/"},"modified":"2026-01-29T15:44:09","modified_gmt":"2026-01-29T15:44:09","slug":"patriks-svarcenegers-atceras-teta-arnolda-iecienitako-gimenes-atvalinajumu-galamerki-berniba-tur-bija-viss","status":"publish","type":"post","link":"https:\/\/www.europesays.com\/lv\/116783\/","title":{"rendered":"Patriks \u0160varcenegers atceras t\u0113ta Arnolda iecien\u012bt\u0101ko \u0123imenes atva\u013cin\u0101jumu galam\u0113r\u0137i b\u0113rn\u012bb\u0101: \u201cTur bija viss\u201d"},"content":{"rendered":"<p>            <img loading=\"lazy\" decoding=\"async\" class=\"size-thumbnail wp-image-3288633 skaties-content-image\" title=\"LA Premiere of \" the=\"\" white=\"\" lotus=\"\" season=\"\" src=\"https:\/\/www.europesays.com\/lv\/wp-content\/uploads\/2026\/01\/57e6-67c5be2bab9bc-672x448.jpg\" alt=\"LA Premiere of \" width=\"672\" height=\"448\"  \/><\/p>\n<p>                Arnolds \u0160varcenegers (no kreis\u0101s) un Patriks \u0160varcenegers ce\u013c \u012bk\u0161\u0137us \u201cBalt\u0101 lotosa\u201d tre\u0161\u0101s sezonas pirmizr\u0101des laik\u0101. FOTO: Chris Pizzello\/Invision\/AP<\/p>\n<p>32 gadus vecais Patriks st\u0101st\u012bja par to, k\u0101, augot, vi\u0146a \u0123imene ce\u013coja starp ASV un Eiropu atkar\u012bb\u0101 no t\u0101, kur str\u0101d\u0101ja 78 gadus vecais Arnolds.<\/p>\n<p>\u201cTad, kad vi\u0146\u0161 k\u013cuva par Kalifornijas gubernatoru [no 2003. l\u012bdz 2011. gadam], m\u0113s brauc\u0101m uz Sakramento, lai vi\u0146u apciemotu, dodoties plosto\u0161an\u0101 pa kr\u0101c\u0113m un apmekl\u0113jot tuksnesi,\u201d Patriks past\u0101st\u012bja medijam.<\/p>\n<p>\u201cManam t\u0113tim patika uztur\u0113ties Kalifornij\u0101. Vi\u0146\u0161 uzskat\u012bja, ka tur ir viss, s\u0101kot no pludmal\u0113m un sl\u0113po\u0161anas l\u012bdz kalniem un tuksnesim,\u201d sac\u012bja Patriks, v\u0113l\u0101k piebilstot, ka vi\u0146\u0161 joproj\u0101m t\u0101 j\u016btas Kalifornij\u0101, kur vi\u0146\u0161 tagad dz\u012bvo.<\/p>\n<p>\u201cKalifornij\u0101 var braukt stundu jebkur\u0101 virzien\u0101 \u2014 bez satiksmes sastr\u0113gumiem \u2014 un justies k\u0101 pavisam cit\u0101 viet\u0101,\u201d skaidroja aktieris.<\/p>\n<p class=\"ad-desc ad-desc-main\">Saturs turpin\u0101s p\u0113c rekl\u0101mas<\/p>\n<p class=\"ad-desc ad-desc-sec\">Rekl\u0101ma<\/p>\n<p>Filmas \u201cTerminal List\u201d aktieris piemin\u0113ja iesp\u0113ju ce\u013cot Speci\u0101lo olimpisko sp\u0113\u013cu ietvaros, kuras 1968. gad\u0101 nodibin\u0101ja vi\u0146a vecm\u0101mi\u0146a J\u016bnisa Kenedija \u0160raivere. K\u0101 br\u012bvpr\u0101t\u012bgais Pasaules sp\u0113l\u0113s Patriks dev\u0101s uz \u0136\u012bnu, Grie\u0137iju, Ab\u016b Dab\u012b un Dubaiju.<\/p>\n<p>\u201cViena no man\u0101m agr\u0101kaj\u0101m atmi\u0146\u0101m bija do\u0161an\u0101s uz Dienvid\u0101friku Speci\u0101laj\u0101s olimpisk\u0101s sp\u0113l\u0113s,\u201d vi\u0146\u0161 teica, nosaucot darba braucienus par \u201clielisk\u0101m ce\u013co\u0161anas pieredz\u0113m\u201d.<\/p>\n<p>Vi\u0146\u0161 ar\u012b run\u0101ja par to, k\u0101 vi\u0146\u0161 apvieno darbu un atp\u016btu, film\u0113joties da\u017e\u0101d\u0101s pasaules viet\u0101s.<\/p>\n<p>            <img loading=\"lazy\" decoding=\"async\" class=\"size-thumbnail wp-image-3605755 skaties-content-image\" title=\"FILM-F1\/LONDON-PREMIERE\" src=\"https:\/\/www.europesays.com\/lv\/wp-content\/uploads\/2026\/01\/c3dc-68bfc9f97d81f-672x448.jpg\" alt=\"FILM-F1\/LONDON-PREMIERE\" width=\"672\" height=\"448\"  \/><\/p>\n<p>                Aktieris Patriks \u0160varcenegers un vi\u0146a l\u012bgava modele Ebija Kempjone FOTO: Maja Smiejkowska, REUTERS<\/p>\n<p>\u201cJa esmu Taizem\u0113, es atved\u012b\u0161u savu sievu, un m\u0113s tur kaut ko dar\u012bsim, un, kad es \u0161ovasar film\u0113jos London\u0101, m\u0113s ce\u013coj\u0101m pa Eiropu,\u201d vi\u0146\u0161 teica, atsaucoties uz <a href=\"https:\/\/tv3.lv\/dzivesstils\/sievietei\/attiecibas\/patriks-svarcenegers-apprecas-intima-ceremonija-uz-klints-ezera-krasta\/\" rel=\"nofollow noopener\" target=\"_blank\">Ebiju \u010cempioni, ar kuru vi\u0146\u0161 apprec\u0113j\u0101s 2025. gada septembr\u012b<\/a>.<\/p>\n<p>\u201cT\u0101 ir vair\u0101k atva\u013cin\u0101juma apvieno\u0161ana ar darbu, kas ir strat\u0113\u0123iska lieta,\u201d vi\u0146\u0161 teica.<\/p>\n<p>Patriks run\u0101ja ar \u201cPeople\u201d par dal\u012bbu seri\u0101la \u201cBaltais lotoss\u201d tre\u0161aj\u0101 sezon\u0101 2025. gada febru\u0101r\u012b sac\u012bja: \u201cKatru reizi, kad m\u0113s skat\u012bj\u0101mies \u0161o seri\u0101lu\u2026 mana mamma vienm\u0113r teica: \u201cK\u0101p\u0113c tu nepiedal\u012bjies \u0161aj\u0101 atlas\u0113? K\u0101p\u0113c tu nepiedal\u012bjies \u0161aj\u0101?\u201d Un mana m\u0101sa teica: \u201cTev t\u016bl\u012bt j\u0101piezvana saviem a\u0123entiem. Tas ir smiekl\u012bgi, ka tu nepiedalies \u0161ov\u0101, ka tu pat nepiedal\u012bjies atlas\u0113,\u201d\u201d vi\u0146\u0161 teica par 70 gadus veco Mariju.<\/p>\n","protected":false},"excerpt":{"rendered":"Arnolds \u0160varcenegers (no kreis\u0101s) un Patriks \u0160varcenegers ce\u013c \u012bk\u0161\u0137us \u201cBalt\u0101 lotosa\u201d tre\u0161\u0101s sezonas pirmizr\u0101des laik\u0101. FOTO: Chris Pizzello\/Invision\/AP&hellip;\n","protected":false},"author":2,"featured_media":116784,"comment_status":"","ping_status":"","sticky":false,"template":"","format":"standard","meta":{"footnotes":""},"categories":[19],"tags":[26957,89,90,35,39,38,36,37,34,40],"class_list":{"0":"post-116783","1":"post","2":"type-post","3":"status-publish","4":"format-standard","5":"has-post-thumbnail","7":"category-izklaide","8":"tag-arnolds-svarcenegershbo-serialspatriks-svarcenegersserials-baltais-lotossskaties-go3","9":"tag-entertainment","10":"tag-izklaide","11":"tag-latvia","12":"tag-latvian","13":"tag-latviesu","14":"tag-latviesu-valoda","15":"tag-latviesuvaloda","16":"tag-latvija","17":"tag-lv"},"share_on_mastodon":{"url":"https:\/\/pubeurope.com\/@lv\/115979161614623989","error":""},"_links":{"self":[{"href":"https:\/\/www.europesays.com\/lv\/wp-json\/wp\/v2\/posts\/116783","targetHints":{"allow":["GET"]}}],"collection":[{"href":"https:\/\/www.europesays.com\/lv\/wp-json\/wp\/v2\/posts"}],"about":[{"href":"https:\/\/www.europesays.com\/lv\/wp-json\/wp\/v2\/types\/post"}],"author":[{"embeddable":true,"href":"https:\/\/www.europesays.com\/lv\/wp-json\/wp\/v2\/users\/2"}],"replies":[{"embeddable":true,"href":"https:\/\/www.europesays.com\/lv\/wp-json\/wp\/v2\/comments?post=116783"}],"version-history":[{"count":0,"href":"https:\/\/www.europesays.com\/lv\/wp-json\/wp\/v2\/posts\/116783\/revisions"}],"wp:featuredmedia":[{"embeddable":true,"href":"https:\/\/www.europesays.com\/lv\/wp-json\/wp\/v2\/media\/116784"}],"wp:attachment":[{"href":"https:\/\/www.europesays.com\/lv\/wp-json\/wp\/v2\/media?parent=116783"}],"wp:term":[{"taxonomy":"category","embeddable":true,"href":"https:\/\/www.europesays.com\/lv\/wp-json\/wp\/v2\/categories?post=116783"},{"taxonomy":"post_tag","embeddable":true,"href":"https:\/\/www.europesays.com\/lv\/wp-json\/wp\/v2\/tags?post=116783"}],"curies":[{"name":"wp","href":"https:\/\/api.w.org\/{rel}","templated":true}]}}