{"id":116789,"date":"2026-01-29T15:49:12","date_gmt":"2026-01-29T15:49:12","guid":{"rendered":"https:\/\/www.europesays.com\/lv\/116789\/"},"modified":"2026-01-29T15:49:12","modified_gmt":"2026-01-29T15:49:12","slug":"dzeltenais-bridinajums-sonakt-gaidams-stiprs-sals","status":"publish","type":"post","link":"https:\/\/www.europesays.com\/lv\/116789\/","title":{"rendered":"Dzeltenais br\u012bdin\u0101jums: \u0161onakt gaid\u0101ms stiprs sals"},"content":{"rendered":"<p>\t\t        \t<a href=\"https:\/\/www.daugavpils.lv\/assets\/upload\/news\/2026\/01\/dvpp-pr-2036-01-29_max.png\" rel=\"nofollow noopener\" target=\"_blank\"><img decoding=\"async\" src=\"https:\/\/www.europesays.com\/lv\/wp-content\/uploads\/2026\/01\/dvpp-pr-2036-01-29_sml.png\" class=\"news-image\" title=\"Dzeltenais br\u012bdin\u0101jums: \u0161onakt gaid\u0101ms stiprs sals\" alt=\"Dzeltenais br\u012bdin\u0101jums: \u0161onakt gaid\u0101ms stiprs sals\"\/><\/a><\/p>\n<p>\u0160onakt Latvijas centr\u0101lajos un austrumu rajonos gaid\u0101ms stiprs sals, t\u0101p\u0113c Latvijas Vides \u0123eolo\u0123ijas un meteorolo\u0123ijas centrs izsludin\u0101jis dzelteno br\u012bdin\u0101jumu, kas ir sp\u0113k\u0101 29. janv\u0101ra no plkst. 20.00 l\u012bdz 30. janv\u0101ra plkst. 10.00.<\/p>\n<p>&#13;<\/p>\n<p>Nakt\u012b no ceturtdienas uz piektdienu, k\u0101 ar\u012b piektdienas r\u012bt\u0101 Latvijas centr\u0101lajos un austrumu rajonos gaisa temperat\u016bra pazemin\u0101sies l\u012bdz -20&#8230;-24\u00b0C.<\/p>\n<p>&#13;<\/p>\n<p>Stipra sala laik\u0101 past\u0101v paaugstin\u0101ts apsald\u0113jumu un atdzi\u0161anas risks, \u012bpa\u0161i ilgsto\u0161i uzturoties \u0101rpus telp\u0101m. Iedz\u012bvot\u0101jiem ieteicams \u0123\u0113rbties atbilsto\u0161i laikapst\u0101k\u013ciem, izv\u0113loties siltu, v\u0113ju necaurlaid\u012bgu ap\u0123\u0113rbu, k\u0101 ar\u012b iesp\u0113ju robe\u017e\u0101s samazin\u0101t uztur\u0113\u0161anos \u0101r\u0101. \u012apa\u0161a uzman\u012bba j\u0101piev\u0113r\u0161 b\u0113rniem, senioriem un cilv\u0113kiem ar vesel\u012bbas probl\u0113m\u0101m.<\/p>\n<p>&#13;<\/p>\n<p>Zem\u0101s gaisa temperat\u016bras var rad\u012bt papildu riskus ar\u012b transportl\u012bdzek\u013cu lieto\u0161an\u0101 \u2013 iesp\u0113jamas gr\u016bt\u012bbas iedarbin\u0101t automa\u0161\u012bnu, akumulatoru boj\u0101jumi un paaugstin\u0101ts ce\u013cu satiksmes negad\u012bjumu risks. T\u0101p\u0113c autovad\u012bt\u0101jiem b\u016btu j\u0101p\u0101rliecin\u0101s par transportl\u012bdzek\u013cu tehnisko st\u0101vokli un t\u0101 atbilst\u012bbu ziemas apst\u0101k\u013ciem.<\/p>\n<p>&#13;<\/p>\n<p>Stiprs sals var izrais\u012bt ar\u012b \u016bdensapg\u0101des un apkures sist\u0113mu boj\u0101jumus. Priv\u0101tm\u0101ju \u012bpa\u0161niekiem \u012bpa\u0161i svar\u012bgi savlaic\u012bgi par\u016bp\u0113ties par cauru\u013cu siltin\u0101jumu un iev\u0113rot ugunsdro\u0161\u012bbas pras\u012bbas, lietojot papildu apkures ier\u012bces.<\/p>\n<p>&#13;<\/p>\n<p>Aktu\u0101l\u0101 inform\u0101cija par laikapst\u0101k\u013ciem un br\u012bdin\u0101jumiem pieejama Latvijas Vides \u0123eolo\u0123ijas un meteorolo\u0123ijas centra vietn\u0113 <a href=\"http:\/\/www.videscentrs.lvgmc.lv\" rel=\"nofollow noopener\" target=\"_blank\">www.videscentrs.lvgmc.lv<\/a> vai <a href=\"http:\/\/www.bridinajumi.lv\" rel=\"nofollow noopener\" target=\"_blank\">www.bridinajumi.lv<\/a>.<\/p>\n<p>&#13;<\/p>\n<p>Atg\u0101din\u0101m, ka bezmaksas pieejama m\u016bsdien\u012bga mobil\u0101 lietotne &#8220;112 Latvija&#8221;, kas uzlabo iesp\u0113ju iedz\u012bvot\u0101jiem, it \u012bpa\u0161i cilv\u0113kiem ar dzirdes un runas probl\u0113m\u0101m, sazin\u0101ties ar vienoto \u0101rk\u0101rtas pal\u012bdz\u012bbas izsaukumu numuru 112, k\u0101 ar\u012b sa\u0146emt un uzzin\u0101t inform\u0101ciju, kas ir b\u016btiska, lai sagatavotos iesp\u0113jamam apdraud\u0113jumam un mazin\u0101tu negad\u012bjuma sekas.\u00a0<a href=\"https:\/\/www.112.lv\/lv\/lapa\/4\/lietotne-112-latvija\" rel=\"nofollow noopener\" target=\"_blank\">Lejupiel\u0101d\u0113 lietotni \u201c112 Latvija\u201d<\/a><\/p>\n<p>&#13;<\/p>\n<p>Kritisku dro\u0161\u012bbas apdraud\u0113jumu gad\u012bjum\u0101 pazi\u0146ojumu par potenci\u0101lajiem dro\u0161\u012bbas riskiem iedz\u012bvot\u0101ji sa\u0146ems sav\u0101s mobilaj\u0101s ier\u012bc\u0113s, ko nodro\u0161ina \u0161ovasar Latvij\u0101 ieviest\u0101 \u0161\u016bnu apraide. \u00a0<a href=\"https:\/\/www.sargs.lv\/lv\/latvija\/2025-07-02\/latvija-sak-darboties-sunu-apraides-sistema-iedzivotaju-apzinosanai-krizes\" rel=\"nofollow noopener\" target=\"_blank\">Vair\u0101k inform\u0101cijas par \u0161\u016bnu apraides sist\u0113mu<\/a><\/p>\n<p>&#13;<\/p>\n<p>\u00a0<\/p>\n<p>&#13;<\/p>\n<p>Inform\u0101ciju sagatavoja<\/p>\n<p>&#13;<\/p>\n<p>Daugavpils valstspils\u0113tas pa\u0161vald\u012bbas<\/p>\n<p>&#13;<\/p>\n<p>Sabiedrisko attiec\u012bbu noda\u013ca<\/p>\n<p>&#13;<\/p>\n<p>\u00a0<\/p>\n","protected":false},"excerpt":{"rendered":"\u0160onakt Latvijas centr\u0101lajos un austrumu rajonos gaid\u0101ms stiprs sals, t\u0101p\u0113c Latvijas Vides \u0123eolo\u0123ijas un meteorolo\u0123ijas centrs izsludin\u0101jis dzelteno&hellip;\n","protected":false},"author":2,"featured_media":116790,"comment_status":"","ping_status":"","sticky":false,"template":"","format":"standard","meta":{"footnotes":""},"categories":[5],"tags":[23,28,29,32,33,22,30,31,35,39,38,36,37,34,40,20,26,27,24,25,21],"class_list":{"0":"post-116789","1":"post","2":"type-post","3":"status-publish","4":"format-standard","5":"has-post-thumbnail","7":"category-aktualitates","8":"tag-aktualitates","9":"tag-breaking-news","10":"tag-breakingnews","11":"tag-featured-news","12":"tag-featurednews","13":"tag-headlines","14":"tag-latest-news","15":"tag-latestnews","16":"tag-latvia","17":"tag-latvian","18":"tag-latviesu","19":"tag-latviesu-valoda","20":"tag-latviesuvaloda","21":"tag-latvija","22":"tag-lv","23":"tag-news","24":"tag-popularakas-zinas","25":"tag-popularakaszinas","26":"tag-top-stories","27":"tag-topstories","28":"tag-zinas"},"share_on_mastodon":{"url":"https:\/\/pubeurope.com\/@lv\/115979181376115004","error":""},"_links":{"self":[{"href":"https:\/\/www.europesays.com\/lv\/wp-json\/wp\/v2\/posts\/116789","targetHints":{"allow":["GET"]}}],"collection":[{"href":"https:\/\/www.europesays.com\/lv\/wp-json\/wp\/v2\/posts"}],"about":[{"href":"https:\/\/www.europesays.com\/lv\/wp-json\/wp\/v2\/types\/post"}],"author":[{"embeddable":true,"href":"https:\/\/www.europesays.com\/lv\/wp-json\/wp\/v2\/users\/2"}],"replies":[{"embeddable":true,"href":"https:\/\/www.europesays.com\/lv\/wp-json\/wp\/v2\/comments?post=116789"}],"version-history":[{"count":0,"href":"https:\/\/www.europesays.com\/lv\/wp-json\/wp\/v2\/posts\/116789\/revisions"}],"wp:featuredmedia":[{"embeddable":true,"href":"https:\/\/www.europesays.com\/lv\/wp-json\/wp\/v2\/media\/116790"}],"wp:attachment":[{"href":"https:\/\/www.europesays.com\/lv\/wp-json\/wp\/v2\/media?parent=116789"}],"wp:term":[{"taxonomy":"category","embeddable":true,"href":"https:\/\/www.europesays.com\/lv\/wp-json\/wp\/v2\/categories?post=116789"},{"taxonomy":"post_tag","embeddable":true,"href":"https:\/\/www.europesays.com\/lv\/wp-json\/wp\/v2\/tags?post=116789"}],"curies":[{"name":"wp","href":"https:\/\/api.w.org\/{rel}","templated":true}]}}