{"id":116791,"date":"2026-01-29T15:50:10","date_gmt":"2026-01-29T15:50:10","guid":{"rendered":"https:\/\/www.europesays.com\/lv\/116791\/"},"modified":"2026-01-29T15:50:10","modified_gmt":"2026-01-29T15:50:10","slug":"keitijas-praisas-jauna-vira-bijusi-partnere-bridina-sovu-zvaigzni","status":"publish","type":"post","link":"https:\/\/www.europesays.com\/lv\/116791\/","title":{"rendered":"Keitijas Praisas jaun\u0101 v\u012bra bijus\u012b partnere br\u012bdina \u0161ovu zvaigzni"},"content":{"rendered":"<p>Par k\u0101z\u0101m, ko p\u0101ris svin\u0113ja Dubaij\u0101, Keitijas \u0123imene nav zin\u0101jusi un p\u0113c notiku\u0161\u0101 ir liel\u0101 neizpratn\u0113. Savuk\u0101rt L\u012b mamma Tri\u0161a \u2013 Notingem\u0101 dz\u012bvojo\u0161\u0101 gai\u0161re\u0123e \u2013 <a href=\"https:\/\/tv3.lv\/izklaide\/slavenibas\/aizjuras-slavenibas\/keitijas-praisas-viramate-izsakas-par-jauno-vedeklu\/\" rel=\"nofollow noopener\" target=\"_blank\">par p\u0101ra pl\u0101niem prec\u0113ties bija inform\u0113ta<\/a>.<\/p>\n<p>            <img loading=\"lazy\" decoding=\"async\" class=\"size-full wp-image-3735339 skaties-content-image\" src=\"https:\/\/www.europesays.com\/lv\/wp-content\/uploads\/2026\/01\/e340-697b2dee916a4.jpg\" alt=\"\" width=\"720\" height=\"1274\"  \/><\/p>\n<p>                FOTO: INSTAGRAM<\/p>\n<p>K\u0101 \u0161oned\u0113\u013c zi\u0146oja \u201cThe Sun\u201d, L\u012b pirms \u010detriem m\u0113ne\u0161iem identiski bija bildin\u0101jis fitnesa entuziasti Alanu P\u0113rsivalu. Tagad Alana aicina Keitiju attiec\u012bb\u0101s ar L\u012b b\u016bt piesardz\u012bgai.<\/p>\n<p>Alana soci\u0101l\u0101s sazi\u0146as vietn\u0113 \u201cInstagram\u201d public\u0113ja fotogr\u0101fijas no atp\u016btas pludmal\u0113, un foto papildin\u0101ja ar tekstu: \u201cK\u0101ds \u0161obr\u012bd ir kop\u0101 ar tavu biju\u0161o un dom\u0101, ka ir atradis \u012bsto un vien\u012bgo.\u201d Vi\u0146a ierakst\u0101 atz\u012bm\u0113ja Keitiju Praisu.<\/p>\n<p>Alana ar\u012b piebilda, ka gatava atkl\u0101t ko vair\u0101k par savu k\u0101dreiz\u0113jo draugu. \u201cJ\u016bs grib\u0113j\u0101t zin\u0101t, kas vi\u0146\u0161 \u012bsti ir? Nu tad \u013caujiet man izst\u0101st\u012bt.\u201d<\/p>\n<p class=\"ad-desc ad-desc-main\">Saturs turpin\u0101s p\u0113c rekl\u0101mas<\/p>\n<p class=\"ad-desc ad-desc-sec\">Rekl\u0101ma<\/p>\n<p>            <img loading=\"lazy\" decoding=\"async\" class=\"size-full wp-image-3735335 skaties-content-image\" src=\"https:\/\/www.europesays.com\/lv\/wp-content\/uploads\/2026\/01\/3059-697b2d6c2b6ad.jpg\" alt=\"\" width=\"720\" height=\"1276\"  \/><\/p>\n<p>                FOTO: INSTAGRAM<\/p>\n<p>32 gadus vec\u0101 Alana asi kritiz\u0113ja savu biju\u0161o partneri par vi\u0146a uzved\u012bbu abu \u012bso attiec\u012bbu laik\u0101. \u201c\u0160is v\u012brietis lika man sevi apspiest, lik\u0101s, ka nedr\u012bkstu run\u0101t.\u201d Alana apgalvoja, ka L\u012b vi\u0146ai liedzis run\u0101t pat ar vi\u0146as draugiem par to, k\u0101 vi\u0146\u0161 pret vi\u0146u iztur\u0113j\u0101s, jo vi\u0146i Alanai bija ieteiku\u0161i L\u012b pamest.<\/p>\n<p>Alana skaidroja, ka L\u012b d\u0113\u013c pajuku\u0161as da\u017eas draudz\u012bbas ar cilv\u0113kiem, ko vi\u0146a m\u012bl, jo bija nost\u0101jusies v\u012brie\u0161a pus\u0113.<\/p>\n<p>\u201cBeidzot es varu br\u012bvi izteikties un visu jums izst\u0101st\u012bt. Es ceru, ka Keitija ieklaus\u012bsies. Kaut es pati b\u016btu ieklaus\u012bjusies p\u0101r\u0113jos, kuri mani br\u012bdin\u0101ja.\u201d<\/p>\n<p>Vi\u0146a piebilda: \u201cL\u016bdzu, d\u0101mas, ja j\u016bs piedz\u012bvojat ko l\u012bdz\u012bgu \u2013 b\u0113dziet, cik vien t\u0101lu iesp\u0113jams. Un neatskatieties!\u201d<\/p>\n<p>            <img loading=\"lazy\" decoding=\"async\" class=\"size-full wp-image-3735337 skaties-content-image\" src=\"https:\/\/www.europesays.com\/lv\/wp-content\/uploads\/2026\/01\/392b-697b2dc6c834c.jpg\" alt=\"\" width=\"720\" height=\"1274\"  \/><\/p>\n<p>                FOTO: INSTAGRAM<\/p>\n<p>Keitijas Praisas jaun\u0101 v\u012bra biju\u0161\u0101s<\/p>\n<p>K\u0101 raksta \u201cThe Suns\u201d, kam\u0113r L\u012b bija attiec\u012bb\u0101s ar Alanu, vi\u0146\u0161 saticies ar v\u0113l k\u0101du sievieti, kuras v\u0101rds ir Kristela D\u017eenke. Tagad abas L\u012b nod\u0113v\u0113ju\u0161as par kr\u0101pnieku un meli, kur\u0161 izmanto sievietes.<\/p>\n<p>Intervij\u0101 Alana un 40 gadus vec\u0101 Kristela st\u0101st\u012bja, k\u0101 uz\u0146\u0113m\u0113js vi\u0146as apmu\u013c\u0137ojis, ar m\u0101ksl\u012bg\u0101 intelekta pal\u012bdz\u012bbu izliekoties, ka tiekas ar t\u0101d\u0101m slaven\u012bb\u0101m k\u0101 \u012alons Masks un Kima Karda\u0161jana.<\/p>\n<p>Alana uzskata, ka L\u012b ir melis, narcists, un manipulators. \u201cL\u012b pats vairs nezina, kas ir \u012bsten\u012bba un kas \u2013 izdom\u0101jums. Tas ir satrauco\u0161i, jo man \u0161\u0137iet, ka vi\u0146\u0161 pats tic saviem meliem.\u201d<\/p>\n<p>\u012asi pirms k\u0101z\u0101m Keitija Praisa \u201cInstragram\u201d public\u0113ja fotogr\u0101fijas no saderin\u0101\u0161an\u0101s, un vien\u0101 kadr\u0101 redzams no ziediem veidots uzraksts \u201cWill you marry me?\u201d (Vai tu mani prec\u0113si?)<\/p>\n<p>Alana, kura str\u0101d\u0101 nekustamo \u012bpa\u0161umu jom\u0101, sac\u012bja, ka pag\u0101ju\u0161\u0101 gada septembr\u012b taj\u0101 pa\u0161\u0101 viesn\u012bc\u0101 un t\u0101d\u0101 pa\u0161\u0101 veid\u0101 L\u012b bildin\u0101ja vi\u0146u.<\/p>\n","protected":false},"excerpt":{"rendered":"Par k\u0101z\u0101m, ko p\u0101ris svin\u0113ja Dubaij\u0101, Keitijas \u0123imene nav zin\u0101jusi un p\u0113c notiku\u0161\u0101 ir liel\u0101 neizpratn\u0113. Savuk\u0101rt L\u012b&hellip;\n","protected":false},"author":2,"featured_media":116792,"comment_status":"","ping_status":"","sticky":false,"template":"","format":"standard","meta":{"footnotes":""},"categories":[19],"tags":[89,90,26160,35,39,38,36,37,34,40],"class_list":{"0":"post-116791","1":"post","2":"type-post","3":"status-publish","4":"format-standard","5":"has-post-thumbnail","7":"category-izklaide","8":"tag-entertainment","9":"tag-izklaide","10":"tag-keitija-praisarealitates-sovu-zvaigzne","11":"tag-latvia","12":"tag-latvian","13":"tag-latviesu","14":"tag-latviesu-valoda","15":"tag-latviesuvaloda","16":"tag-latvija","17":"tag-lv"},"share_on_mastodon":{"url":"https:\/\/pubeurope.com\/@lv\/115979185195116345","error":""},"_links":{"self":[{"href":"https:\/\/www.europesays.com\/lv\/wp-json\/wp\/v2\/posts\/116791","targetHints":{"allow":["GET"]}}],"collection":[{"href":"https:\/\/www.europesays.com\/lv\/wp-json\/wp\/v2\/posts"}],"about":[{"href":"https:\/\/www.europesays.com\/lv\/wp-json\/wp\/v2\/types\/post"}],"author":[{"embeddable":true,"href":"https:\/\/www.europesays.com\/lv\/wp-json\/wp\/v2\/users\/2"}],"replies":[{"embeddable":true,"href":"https:\/\/www.europesays.com\/lv\/wp-json\/wp\/v2\/comments?post=116791"}],"version-history":[{"count":0,"href":"https:\/\/www.europesays.com\/lv\/wp-json\/wp\/v2\/posts\/116791\/revisions"}],"wp:featuredmedia":[{"embeddable":true,"href":"https:\/\/www.europesays.com\/lv\/wp-json\/wp\/v2\/media\/116792"}],"wp:attachment":[{"href":"https:\/\/www.europesays.com\/lv\/wp-json\/wp\/v2\/media?parent=116791"}],"wp:term":[{"taxonomy":"category","embeddable":true,"href":"https:\/\/www.europesays.com\/lv\/wp-json\/wp\/v2\/categories?post=116791"},{"taxonomy":"post_tag","embeddable":true,"href":"https:\/\/www.europesays.com\/lv\/wp-json\/wp\/v2\/tags?post=116791"}],"curies":[{"name":"wp","href":"https:\/\/api.w.org\/{rel}","templated":true}]}}