{"id":116793,"date":"2026-01-29T15:55:11","date_gmt":"2026-01-29T15:55:11","guid":{"rendered":"https:\/\/www.europesays.com\/lv\/116793\/"},"modified":"2026-01-29T15:55:11","modified_gmt":"2026-01-29T15:55:11","slug":"laundromat-velas-mazgatavu-tikls-klust-populars-un-strauji-paplasinas","status":"publish","type":"post","link":"https:\/\/www.europesays.com\/lv\/116793\/","title":{"rendered":"\u201cLaundromat\u201d ve\u013cas mazg\u0101tavu t\u012bkls k\u013c\u016bst popul\u0101rs un strauji papla\u0161in\u0101s"},"content":{"rendered":"<p>P\u0113c M. Purkalnes teikt\u0101, \u201cLaundromat\u201d pakalpojumus iecien\u012bju\u0161i gan jaunie\u0161i un \u0123imenes, gan ar\u012b seniori. \u201cJa cilv\u0113kiem rodas jaut\u0101jums, k\u0101 iesp\u0113jams izmazg\u0101t lielu dr\u0113bju apjomu tik \u012bs\u0101 laik\u0101, aptuveni 30 min\u016bt\u0113s, atbilde ir vienk\u0101r\u0161a \u2013 parast\u0101s ve\u013cas ma\u0161\u012bnas liel\u0101ko da\u013cu laika pat\u0113r\u0113, sildot \u016bdeni un, protams, ar\u012b pat\u0113r\u0113jot visai daudz elektroener\u0123ijas. M\u016bsu izmantot\u0101s profesion\u0101l\u0101s Sp\u0101nijas firmas \u201cGirbau\u201d ra\u017eojuma ma\u0161\u012bnas izmanto karst\u0101 \u016bdens padevi.\u201d<\/p>\n","protected":false},"excerpt":{"rendered":"P\u0113c M. Purkalnes teikt\u0101, \u201cLaundromat\u201d pakalpojumus iecien\u012bju\u0161i gan jaunie\u0161i un \u0123imenes, gan ar\u012b seniori. \u201cJa cilv\u0113kiem rodas jaut\u0101jums,&hellip;\n","protected":false},"author":2,"featured_media":116794,"comment_status":"","ping_status":"","sticky":false,"template":"","format":"standard","meta":{"footnotes":""},"categories":[5],"tags":[23,28,29,32,33,22,30,31,35,39,38,36,37,34,40,20,26,27,24,25,21],"class_list":{"0":"post-116793","1":"post","2":"type-post","3":"status-publish","4":"format-standard","5":"has-post-thumbnail","7":"category-aktualitates","8":"tag-aktualitates","9":"tag-breaking-news","10":"tag-breakingnews","11":"tag-featured-news","12":"tag-featurednews","13":"tag-headlines","14":"tag-latest-news","15":"tag-latestnews","16":"tag-latvia","17":"tag-latvian","18":"tag-latviesu","19":"tag-latviesu-valoda","20":"tag-latviesuvaloda","21":"tag-latvija","22":"tag-lv","23":"tag-news","24":"tag-popularakas-zinas","25":"tag-popularakaszinas","26":"tag-top-stories","27":"tag-topstories","28":"tag-zinas"},"share_on_mastodon":{"url":"https:\/\/pubeurope.com\/@lv\/115979204860704183","error":""},"_links":{"self":[{"href":"https:\/\/www.europesays.com\/lv\/wp-json\/wp\/v2\/posts\/116793","targetHints":{"allow":["GET"]}}],"collection":[{"href":"https:\/\/www.europesays.com\/lv\/wp-json\/wp\/v2\/posts"}],"about":[{"href":"https:\/\/www.europesays.com\/lv\/wp-json\/wp\/v2\/types\/post"}],"author":[{"embeddable":true,"href":"https:\/\/www.europesays.com\/lv\/wp-json\/wp\/v2\/users\/2"}],"replies":[{"embeddable":true,"href":"https:\/\/www.europesays.com\/lv\/wp-json\/wp\/v2\/comments?post=116793"}],"version-history":[{"count":0,"href":"https:\/\/www.europesays.com\/lv\/wp-json\/wp\/v2\/posts\/116793\/revisions"}],"wp:featuredmedia":[{"embeddable":true,"href":"https:\/\/www.europesays.com\/lv\/wp-json\/wp\/v2\/media\/116794"}],"wp:attachment":[{"href":"https:\/\/www.europesays.com\/lv\/wp-json\/wp\/v2\/media?parent=116793"}],"wp:term":[{"taxonomy":"category","embeddable":true,"href":"https:\/\/www.europesays.com\/lv\/wp-json\/wp\/v2\/categories?post=116793"},{"taxonomy":"post_tag","embeddable":true,"href":"https:\/\/www.europesays.com\/lv\/wp-json\/wp\/v2\/tags?post=116793"}],"curies":[{"name":"wp","href":"https:\/\/api.w.org\/{rel}","templated":true}]}}