{"id":116811,"date":"2026-01-29T16:13:17","date_gmt":"2026-01-29T16:13:17","guid":{"rendered":"https:\/\/www.europesays.com\/lv\/116811\/"},"modified":"2026-01-29T16:13:17","modified_gmt":"2026-01-29T16:13:17","slug":"briskena-palim-sekos-svinkas-dzelzcels-nekurienes-vidu-2","status":"publish","type":"post","link":"https:\/\/www.europesays.com\/lv\/116811\/","title":{"rendered":"Bri\u0161kena p\u0101lim sekos \u0160vinkas dzelzce\u013c\u0161 nekurienes vid\u016b?"},"content":{"rendered":"<p>                                                                    <img decoding=\"async\" src=\"https:\/\/www.europesays.com\/lv\/wp-content\/uploads\/2026\/01\/1769703195_65_22315.jpg\" alt=\"Foto\" id=\"mainfoto\" \/><br \/> <br \/>\n                                    Aivars Strak\u0161as \u00b7 29.01.2026. \u00b7 <a href=\"\/\/m.pietiek.com\/lapa.php\/raksti\/briskena_palim_sekos_svinkas_dzelzcels_nekurienes_vidu\/komentari\">Koment\u0101ri (21)<\/a><\/p>\n<p id=\"share\">Iesaki rakstu:<br \/><a href=\"https:\/\/twitter.com\/intent\/tweet?text=Iesaku: Bri\u0161kena p\u0101lim sekos \u0160vinkas dzelzce\u013c\u0161 nekurienes vid\u016b?&amp;url=http:\/\/www.pietiek.com\/raksti\/briskena_palim_sekos_svinkas_dzelzcels_nekurienes_vidu\/\" rel=\"nofollow noopener\" target=\"_blank\"><img decoding=\"async\" src=\"https:\/\/www.europesays.com\/lv\/wp-content\/uploads\/2026\/01\/1769669828_949_twt.png\" alt=\"Twitter\" border=\"0\" \/><\/a><br \/>\n                    <a href=\"https:\/\/www.facebook.com\/share.php?u=http:\/\/www.pietiek.com\/raksti\/briskena_palim_sekos_svinkas_dzelzcels_nekurienes_vidu\/\" rel=\"nofollow noopener\" target=\"_blank\"><img decoding=\"async\" src=\"https:\/\/www.europesays.com\/lv\/wp-content\/uploads\/2026\/01\/1769669829_943_fcb.png\" alt=\"Facebook\" border=\"0\" \/><\/a><\/p>\n<p>                    <a href=\"http:\/\/www.pietiek.com\/raksti\/briskena_palim_sekos_svinkas_dzelzcels_nekurienes_vidu\/#\" onclick=\"DraugiemSay(&#039;Bri\u0161kena p\u0101lim sekos \u0160vinkas dzelzce\u013c\u0161 nekurienes vid\u016b?&#039;, &#039;http:\/\/www.pietiek.com\/raksti\/briskena_palim_sekos_svinkas_dzelzcels_nekurienes_vidu\/&#039;, &#039;Pietiek.com&#039;);return false;\" title=\"draugiem.lv\" rel=\"nofollow noopener\" target=\"_blank\"><img decoding=\"async\" src=\"https:\/\/www.europesays.com\/lv\/wp-content\/uploads\/2026\/01\/1769669829_731_drg.png\" alt=\"Draugiem.lv\" border=\"0\" \/><\/a>\n                    <\/p>\n<p><p style=\"line-height: 19.5px;\">&#8220;Dzelzce\u013ca projekta &#8220;Rail Baltica&#8221; pirm\u0101s k\u0101rtas jeb pamattrases pabeig\u0161anai pietr\u016bkst tr\u012bs l\u012bdz \u010detri miljardi eiro&#8221;. Par 2030. gadu gan m\u0101c \u0161aubas, pat ja naudu pie\u0161\u0137ir \u0161odien.<\/p>\n<\/p>\n<p>Pamatprobl\u0113ma nav atrisin\u0101ta &#8211; naudas nav, un nav zin\u0101ms, kad t\u0101 b\u016bs. Piesauktais 2050.g. ar\u012b rada probl\u0113mas, jo l\u012bdz tam laikam igau\u0146i diez vai b\u016bs ar mieru gaid\u012bt. Igau\u0146i savu da\u013cu izb\u016bv\u0113s laik\u0101 un, sprie\u017eot p\u0113c publik\u0101cij\u0101m pres\u0113, apm\u0113ram divreiz l\u0113t\u0101k par vienu kilometru nek\u0101 pie mums. (Pusotrs l\u012bdz divi miljardi padar\u012btu situ\u0101ciju stipri vienk\u0101r\u0161\u0101ku.)<\/p>\n<p>\u0160obr\u012bd vald\u012bba ir nolikta smagas izv\u0113les priek\u0161\u0101. Projektu p\u0101rtraukt noz\u012bm\u0113tu san\u012bsties ar igau\u0146iem un pien\u0101kumu atdot ES l\u012bdzfinans\u0113jumu. Savuk\u0101rt, turpinot projektu, ja naudu samekl\u0113t piln\u0101 apm\u0113r\u0101 atrast neizdodas, p\u0101lim Daugav\u0101 var pievienoties 52 vai vair\u0101k km dzelzce\u013ca l\u012bnijas nekurienes vid\u016b. P\u0113c analo\u0123ijas to, iesp\u0113jams nod\u0113v\u0113tu par \u0160vinkas dzelzce\u013cu.<\/p>\n<p>B\u016bv\u0113t nedr\u012bkst neb\u016bv\u0113t.<\/p>\n<p>Vald\u012bbai atbild\u012bgi j\u0101nov\u0113rt\u0113 finan\u0161u iesp\u0113jas un j\u0101uz\u0146emas atbild\u012bba par komata ielik\u0161anu.<\/p>\n<p>Bet kaut kur satiksmes ministram var ar\u012b piekrist. &#8220;\u0160vinka: Situ\u0101cija ar &#8220;Rail Baltica&#8221; balstu Daugav\u0101 \u2014 tie\u0161as sekas Linkaita laik\u0101 pie\u0146emtajiem l\u0113mumiem&#8230;&#8221;<\/p>\n<p>Nov\u0113rt\u0113 \u0161o rakstu:<\/p>\n<p>40<\/p>\n<p>1<\/p>\n<p>                <script async src=\"https:\/\/platform.twitter.com\/widgets.js\" charset=\"utf-8\"><\/script><\/p>\n","protected":false},"excerpt":{"rendered":"Aivars Strak\u0161as \u00b7 29.01.2026. \u00b7 Koment\u0101ri (21) Iesaki rakstu: &#8220;Dzelzce\u013ca projekta &#8220;Rail Baltica&#8221; pirm\u0101s k\u0101rtas jeb pamattrases pabeig\u0161anai&hellip;\n","protected":false},"author":2,"featured_media":116812,"comment_status":"","ping_status":"","sticky":false,"template":"","format":"standard","meta":{"footnotes":""},"categories":[12],"tags":[23,28,29,32,33,22,30,31,35,39,38,36,37,34,40,20,26,27,24,25,21],"class_list":{"0":"post-116811","1":"post","2":"type-post","3":"status-publish","4":"format-standard","5":"has-post-thumbnail","7":"category-latvija","8":"tag-aktualitates","9":"tag-breaking-news","10":"tag-breakingnews","11":"tag-featured-news","12":"tag-featurednews","13":"tag-headlines","14":"tag-latest-news","15":"tag-latestnews","16":"tag-latvia","17":"tag-latvian","18":"tag-latviesu","19":"tag-latviesu-valoda","20":"tag-latviesuvaloda","21":"tag-latvija","22":"tag-lv","23":"tag-news","24":"tag-popularakas-zinas","25":"tag-popularakaszinas","26":"tag-top-stories","27":"tag-topstories","28":"tag-zinas"},"share_on_mastodon":{"url":"https:\/\/pubeurope.com\/@lv\/115979275632625468","error":""},"_links":{"self":[{"href":"https:\/\/www.europesays.com\/lv\/wp-json\/wp\/v2\/posts\/116811","targetHints":{"allow":["GET"]}}],"collection":[{"href":"https:\/\/www.europesays.com\/lv\/wp-json\/wp\/v2\/posts"}],"about":[{"href":"https:\/\/www.europesays.com\/lv\/wp-json\/wp\/v2\/types\/post"}],"author":[{"embeddable":true,"href":"https:\/\/www.europesays.com\/lv\/wp-json\/wp\/v2\/users\/2"}],"replies":[{"embeddable":true,"href":"https:\/\/www.europesays.com\/lv\/wp-json\/wp\/v2\/comments?post=116811"}],"version-history":[{"count":0,"href":"https:\/\/www.europesays.com\/lv\/wp-json\/wp\/v2\/posts\/116811\/revisions"}],"wp:featuredmedia":[{"embeddable":true,"href":"https:\/\/www.europesays.com\/lv\/wp-json\/wp\/v2\/media\/116812"}],"wp:attachment":[{"href":"https:\/\/www.europesays.com\/lv\/wp-json\/wp\/v2\/media?parent=116811"}],"wp:term":[{"taxonomy":"category","embeddable":true,"href":"https:\/\/www.europesays.com\/lv\/wp-json\/wp\/v2\/categories?post=116811"},{"taxonomy":"post_tag","embeddable":true,"href":"https:\/\/www.europesays.com\/lv\/wp-json\/wp\/v2\/tags?post=116811"}],"curies":[{"name":"wp","href":"https:\/\/api.w.org\/{rel}","templated":true}]}}