{"id":116813,"date":"2026-01-29T16:16:07","date_gmt":"2026-01-29T16:16:07","guid":{"rendered":"https:\/\/www.europesays.com\/lv\/116813\/"},"modified":"2026-01-29T16:16:07","modified_gmt":"2026-01-29T16:16:07","slug":"sabalenka-parliecinosi-ceturto-gadu-pec-kartas-iesolo-australian-open-finala","status":"publish","type":"post","link":"https:\/\/www.europesays.com\/lv\/116813\/","title":{"rendered":"Saba\u013cenka p\u0101rliecino\u0161i ceturto gadu p\u0113c k\u0101rtas ieso\u013co \u201cAustralian Open\u201d fin\u0101l\u0101"},"content":{"rendered":"<p class=\"lead mb-md-2 mb-1 js-tv3-orphus\">Plan\u0113tas pirm\u0101 rakete sievie\u0161u tenis\u0101 baltkrieviete Arina Saba\u013cenka ceturtdien sasniedza Austr\u0101lijas atkl\u0101t\u0101 \u010dempion\u0101ta fin\u0101lu, pusfin\u0101l\u0101 ar 6-2, 6-3 p\u0101rsp\u0113jot ranga 12. viet\u0101 eso\u0161o ukrainieti El\u012bnu Svito\u013cinu.\n<\/p>\n<p>2023. un 2024. gada \u010dempiones un p\u0113rn\u0101 gada fin\u0101listes Saba\u013cenkas pretiniece tiks noskaidrota v\u0113l\u0101k ceturtdien. Otr\u0101 pusfin\u0101l\u0101 c\u012bn\u012bsies amerik\u0101niete D\u017eesika Pegula (WTA 6.) un Je\u013cena Ribakina no Kazahst\u0101nas (WTA 5.).<\/p>\n<p>Austr\u0101lijas atkl\u0101tais \u010dempion\u0101ts ir sezonas pirmais \u201cGrand Slam\u201d turn\u012brs un norisin\u0101sies l\u012bdz 1. febru\u0101rim.<\/p>\n<p class=\"tv3-fw-500\">Zi\u0146o par k\u013c\u016bdu rakst\u0101<\/p>\n<p class=\"d-md-block d-none\">Iez\u012bm\u0113 k\u013c\u016bdaino tekstu un spied Ctrl+Enter.<\/p>\n<p class=\"d-md-none d-block\">Iez\u012bm\u0113 k\u013c\u016bdaino tekstu un zi\u0146o par to!<\/p>\n","protected":false},"excerpt":{"rendered":"Plan\u0113tas pirm\u0101 rakete sievie\u0161u tenis\u0101 baltkrieviete Arina Saba\u013cenka ceturtdien sasniedza Austr\u0101lijas atkl\u0101t\u0101 \u010dempion\u0101ta fin\u0101lu, pusfin\u0101l\u0101 ar 6-2, 6-3&hellip;\n","protected":false},"author":2,"featured_media":116814,"comment_status":"","ping_status":"","sticky":false,"template":"","format":"standard","meta":{"footnotes":""},"categories":[17],"tags":[26959,35,39,38,36,37,34,40,67],"class_list":{"0":"post-116813","1":"post","2":"type-post","3":"status-publish","4":"format-standard","5":"has-post-thumbnail","7":"category-sports","8":"tag-arina-sabalenkaaustralian-opengrand-slam","9":"tag-latvia","10":"tag-latvian","11":"tag-latviesu","12":"tag-latviesu-valoda","13":"tag-latviesuvaloda","14":"tag-latvija","15":"tag-lv","16":"tag-sports"},"share_on_mastodon":{"url":"https:\/\/pubeurope.com\/@lv\/115979287438600338","error":""},"_links":{"self":[{"href":"https:\/\/www.europesays.com\/lv\/wp-json\/wp\/v2\/posts\/116813","targetHints":{"allow":["GET"]}}],"collection":[{"href":"https:\/\/www.europesays.com\/lv\/wp-json\/wp\/v2\/posts"}],"about":[{"href":"https:\/\/www.europesays.com\/lv\/wp-json\/wp\/v2\/types\/post"}],"author":[{"embeddable":true,"href":"https:\/\/www.europesays.com\/lv\/wp-json\/wp\/v2\/users\/2"}],"replies":[{"embeddable":true,"href":"https:\/\/www.europesays.com\/lv\/wp-json\/wp\/v2\/comments?post=116813"}],"version-history":[{"count":0,"href":"https:\/\/www.europesays.com\/lv\/wp-json\/wp\/v2\/posts\/116813\/revisions"}],"wp:featuredmedia":[{"embeddable":true,"href":"https:\/\/www.europesays.com\/lv\/wp-json\/wp\/v2\/media\/116814"}],"wp:attachment":[{"href":"https:\/\/www.europesays.com\/lv\/wp-json\/wp\/v2\/media?parent=116813"}],"wp:term":[{"taxonomy":"category","embeddable":true,"href":"https:\/\/www.europesays.com\/lv\/wp-json\/wp\/v2\/categories?post=116813"},{"taxonomy":"post_tag","embeddable":true,"href":"https:\/\/www.europesays.com\/lv\/wp-json\/wp\/v2\/tags?post=116813"}],"curies":[{"name":"wp","href":"https:\/\/api.w.org\/{rel}","templated":true}]}}