{"id":116822,"date":"2026-01-29T16:31:07","date_gmt":"2026-01-29T16:31:07","guid":{"rendered":"https:\/\/www.europesays.com\/lv\/116822\/"},"modified":"2026-01-29T16:31:07","modified_gmt":"2026-01-29T16:31:07","slug":"iedzivotaju-partikas-groza-bija-tikai-ikdieniskais-minimums","status":"publish","type":"post","link":"https:\/\/www.europesays.com\/lv\/116822\/","title":{"rendered":"Iedz\u012bvot\u0101ju p\u0101rtikas groz\u0101 bija tikai ikdieni\u0161\u0137ais minimums"},"content":{"rendered":"<p class=\"descr\">Mazumtirdzniec\u012bbas apgroz\u012bjums 2025. gada decembr\u012b sal\u012bdzin\u0101jum\u0101 ar iepriek\u0161\u0113j\u0101 gada decembri pieaudzis vien par 0,8 %, liecina Centr\u0101l\u0101s statistikas p\u0101rvaldes dati. Latvijas iedz\u012bvot\u0101ji decembr\u012b t\u0113r\u0113ju\u0161i piesardz\u012bg\u0101k, nek\u0101 tirgot\u0101ji bija cer\u0113ju\u0161i, ko apliecina ar\u012b mazumtirdzniec\u012bbas uz\u0146\u0113m\u0113ju konfidences r\u0101d\u012bt\u0101ja samazin\u0101jums par 2,9 procentpunktiem. Vienlaikus \u0161ogad gaid\u0101ma m\u0113rena izaugsme, jo algu pieaugums turpin\u0101s p\u0101rsniegt infl\u0101ciju.<\/p>\n<p>\u0160ogad iedz\u012bvot\u0101ji \u012bstenos atliktos pirkumus <\/p>\n<p> 2026. gad\u0101 <a href=\"https:\/\/nra.lv\/ekonomika\/latvija\/502305-mazumtirgotaji-nosauc-ka-panakt-cenu-kritumu.htm\" data-item-link=\"true\" data-item-id=\"502305\" rel=\"nofollow noopener\" target=\"_blank\">mazumtirdzniec\u012bbas <\/a>perspekt\u012bvas kopum\u0101 ir pozit\u012bvas, ta\u010du izaugsme, visticam\u0101k, b\u016bs pak\u0101peniska, nevis strauja. Pirktsp\u0113ja turpin\u0101s uzlaboties, jo algu k\u0101pums Latvij\u0101 saglab\u0101sies strauj\u0101ks par infl\u0101ciju. Infl\u0101cijas spiediens 2026. gad\u0101 var\u0113tu mazin\u0101ties sal\u012bdzin\u0101jum\u0101 ar 2025. gadu, kas rad\u012bs labv\u0113l\u012bgu vidi pat\u0113ri\u0146a pieaugumam. Ja raug\u0101mies uz vid\u0113jo bruto algu pieaugumu un vid\u0113jo cenu l\u012bme\u0146a izmai\u0146\u0101m p\u0113d\u0113jos piecos gados, j\u0101secina, ka iedz\u012bvot\u0101ju pirktsp\u0113ja ir iev\u0113rojami uzlabojusies. Kop\u0161 2021. gada s\u0101kuma vid\u0113jais bruto atalgojums Latvij\u0101 ir pieaudzis par 51,3 %, savuk\u0101rt vid\u0113jais cenu l\u012bmenis &#8211; par 38,4 %. Ja \u0146emam v\u0113r\u0113 p\u0113d\u0113jos gados \u012bstenot\u0101s izmai\u0146as darba nodok\u013cos, tai skait\u0101 neapliekam\u0101 minimuma palielin\u0101\u0161anu, tad re\u0101lo ien\u0101kumu pieauguma starp\u012bba pret vid\u0113jo cenu pieaugumu ir v\u0113l liel\u0101ka.  <\/p>\n<p>Pat\u0113r\u0113t\u0101ju uzved\u012bba ar\u012b \u0161ogad, visticam\u0101k, saglab\u0101sies piesardz\u012bga &#8211; glob\u0101l\u0101 nenoteikt\u012bba, \u0123eopolitiskie riski un ekonomisk\u0101s sv\u0101rst\u012bbas mudin\u0101s iedz\u012bvot\u0101jus da\u013cu ien\u0101kumu joproj\u0101m uzkr\u0101t, nevis nekav\u0113joties t\u0113r\u0113t. Tas noz\u012bm\u0113, ka mazumtirdzniec\u012bb\u0101 ieguv\u0113ji b\u016bs tie segmenti, kas saist\u012bti ar atlikto pirkumu realiz\u0113\u0161anu &#8211; sadz\u012bves tehnika, elektronika, transportl\u012bdzek\u013ci,- kam\u0113r ikdienas pat\u0113ri\u0146a pre\u010du, \u012bpa\u0161i p\u0101rtikas, apjomi, visticam\u0101k, augs m\u0113reni. Kopum\u0101 2026. gads var\u0113tu iez\u012bm\u0113t l\u0113nu, bet notur\u012bgu atgrie\u0161anos pie vesel\u012bg\u0101kas mazumtirdzniec\u012bbas izaugsmes, kur pat\u0113ri\u0146\u0161 balst\u0101s re\u0101l\u0101s iesp\u0113j\u0101s, nevis emocion\u0101l\u0101 p\u0101rt\u0113ri\u0146\u0101. <\/p>\n<p>P\u0101rtikas groz\u0101 &#8211; ikdieni\u0161\u0137ais minimums <\/p>\n<p>Interesanti, ka, pieaugot pat\u0113r\u0113t\u0101ju pirktsp\u0113jai un p\u0101rtikas cen\u0101m, iedz\u012bvot\u0101ji ikdienas p\u0101rtikas groz\u0101 2025. gada decembr\u012b t\u0113r\u0113ju\u0161i gandr\u012bz t\u0101pat k\u0101 l\u012bdz \u0161im, mazumtirdzniec\u012bbai \u0161aj\u0101 jom\u0101 pieaugot vien par 0,2 %, sal\u012bdzinot ar 2024. gada decembri. Ja raug\u0101mies uz mazumtirdzniec\u012bbas apgroz\u012bjumu p\u0101rtikas veikalos faktiskaj\u0101s cen\u0101s, j\u0101secina, ka 2025. gada vid\u0113jais apgroz\u012bjums, sal\u012bdzinot ar 2024. gadu, ir audzis vien par 3,3 %. Tas liecina par visp\u0101r\u0113ju piel\u0101go\u0161anos p\u0101rtikas cenu k\u0101pumam, apdom\u012bg\u0101kiem un taup\u012bg\u0101kiem p\u0101rtikas pirkumiem, ietaup\u012btos l\u012bdzek\u013cus novirzot citiem ilg\u0101ku laiku atliktiem izdevumiem, piem\u0113ram, elektroprec\u0113m, kosm\u0113tikai un vesel\u012bbas apr\u016bpei. <\/p>\n<p>Apgroz\u012bjuma pieaugums koncentr\u0113j\u0101s atsevi\u0161\u0137os mazumtirdzniec\u012bbas segmentos, galvenok\u0101rt, nep\u0101rtikas pre\u010du grup\u0101s, kam\u0113r cit\u0101s nozar\u0113s rezult\u0101ti bija v\u0101j\u0101ki. Sal\u012bdzin\u0101jum\u0101 ar 2024. gada decembri par 13,2 % pieaudzis apgroz\u012bjums farmaceitisko un medic\u012bnisko pre\u010du mazumtirdzniec\u012bb\u0101. Iedz\u012bvot\u0101ji bie\u017e\u0101k nek\u0101 iepriek\u0161 ieg\u0101d\u0101ju\u0161ies ar\u012b m\u0101jsaimniec\u012bbas elektroier\u012bces un inform\u0101cijas un komunik\u0101cijas tehnolo\u0123ijas tam paredz\u0113tos veikalos. Maz\u0101k l\u012bdzek\u013cu \u0123imenes atv\u0113l\u0113ju\u0161as kult\u016bras un atp\u016btas prec\u0113m, ap\u0123\u0113rbam, apaviem, m\u0101jsaimniec\u012bbas instrumentiem un b\u016bvmateri\u0101liem. <\/p>\n<p>\t\t\t\t\t\tinfo<\/p>\n<p>Uzzini pirmais<br \/>kas interesants noticis Latvij\u0101 un pasaul\u0113,<br \/>pievienojoties mums <a href=\"https:\/\/t.me\/neatkariga\" rel=\"nofollow\">Telegram<\/a> vai <a href=\"https:\/\/whatsapp.com\/channel\/0029VaMLFUH5K3zLU5s4wm3y\" rel=\"nofollow noopener\" target=\"_blank\">Whatsapp<\/a> kan\u0101l\u0101<\/p>\n","protected":false},"excerpt":{"rendered":"Mazumtirdzniec\u012bbas apgroz\u012bjums 2025. gada decembr\u012b sal\u012bdzin\u0101jum\u0101 ar iepriek\u0161\u0113j\u0101 gada decembri pieaudzis vien par 0,8 %, liecina Centr\u0101l\u0101s statistikas&hellip;\n","protected":false},"author":2,"featured_media":116823,"comment_status":"","ping_status":"","sticky":false,"template":"","format":"standard","meta":{"footnotes":""},"categories":[12],"tags":[23,28,29,32,33,22,30,31,35,39,38,36,37,34,40,20,26,27,24,25,21],"class_list":{"0":"post-116822","1":"post","2":"type-post","3":"status-publish","4":"format-standard","5":"has-post-thumbnail","7":"category-latvija","8":"tag-aktualitates","9":"tag-breaking-news","10":"tag-breakingnews","11":"tag-featured-news","12":"tag-featurednews","13":"tag-headlines","14":"tag-latest-news","15":"tag-latestnews","16":"tag-latvia","17":"tag-latvian","18":"tag-latviesu","19":"tag-latviesu-valoda","20":"tag-latviesuvaloda","21":"tag-latvija","22":"tag-lv","23":"tag-news","24":"tag-popularakas-zinas","25":"tag-popularakaszinas","26":"tag-top-stories","27":"tag-topstories","28":"tag-zinas"},"share_on_mastodon":{"url":"https:\/\/pubeurope.com\/@lv\/115979346404788052","error":""},"_links":{"self":[{"href":"https:\/\/www.europesays.com\/lv\/wp-json\/wp\/v2\/posts\/116822","targetHints":{"allow":["GET"]}}],"collection":[{"href":"https:\/\/www.europesays.com\/lv\/wp-json\/wp\/v2\/posts"}],"about":[{"href":"https:\/\/www.europesays.com\/lv\/wp-json\/wp\/v2\/types\/post"}],"author":[{"embeddable":true,"href":"https:\/\/www.europesays.com\/lv\/wp-json\/wp\/v2\/users\/2"}],"replies":[{"embeddable":true,"href":"https:\/\/www.europesays.com\/lv\/wp-json\/wp\/v2\/comments?post=116822"}],"version-history":[{"count":0,"href":"https:\/\/www.europesays.com\/lv\/wp-json\/wp\/v2\/posts\/116822\/revisions"}],"wp:featuredmedia":[{"embeddable":true,"href":"https:\/\/www.europesays.com\/lv\/wp-json\/wp\/v2\/media\/116823"}],"wp:attachment":[{"href":"https:\/\/www.europesays.com\/lv\/wp-json\/wp\/v2\/media?parent=116822"}],"wp:term":[{"taxonomy":"category","embeddable":true,"href":"https:\/\/www.europesays.com\/lv\/wp-json\/wp\/v2\/categories?post=116822"},{"taxonomy":"post_tag","embeddable":true,"href":"https:\/\/www.europesays.com\/lv\/wp-json\/wp\/v2\/tags?post=116822"}],"curies":[{"name":"wp","href":"https:\/\/api.w.org\/{rel}","templated":true}]}}