{"id":116826,"date":"2026-01-29T16:54:07","date_gmt":"2026-01-29T16:54:07","guid":{"rendered":"https:\/\/www.europesays.com\/lv\/116826\/"},"modified":"2026-01-29T16:54:07","modified_gmt":"2026-01-29T16:54:07","slug":"iranas-drosibas-speki-izseko-protestetajus-slimnicas-ievainotie-izvelas-arsteties-majas-raksts","status":"publish","type":"post","link":"https:\/\/www.europesays.com\/lv\/116826\/","title":{"rendered":"Ir\u0101nas dro\u0161\u012bbas sp\u0113ki izseko protest\u0113t\u0101jus slimn\u012bc\u0101s; ievainotie izv\u0113las \u0101rst\u0113ties m\u0101j\u0101s \/ Raksts"},"content":{"rendered":"<p>Kam\u0113r ASV prezidents Donalds Tramps palielina milit\u0101ro kl\u0101tb\u016btni Tuvo Austrumu re\u0123ion\u0101 un draud pielietot sp\u0113ku pret Ir\u0101nu, protesti \u0161aj\u0101 valst\u012b, \u0161\u0137iet, ir pierimu\u0161i. Tom\u0113r spriedze saglab\u0101jas, jo Ir\u0101nas dro\u0161\u012bbas sp\u0113ki turpina izsekot protest\u0113t\u0101jus. Lai izvair\u012btos no aiztur\u0113\u0161anas, ievainotie izv\u0113las \u0101rst\u0113ties m\u0101j\u0101s, nevis\u00a0slimn\u012bc\u0101s, <a href=\"https:\/\/www.bbc.com\/news\/articles\/c5yx015nkplo\" target=\"_blank\" rel=\"nofollow noopener\">zi\u0146o<\/a> britu medijs BBC.<br \/>\n                Ievainotie baid\u0101s no aiztur\u0113\u0161anas; \u0101rsti pal\u012bdz\u012bbu sniedz m\u0101j\u0101s<\/p>\n<p style=\"margin-left:0cm; margin-right:0cm\">Protest\u0113t\u0101ji, kuri sadursm\u0113s ar Ir\u0101nas dro\u0161\u012bbas sp\u0113kiem\u00a0ir guvu\u0161i ievainojumus, izv\u0113las \u0101rst\u0113ties m\u0101j\u0101s, lai izvair\u012btos no aiztur\u0113\u0161anas, zi\u0146o BBC.<\/p>\n<blockquote>\n<p style=\"margin-left:0cm; margin-right:0cm\">Pa\u0161i protest\u0113t\u0101ji atz\u012bst, ka uz slimn\u012bc\u0101m nedodas, jo ir p\u0101r\u0101k nobiju\u0161ies no dro\u0161\u012bbas sp\u0113ku represij\u0101m pret visiem, kas piedal\u012bju\u0161ies demonstr\u0101cij\u0101s.<\/p>\n<\/blockquote>\n<p style=\"margin-left:0cm; margin-right:0cm\">\u0160obr\u012bd protest\u0113t\u0101jiem pal\u012bdz\u012bbu sniedz \u0101rsti, medm\u0101sas un citi br\u012bvpr\u0101t\u012bgie, kuri ir gatavi ierasties cietu\u0161o m\u0101j\u0101s, risk\u0113jot ar savu dro\u0161\u012bbu.<\/p>\n<p style=\"margin-left:0cm; margin-right:0cm\">Tara, viena no protest\u0113t\u0101j\u0101m, kuras v\u0101rdu BBC\u00a0dro\u0161\u012bbas apsv\u0113rumu d\u0113\u013c\u00a0main\u012bja, atzinusi, ka\u00a0iz\u0101rst\u0113t sadursm\u0113 ar dro\u0161\u012bbas sp\u0113kiem\u00a0g\u016bto \u0161auto br\u016bci pal\u012bdz\u0113jis vi\u0146ai paz\u012bstamais \u0101rsts. Vi\u0146a piebilda, ka \u0101rsts m\u0101jas apst\u0101k\u013cos nesp\u0113ja iz\u0146emt visas dro\u0161\u012bbas sp\u0113ku izmantot\u0101s maz\u0101s lod\u012btes, t\u0101d\u0113\u013c da\u013ca no t\u0101m, visticam\u0101k, paliks cietu\u0161\u0101s \u0137ermen\u012b.<\/p>\n<p style=\"margin-left:0cm; margin-right:0cm\">Patiesais nogalin\u0101to un cietu\u0161o protest\u0113t\u0101ju skaits Ir\u0101n\u0101 v\u0113l joproj\u0101m nav zin\u0101ms. Tom\u0113r ASV b\u0101z\u0113t\u0101 cilv\u0113kties\u012bbu akt\u012bvistu organiz\u0101cija &#8220;Human Rights Activists News Agency&#8221; (HRANA) l\u0113\u0161, ka kopum\u0101 protestos nogalin\u0101ti vair\u0101k nek\u0101\u00a06300\u00a0cilv\u0113ku, no kuriem 5925 ir protest\u0113t\u0101ji, 112 \u2013 b\u0113rni, 50 \u2013 gar\u0101mg\u0101j\u0113ji un 214 dro\u0161\u012bbas sp\u0113ku darbinieki.<\/p>\n<p style=\"margin-left:0cm; margin-right:0cm\">HRANA ieg\u016btie dati liecina, ka ievainojumus guvu\u0161i vismaz 11\u00a0000 protest\u0113t\u0101ju.<\/p>\n<p>Dro\u0161\u012bbas sp\u0113ki protest\u0113t\u0101jus mekl\u0113 ar\u012b slimn\u012bc\u0101s<\/p>\n<p style=\"margin-left:0cm; margin-right:0cm\">Slimn\u012bc\u0101s str\u0101d\u0101jo\u0161ie \u0101rsti BBC ir atzinu\u0161i, ka medic\u012bnas iest\u0101d\u0113s atrodas dro\u0161\u012bbas sp\u0113ki, kuri p\u0101rbauda pacientu medic\u012bnisk\u0101s kartes, lai atrastu protest\u0113t\u0101jus.<\/p>\n<p style=\"margin-left:0cm; margin-right:0cm\">Teher\u0101nas slimn\u012bcas \u0137irurgs Nima, kura v\u0101rds dro\u0161\u012bbas apsv\u0113rumu d\u0113\u013c ar\u012b ir main\u012bts,\u00a0past\u0101st\u012bja, ka vi\u0146\u0161 vienu no 8. janv\u0101r\u012b ievainotiem\u00a0jaunie\u0161iem\u00a0slimn\u012bc\u0101 bija nog\u0101d\u0101jis savas ma\u0161\u012bnas bag\u0101\u017eniek\u0101.<\/p>\n<p style=\"margin-left:0cm; margin-right:0cm\">&#8220;Es ievietoju vienu no ievainotajiem savas automa\u0161\u012bnas bag\u0101\u017eniek\u0101, lai nog\u0101d\u0101tu vi\u0146u slimn\u012bc\u0101, jo baid\u012bjos, ka mums var\u0113tu rasties nepatik\u0161anas, ja m\u016bs aptur\u0113tu policija,&#8221; vi\u0146\u0161 st\u0101st\u012bja.<\/p>\n<p style=\"margin-left:0cm; margin-right:0cm\">\u0136irurgs atzina, ka policija vi\u0146u tie\u0161\u0101m aptur\u0113ja, bet \u013c\u0101va turpin\u0101t ce\u013cu, ieraugot vi\u0146a slimn\u012bcas caurlaidi.<\/p>\n<p style=\"margin-left:0cm; margin-right:0cm\">Savuk\u0101rt medm\u0101sas, kuras str\u0101d\u0101 specializ\u0113taj\u0101\u00a0acu slimn\u012bc\u0101\u00a0Teher\u0101n\u0101,\u00a0daudziem protest\u0113t\u0101jiem ir pal\u012bdz\u0113ju\u0161as slepeni iek\u013c\u016bt slimn\u012bc\u0101. Tur protest\u0113t\u0101jiem, kas guvu\u0161i acu traumas, veiktas oper\u0101cijas. \u0136irurgi atsevi\u0161\u0137os gad\u012bjumos par veiktaj\u0101m oper\u0101cij\u0101m nepras\u012bja\u00a0samaksu.<\/p>\n<blockquote>\n<p style=\"margin-left:0cm; margin-right:0cm\">Teher\u0101n\u0101 \u0101rsti izvair\u0101s nor\u0101d\u012bt medic\u012bnas kart\u0113s, kuras dro\u0161\u012bbas sp\u0113ki regul\u0101ri p\u0101rbauda, ka pacients slimn\u012bc\u0101 ieradies ar \u0161autu br\u016bci,<\/p>\n<\/blockquote>\n<p style=\"margin-left:0cm; margin-right:0cm\">t\u0101d\u0101 veid\u0101 cen\u0161oties sl\u0113pt da\u017eus protest\u0113t\u0101jus, kas p\u0113c pirm\u0101s pal\u012bdz\u012bbas ieradu\u0161ies slimn\u012bc\u0101s.<\/p>\n<p>Nav zin\u0101ms, kur dro\u0161\u012bbas sp\u0113ki aizvedu\u0161i aiztur\u0113tos \u00a0<\/p>\n<p style=\"margin-left:0cm; margin-right:0cm\">BBC noskaidroja, ka dro\u0161\u012bbas sp\u0113ki ir aiztur\u0113ju\u0161i pacientus slimn\u012bc\u0101s. P\u0113c aiztur\u0113\u0161anas v\u0113l\u00a0nav zin\u0101ms, kur protest\u0113t\u0101ji ir izvietoti un kas ar vi\u0146iem t\u0101l\u0101k ir noticis.<\/p>\n<p style=\"margin-left:0cm; margin-right:0cm\">Cilv\u0113kties\u012bbu aizst\u0101vju organiz\u0101cijas zi\u0146o, ka par dro\u0161\u012bbas sp\u0113ku m\u0113r\u0137iem ir k\u013cuvu\u0161i ar\u012b \u0101rsti un medic\u012bnas person\u0101ls, kas pal\u012bdz\u0113jis protest\u0113t\u0101jiem.<\/p>\n<blockquote>\n<p style=\"margin-left:0cm; margin-right:0cm\">Piem\u0113ram, Norv\u0113\u0123ij\u0101 b\u0101z\u0113t\u0101 nevalstisk\u0101 organiz\u0101cija &#8220;Iran Human Rights&#8221; pirms ned\u0113\u013cas zi\u0146oja, ka dro\u0161\u012bbas sp\u0113ki aiztur\u0113ju\u0161i vismaz piecus \u0101rstus un vienu br\u012bvpr\u0101t\u012bgo pirm\u0101s pal\u012bdz\u012bbas sniedz\u0113ju.<\/p>\n<\/blockquote>\n<p>&#8220;Dro\u0161\u012bbas dienesti, \u0161\u0137iet, cen\u0161as iebied\u0113t sabiedr\u012bbu un trauc\u0113t ievainoto protest\u0113t\u0101ju \u0101rst\u0113\u0161anu, aizturot \u0101rstus un veicot reidus pagaidu medic\u012bniskaj\u0101s patvertn\u0113s,&#8221; pauda &#8220;Iran Human Rights&#8221;.<\/p>\n<p>KONTEKSTS:<\/p>\n<p>Ir\u0101na ar vair\u0101k nek\u0101 90 miljoniem iedz\u012bvot\u0101ju ir viena no liel\u0101kaj\u0101m un ietekm\u012bg\u0101kaj\u0101m valst\u012bm Tuvo Austrumu re\u0123ion\u0101. Gadsimtiem ilgi t\u0101 bijusi paz\u012bstama k\u0101 Persija. 1979. gad\u0101 isl\u0101ma fundament\u0101listi <a href=\"https:\/\/lr1.lsm.lv\/lv\/raksts\/siis-dienas-aciim\/revolucija-irana-1979.gada-rodas-jauna-valsts-islama-republika.a119668\/\" target=\"_blank\" rel=\"nofollow noopener\">sar\u012bkoja revol\u016bciju<\/a>, kuras rezult\u0101t\u0101 tika g\u0101zta monarhija un izveidota Ir\u0101nas Isl\u0101ma Republika. Ir\u0101n\u0101 pie varas nostiprin\u0101j\u0101s teokr\u0101tisks re\u017e\u012bms, kur\u0101 galven\u0101 loma ir isl\u0101ma gar\u012bdzniekiem. \u0160is re\u017e\u012bms ir apspiedis opoz\u012bciju, ierobe\u017eojis sievie\u0161u ties\u012bbas un vaj\u0101jis da\u017e\u0101das minorit\u0101tes.<\/p>\n<p>Ir\u0101nai ir vienas no liel\u0101kaj\u0101m naftas un g\u0101zes rezerv\u0113m pasaul\u0113, bet aizdomas rosin\u0101ju\u0161i t\u0101s centieni att\u012bst\u012bt <a href=\"https:\/\/www.lsm.lv\/raksts\/zinas\/arzemes\/17.06.2025-lsm-skaidro-kas-ir-iranas-kodolprogramma-un-kapec-izraela-nevelas-pielaut-tas-attistibu.a603474\/\" class=\"lsm-link\" data-type=\"article\" data-id=\"603474\" rel=\"nofollow noopener\" target=\"_blank\">atomener\u0123ijas programmu<\/a>. Izra\u0113la un citi Ir\u0101nas pretinieki uzskata, ka Teher\u0101nas re\u017e\u012bma patiesais m\u0113r\u0137is ir ieg\u016bt kodoliero\u010dus.<\/p>\n<p>Izra\u0113la un ASV ap\u0146\u0113mu\u0161\u0101s nepie\u013caut \u0161\u0101da scen\u0101rija \u012bsteno\u0161anu, t\u0101d\u0113\u013c 2025. gada j\u016bnij\u0101 <a href=\"https:\/\/www.lsm.lv\/raksts\/zinas\/arzemes\/22.06.2025-asv-iesaistas-kara-pret-iranu-uzbruk-vairakiem-kodolprogrammas-objektiem.a604216\/\" class=\"lsm-link\" data-type=\"article\" data-id=\"604216\" rel=\"nofollow noopener\" target=\"_blank\">veica triecienus<\/a> pret Ir\u0101nas kodolprogrammas objektiem.<\/p>\n<p>Izra\u0113la uzskata Ir\u0101nu par savu galveno ienaidnieci, jo Teher\u0101nas re\u017e\u012bms <a href=\"https:\/\/www.lsm.lv\/raksts\/zinas\/arzemes\/07.02.2024-izraelas-armija-publisko-pieradijumus-par-tiesu-iranas-finansejumu-hamas.a541940\/\" class=\"lsm-link\" data-type=\"article\" data-id=\"541940\" rel=\"nofollow noopener\" target=\"_blank\">finans\u0113<\/a> t\u0101das teroristu organiz\u0101cijas k\u0101 &#8220;Hizbull\u0101h&#8221; un &#8220;Ham\u0101s&#8221;.<\/p>\n<p>Ir\u0101nu vair\u0101kk\u0101rt ir satricin\u0101ju\u0161i sabiedr\u012bbas protesti, it sevi\u0161\u0137i p\u0113c jaunietes <a href=\"https:\/\/www.lsm.lv\/raksts\/zinas\/arzemes\/protesti-pec-22-gadus-vecas-amini-naves-cik-tie-ir-nozimigi-un-vai-iespejams-iranas-maidans.a477040\/\" class=\"lsm-link\" data-type=\"article\" data-id=\"477040\" rel=\"nofollow noopener\" target=\"_blank\">Mahsas Amini n\u0101ves 2022. gad\u0101<\/a>, bet valdo\u0161ais re\u017e\u012bms ir sp\u0113jis notur\u0113ties pie varas.<\/p>\n<p>2025. gada nogal\u0113 un 2026. gada s\u0101kum\u0101 protesti bija <a href=\"https:\/\/www.lsm.lv\/raksts\/zinas\/arzemes\/08.01.2026-iedzivotaju-protesti-un-trampa-draudi-iebrukt-vai-iranas-rezims-notures-varas-grozus.a629073\/\" class=\"lsm-link\" data-type=\"article\" data-id=\"629073\" rel=\"nofollow noopener\" target=\"_blank\">ats\u0101ku\u0161ies ar jaunu sparu<\/a>; \u0161oreiz iedz\u012bvot\u0101jus visvair\u0101k satrauca augst\u0101 infl\u0101cija un ekonomikas kr\u012bze. Valdo\u0161\u0101 re\u017e\u012bma pretinieki aicin\u0101ju\u0161i g\u0101zt \u0101jatollu H\u0101menej\u012b\u00a0un <a href=\"https:\/\/www.lsm.lv\/raksts\/zinas\/arzemes\/09.01.2026-tukstosiem-protestetaju-irana-aicina-gazt-valdoso-rezimu-un-nodot-varu-pedeja-saha-delam-pahlavi.a629228\/\" class=\"lsm-link\" data-type=\"article\" data-id=\"629228\" rel=\"nofollow noopener\" target=\"_blank\">nodot varu<\/a> p\u0113d\u0113j\u0101 Ir\u0101nas monarha d\u0113lam Rezam Pehlev\u012b.<\/p>\n<p>                    Valodas k\u013c\u016bda rakst\u0101?<\/p>\n<p class=\"d-none d-md-block\">Iez\u012bm\u0113jiet tekstu un spiediet Ctrl+Enter, lai nos\u016bt\u012btu labojamo teksta fragmentu redaktoram! Par faktu k\u013c\u016bd\u0101m l\u016bdzam zi\u0146ot e-past\u0101 <a href=\"https:\/\/www.lsm.lv\/cdn-cgi\/l\/email-protection\" class=\"__cf_email__\" data-cfemail=\"61130405000a02080b00210d120c4f0d17\" rel=\"nofollow noopener\" target=\"_blank\">[email\u00a0protected]<\/a>.<\/p>\n<p class=\"d-md-none\">Iez\u012bm\u0113jiet tekstu un spiediet uz Zi\u0146ot par k\u013c\u016bdu pogas, lai nos\u016bt\u012btu labojamo teksta fragmentu redaktoram!<\/p>\n<p>\n                    Zi\u0146ot par k\u013c\u016bdu\n                <\/p>\n","protected":false},"excerpt":{"rendered":"Kam\u0113r ASV prezidents Donalds Tramps palielina milit\u0101ro kl\u0101tb\u016btni Tuvo Austrumu re\u0123ion\u0101 un draud pielietot sp\u0113ku pret Ir\u0101nu, protesti&hellip;\n","protected":false},"author":2,"featured_media":116827,"comment_status":"","ping_status":"","sticky":false,"template":"","format":"standard","meta":{"footnotes":""},"categories":[14],"tags":[23,57,28,29,32,33,22,30,31,35,39,38,36,37,34,40,20,26,27,24,25,54,55,56,21,58],"class_list":{"0":"post-116826","1":"post","2":"type-post","3":"status-publish","4":"format-standard","5":"has-post-thumbnail","7":"category-zinas-no-arvalstim","8":"tag-aktualitates","9":"tag-arvalstim","10":"tag-breaking-news","11":"tag-breakingnews","12":"tag-featured-news","13":"tag-featurednews","14":"tag-headlines","15":"tag-latest-news","16":"tag-latestnews","17":"tag-latvia","18":"tag-latvian","19":"tag-latviesu","20":"tag-latviesu-valoda","21":"tag-latviesuvaloda","22":"tag-latvija","23":"tag-lv","24":"tag-news","25":"tag-popularakas-zinas","26":"tag-popularakaszinas","27":"tag-top-stories","28":"tag-topstories","29":"tag-world","30":"tag-world-news","31":"tag-worldnews","32":"tag-zinas","33":"tag-zinas-no-arvalstim"},"share_on_mastodon":{"url":"https:\/\/pubeurope.com\/@lv\/115979436859456899","error":""},"_links":{"self":[{"href":"https:\/\/www.europesays.com\/lv\/wp-json\/wp\/v2\/posts\/116826","targetHints":{"allow":["GET"]}}],"collection":[{"href":"https:\/\/www.europesays.com\/lv\/wp-json\/wp\/v2\/posts"}],"about":[{"href":"https:\/\/www.europesays.com\/lv\/wp-json\/wp\/v2\/types\/post"}],"author":[{"embeddable":true,"href":"https:\/\/www.europesays.com\/lv\/wp-json\/wp\/v2\/users\/2"}],"replies":[{"embeddable":true,"href":"https:\/\/www.europesays.com\/lv\/wp-json\/wp\/v2\/comments?post=116826"}],"version-history":[{"count":0,"href":"https:\/\/www.europesays.com\/lv\/wp-json\/wp\/v2\/posts\/116826\/revisions"}],"wp:featuredmedia":[{"embeddable":true,"href":"https:\/\/www.europesays.com\/lv\/wp-json\/wp\/v2\/media\/116827"}],"wp:attachment":[{"href":"https:\/\/www.europesays.com\/lv\/wp-json\/wp\/v2\/media?parent=116826"}],"wp:term":[{"taxonomy":"category","embeddable":true,"href":"https:\/\/www.europesays.com\/lv\/wp-json\/wp\/v2\/categories?post=116826"},{"taxonomy":"post_tag","embeddable":true,"href":"https:\/\/www.europesays.com\/lv\/wp-json\/wp\/v2\/tags?post=116826"}],"curies":[{"name":"wp","href":"https:\/\/api.w.org\/{rel}","templated":true}]}}