{"id":116834,"date":"2026-01-29T17:06:06","date_gmt":"2026-01-29T17:06:06","guid":{"rendered":"https:\/\/www.europesays.com\/lv\/116834\/"},"modified":"2026-01-29T17:06:06","modified_gmt":"2026-01-29T17:06:06","slug":"danija-un-asv-aizvadijusas-konstruktivas-sarunas-par-grenlandi-diena","status":"publish","type":"post","link":"https:\/\/www.europesays.com\/lv\/116834\/","title":{"rendered":"D\u0101nija un ASV aizvad\u012bju\u0161as konstrukt\u012bvas sarunas par Grenlandi \/ Diena"},"content":{"rendered":"<p>&#8220;Vakar Va\u0161ington\u0101 mums bija pirm\u0101 tik\u0161an\u0101s augst\u0101ko amatpersonu l\u012bmen\u012b par Grenlandes jaut\u0101jumu,&#8221; \u017eurn\u0101listiem Eiropas Savien\u012bbas (ES) dal\u012bbvalstu \u0101rlietu ministru san\u0101ksm\u0113 Brisel\u0113 sac\u012bja Rasmusens. &#8220;T\u0101 norit\u0113ja \u013coti konstrukt\u012bv\u0101 gaisotn\u0113 un ton\u012b, un ir pl\u0101notas jaunas tik\u0161an\u0101s. Tas nenoz\u012bm\u0113, ka viss ir atrisin\u0101ts, bet tas ir labi,&#8221; vi\u0146\u0161 piebilda.<\/p>\n<p>&#13;<br \/>\n&#13;<\/p>\n<p>ASV prezidents Donalds Tramps ir izrais\u012bjis kr\u012bzi attiec\u012bb\u0101s ar p\u0101r\u0113j\u0101m NATO valst\u012bm, uzst\u0101jot, ka Grenlandei, D\u0101nijas autonomajai teritorijai, j\u0101b\u016bt ASV kontrol\u0113. Ta\u010du Davos\u0101 Pasaules ekonomikas forum\u0101 Tramps atteic\u0101s no milit\u0101ra sp\u0113ka izmanto\u0161anas \u0161\u012b m\u0113r\u0137a sasnieg\u0161anai un atmeta nodomu noteikt jaunus muitas tarifus Eiropas valst\u012bm, kas paudu\u0161as stingru atbalstu D\u0101nijai.<\/p>\n<p>&#13;<br \/>\n&#13;<\/p>\n<blockquote><p>&#13;<\/p>\n<p>&#8220;Situ\u0101cija saasin\u0101j\u0101s, bet tagad m\u0113s esam atgriezu\u0161ies uz pareiz\u0101 ce\u013ca. \u0160odien esmu nedaudz optimistisk\u0101ks nek\u0101 pirms ned\u0113\u013cas,&#8221; nor\u0101d\u012bja Rasmusens.<\/p>\n<p>&#13;\n<\/p><\/blockquote>\n<p>&#13;<br \/>\n&#13;<\/p>\n<p>Tramps p\u0113c sarun\u0101m ar NATO \u0123ener\u0101lsekret\u0101ru Marku Riti pav\u0113st\u012bja, ka pan\u0101kta vieno\u0161an\u0101s par ietvaru, lai nodro\u0161in\u0101tu liel\u0101ku ASV ietekmi, bet nekas daudz vair\u0101k par \u0161o vieno\u0161anos nav zin\u0101ms.<\/p>\n<p>&#13;<br \/>\n&#13;<\/p>\n<p>&#8220;Esmu vair\u0101kk\u0101rt nor\u0101d\u012bjis, ka m\u0113s, protams, izprotam ASV ba\u017eas par dro\u0161\u012bbu Arktik\u0101, un m\u0113s v\u0113lamies to risin\u0101t cie\u0161\u0101 sadarb\u012bb\u0101,&#8221; sac\u012bja Rasmusens.<\/p>\n<p>&#13;<br \/>\n&#13;<\/p>\n<p>Sagaid\u0101ms, ka kompromisa ar Va\u0161ingtonu ietvaros NATO dal\u012bbvalstis pastiprin\u0101s savu darb\u012bbu Arktik\u0101, savuk\u0101rt D\u0101nija un Grenlande var\u0113tu p\u0101rskat\u012bt 1951. gada l\u012bgumu par ASV karasp\u0113ka izvieto\u0161anu.<\/p>\n<p>&#13;<br \/>\n&#13;<\/p>\n<p>ASV Luizi\u0101nas \u0161tata gubernators D\u017eefs Landrijs, kur\u0161 decembr\u012b tika iecelts par Trampa \u012bpa\u0161o s\u016btni Grenland\u0113, laikrakst\u0101 &#8220;New York Times&#8221; nor\u0101d\u012bja, ka pa\u0161laik tiek str\u0101d\u0101ts pie deta\u013c\u0101m.<\/p>\n<p>&#13;<br \/>\n&#13;<\/p>\n<blockquote><p>&#13;<\/p>\n<p>&#8220;Ta\u010du ietvars balst\u0101s uz 1941. un 1951. gada aizsardz\u012bbas l\u012bgumiem starp ASV un D\u0101niju, un stiprin\u0101s Amerikas, NATO un Grenlandes dro\u0161\u012bbu un no jauna apliecin\u0101s sen\u0101s transatlantisk\u0101s aizsardz\u012bbas saist\u012bbas,&#8221; rakst\u012bja Landrijs. &#8220;Tas papla\u0161in\u0101tu Amerikas operacion\u0101lo br\u012bv\u012bbu, atbalst\u012btu jaunas b\u0101zes un infrastrukt\u016bru, atvieglotu modernu pretra\u0137e\u0161u aizsardz\u012bbas sist\u0113mu, piem\u0113ram, Zelta kupola, izvieto\u0161anu un izspiestu naid\u012bgo \u0136\u012bnas un Krievijas ietekmi,&#8221; vi\u0146\u0161 skaidroja.<\/p>\n<p>&#13;\n<\/p><\/blockquote>\n<p>&#13;<br \/>\n&#13;<\/p>\n<p>Vienlaikus Landrijs uzsv\u0113ra, ka &#8220;realit\u0101te ir t\u0101da, ka neviena valsts vai valstu grupa nesp\u0113j garant\u0113t Grenlandes dro\u0161\u012bbu bez Savienotaj\u0101m Valst\u012bm&#8221;. Landrijs piebilda, ka Tramps atz\u012bst &#8220;ne\u0113rto faktu&#8221;, ka &#8220;Amerikai ir j\u0101garant\u0113 sev neierobe\u017eota un nep\u0101rtraukta piek\u013cuve galvenaj\u0101m strat\u0113\u0123iskaj\u0101m teritorij\u0101m Rietumu puslod\u0113, tostarp gan Grenlandei, gan Panamas kan\u0101lam&#8221;.<\/p>\n<p>&#13;<br \/>\n&#13;<\/p>\n<p>S\u0101koties sarun\u0101m, ASV valsts sekret\u0101rs Marko Rubio izteic\u0101s, ka sagaida &#8220;labu izn\u0101kumu&#8221; attiec\u012bb\u0101 uz Grenlandi.<\/p>\n<p>&#13;<\/p>\n","protected":false},"excerpt":{"rendered":"&#8220;Vakar Va\u0161ington\u0101 mums bija pirm\u0101 tik\u0161an\u0101s augst\u0101ko amatpersonu l\u012bmen\u012b par Grenlandes jaut\u0101jumu,&#8221; \u017eurn\u0101listiem Eiropas Savien\u012bbas (ES) dal\u012bbvalstu \u0101rlietu&hellip;\n","protected":false},"author":2,"featured_media":116835,"comment_status":"","ping_status":"","sticky":false,"template":"","format":"standard","meta":{"footnotes":""},"categories":[14],"tags":[23,57,28,29,32,33,22,30,31,35,39,38,36,37,34,40,20,26,27,24,25,54,55,56,21,58],"class_list":{"0":"post-116834","1":"post","2":"type-post","3":"status-publish","4":"format-standard","5":"has-post-thumbnail","7":"category-zinas-no-arvalstim","8":"tag-aktualitates","9":"tag-arvalstim","10":"tag-breaking-news","11":"tag-breakingnews","12":"tag-featured-news","13":"tag-featurednews","14":"tag-headlines","15":"tag-latest-news","16":"tag-latestnews","17":"tag-latvia","18":"tag-latvian","19":"tag-latviesu","20":"tag-latviesu-valoda","21":"tag-latviesuvaloda","22":"tag-latvija","23":"tag-lv","24":"tag-news","25":"tag-popularakas-zinas","26":"tag-popularakaszinas","27":"tag-top-stories","28":"tag-topstories","29":"tag-world","30":"tag-world-news","31":"tag-worldnews","32":"tag-zinas","33":"tag-zinas-no-arvalstim"},"share_on_mastodon":{"url":"https:\/\/pubeurope.com\/@lv\/115979484046918832","error":""},"_links":{"self":[{"href":"https:\/\/www.europesays.com\/lv\/wp-json\/wp\/v2\/posts\/116834","targetHints":{"allow":["GET"]}}],"collection":[{"href":"https:\/\/www.europesays.com\/lv\/wp-json\/wp\/v2\/posts"}],"about":[{"href":"https:\/\/www.europesays.com\/lv\/wp-json\/wp\/v2\/types\/post"}],"author":[{"embeddable":true,"href":"https:\/\/www.europesays.com\/lv\/wp-json\/wp\/v2\/users\/2"}],"replies":[{"embeddable":true,"href":"https:\/\/www.europesays.com\/lv\/wp-json\/wp\/v2\/comments?post=116834"}],"version-history":[{"count":0,"href":"https:\/\/www.europesays.com\/lv\/wp-json\/wp\/v2\/posts\/116834\/revisions"}],"wp:featuredmedia":[{"embeddable":true,"href":"https:\/\/www.europesays.com\/lv\/wp-json\/wp\/v2\/media\/116835"}],"wp:attachment":[{"href":"https:\/\/www.europesays.com\/lv\/wp-json\/wp\/v2\/media?parent=116834"}],"wp:term":[{"taxonomy":"category","embeddable":true,"href":"https:\/\/www.europesays.com\/lv\/wp-json\/wp\/v2\/categories?post=116834"},{"taxonomy":"post_tag","embeddable":true,"href":"https:\/\/www.europesays.com\/lv\/wp-json\/wp\/v2\/tags?post=116834"}],"curies":[{"name":"wp","href":"https:\/\/api.w.org\/{rel}","templated":true}]}}