{"id":116836,"date":"2026-01-29T17:08:07","date_gmt":"2026-01-29T17:08:07","guid":{"rendered":"https:\/\/www.europesays.com\/lv\/116836\/"},"modified":"2026-01-29T17:08:07","modified_gmt":"2026-01-29T17:08:07","slug":"no-piedalisanas-kirsa-dziesmu-svetkos-atteicies-ari-latvijas-radio-bigbends","status":"publish","type":"post","link":"https:\/\/www.europesays.com\/lv\/116836\/","title":{"rendered":"No piedal\u012b\u0161an\u0101s \u0136ir\u0161a dziesmu sv\u0113tkos atteicies ar\u012b Latvijas Radio bigbends"},"content":{"rendered":"<p class=\"descr\">\u0160ovasar pl\u0101notais dziesmu sv\u0113tku koncerts &#8220;Manai dzimtenei&#8221; turpina jukt pa v\u012bl\u0113m. Taj\u0101 nepiedal\u012bties tais\u0101s ar\u012b Latvijas Radio bigbends, kas ir viens no zin\u0101m\u0101kajiem d\u017eeza bigbendiem Baltij\u0101, v\u0113sta Latvijas Radio.<\/p>\n<p>.\u0145emot v\u0113r\u0101 publiskaj\u0101 telp\u0101 ieilgu\u0161o polemiku starp komponistu Raimondu Paulu un sv\u0113tku &#8220;Manai dzimtenei&#8221; r\u012bkot\u0101jiem, virsdiri\u0123enti nol\u0113mu\u0161i neturpin\u0101t \u0161o sv\u0113tku sagatavo\u0161anas nodro\u0161in\u0101\u0161anu. Vair\u0101k var izlas\u012bt <a href=\"https:\/\/nra.lv\/latvija\/512606-virsdirigenti-pamet-dziesmu-svetkus-manai-dzimtenei.htm\" data-item-link=\"true\" data-item-id=\"512606\" rel=\"nofollow noopener\" target=\"_blank\">\u0161eit.<\/a><\/p>\n<p>P\u0113c sacelt\u0101s a\u017eiot\u0101\u017eas pas\u0101kuma r\u012bkot\u0101ji l\u0113mu\u0161i main\u012bt dziesmu sv\u0113tku &#8220;Manai dzimtenei&#8221; nosaukumu, taj\u0101 vairs neiek\u013caujot maestro v\u0101rdu. S\u0101kotn\u0113ji pas\u0101kuma nosaukums bija Raimonda Paula dziesmu sv\u0113tki &#8220;Manai dzimtenei&#8221;.<\/p>\n<p>\u0160\u012bs ned\u0113\u013cas s\u0101kum\u0101 komponista sabiedrisko attiec\u012bbu p\u0101rst\u0101vji pazi\u0146oja, ka maestro atk\u0101rtoti norobe\u017eojas no vi\u0146a v\u0101rd\u0101 reiz d\u0113v\u0113t\u0101 koru koncerta un ir v\u0113rsies pie advok\u0101ta. Pauls atk\u0101rtoti uzsv\u0113ra, ka nekad nav devis piekri\u0161anu sava v\u0101rda, uzv\u0101rda, att\u0113lu vai pre\u010du z\u012bmes izmanto\u0161anai \u0161aj\u0101 projekt\u0101.<\/p>\n<p>\t\t\t\t\t\tinfo<\/p>\n<p>Uzzini pirmais<br \/>kas interesants noticis Latvij\u0101 un pasaul\u0113,<br \/>pievienojoties mums <a href=\"https:\/\/t.me\/neatkariga\" rel=\"nofollow\">Telegram<\/a> vai <a href=\"https:\/\/whatsapp.com\/channel\/0029VaMLFUH5K3zLU5s4wm3y\" rel=\"nofollow noopener\" target=\"_blank\">Whatsapp<\/a> kan\u0101l\u0101<\/p>\n","protected":false},"excerpt":{"rendered":"\u0160ovasar pl\u0101notais dziesmu sv\u0113tku koncerts &#8220;Manai dzimtenei&#8221; turpina jukt pa v\u012bl\u0113m. Taj\u0101 nepiedal\u012bties tais\u0101s ar\u012b Latvijas Radio bigbends,&hellip;\n","protected":false},"author":2,"featured_media":116837,"comment_status":"","ping_status":"","sticky":false,"template":"","format":"standard","meta":{"footnotes":""},"categories":[5],"tags":[23,28,29,32,33,22,30,31,35,39,38,36,37,34,40,20,26,27,24,25,21],"class_list":{"0":"post-116836","1":"post","2":"type-post","3":"status-publish","4":"format-standard","5":"has-post-thumbnail","7":"category-aktualitates","8":"tag-aktualitates","9":"tag-breaking-news","10":"tag-breakingnews","11":"tag-featured-news","12":"tag-featurednews","13":"tag-headlines","14":"tag-latest-news","15":"tag-latestnews","16":"tag-latvia","17":"tag-latvian","18":"tag-latviesu","19":"tag-latviesu-valoda","20":"tag-latviesuvaloda","21":"tag-latvija","22":"tag-lv","23":"tag-news","24":"tag-popularakas-zinas","25":"tag-popularakaszinas","26":"tag-top-stories","27":"tag-topstories","28":"tag-zinas"},"share_on_mastodon":{"url":"https:\/\/pubeurope.com\/@lv\/115979491919380947","error":""},"_links":{"self":[{"href":"https:\/\/www.europesays.com\/lv\/wp-json\/wp\/v2\/posts\/116836","targetHints":{"allow":["GET"]}}],"collection":[{"href":"https:\/\/www.europesays.com\/lv\/wp-json\/wp\/v2\/posts"}],"about":[{"href":"https:\/\/www.europesays.com\/lv\/wp-json\/wp\/v2\/types\/post"}],"author":[{"embeddable":true,"href":"https:\/\/www.europesays.com\/lv\/wp-json\/wp\/v2\/users\/2"}],"replies":[{"embeddable":true,"href":"https:\/\/www.europesays.com\/lv\/wp-json\/wp\/v2\/comments?post=116836"}],"version-history":[{"count":0,"href":"https:\/\/www.europesays.com\/lv\/wp-json\/wp\/v2\/posts\/116836\/revisions"}],"wp:featuredmedia":[{"embeddable":true,"href":"https:\/\/www.europesays.com\/lv\/wp-json\/wp\/v2\/media\/116837"}],"wp:attachment":[{"href":"https:\/\/www.europesays.com\/lv\/wp-json\/wp\/v2\/media?parent=116836"}],"wp:term":[{"taxonomy":"category","embeddable":true,"href":"https:\/\/www.europesays.com\/lv\/wp-json\/wp\/v2\/categories?post=116836"},{"taxonomy":"post_tag","embeddable":true,"href":"https:\/\/www.europesays.com\/lv\/wp-json\/wp\/v2\/tags?post=116836"}],"curies":[{"name":"wp","href":"https:\/\/api.w.org\/{rel}","templated":true}]}}