{"id":116840,"date":"2026-01-29T17:14:14","date_gmt":"2026-01-29T17:14:14","guid":{"rendered":"https:\/\/www.europesays.com\/lv\/116840\/"},"modified":"2026-01-29T17:14:14","modified_gmt":"2026-01-29T17:14:14","slug":"saks-skatit-kriminallietu-pret-edinasanas-uznemuma-vvs-catering-gramatvedi-un-valdes-locekli-par-izvairisanos-no-nodoklu-nomaksas","status":"publish","type":"post","link":"https:\/\/www.europesays.com\/lv\/116840\/","title":{"rendered":"S\u0101ks skat\u012bt krimin\u0101llietu pret \u0113din\u0101\u0161anas uz\u0146\u0113muma &#8220;VVS Catering&#8221; gr\u0101matvedi un valdes locekli par izvair\u012b\u0161anos no nodok\u013cu nomaksas"},"content":{"rendered":"<p>\u012astenojot savu noziedz\u012bgo nodomu, uz\u0146\u0113muma amatpersona vienoj\u0101s ar gr\u0101matvedi par to, ka vi\u0146a sniegs atbalstu darb\u012bb\u0101m, kas v\u0113rstas uz ar nodokli apliekam\u0101 objekta sl\u0113p\u0161anu. Ik m\u0113nesi gr\u0101matvede veica uz\u0146\u0113muma darbinieku gr\u0101matved\u012bb\u0101 neuzr\u0101d\u012btas darba samaksas apr\u0113\u0137inu un uzskaiti, k\u0101 ar\u012b amatpersonas v\u0101rd\u0101 sagatavoja pati vai deva uzdevumus cit\u0101m person\u0101m sagatavot darba dev\u0113ja zi\u0146ojumus Valsts ie\u0146\u0113muma dienesta elektronisk\u0101s deklar\u0113\u0161anas sist\u0113m\u0101.<\/p>\n<p>\u0145emot v\u0113r\u0101, ka noziedz\u012bgais nodar\u012bjums noticis juridisk\u0101s personas interes\u0113s, tika s\u0101kts ar\u012b process par piespiedu ietekm\u0113\u0161anas l\u012bdzek\u013ca piem\u0113ro\u0161anu uz\u0146\u0113mumam, kam piem\u0113roti ar\u012b nodro\u0161in\u0101juma l\u012bdzek\u013ci &#8211; aizliegums veikt izmai\u0146as Uz\u0146\u0113mumu re\u0123istra vestajos re\u0123istros un aizliegums veikt uz\u0146\u0113muma p\u0101reju.<\/p>\n<p>K\u0101 liecina &#8220;Firmas.lv&#8221;, dati B\u0113rzi\u0146\u0161 no 2016. gada ir &#8220;VVS Catering&#8221; valdes loceklis, bet no 2020. gada nogales l\u012bdz 2022. gadam ar\u012b uz\u0146\u0113muma \u012bpa\u0161nieks. Patlaban uz\u0146\u0113muma patiesais labuma guv\u0113js ir M\u0101rti\u0146\u0161 Kalni\u0146\u0161.<\/p>\n<p>B\u0113rzi\u0146\u0161 pla\u0161\u0101k zin\u0101ms bija k\u0101 restor\u0101nu t\u012bkla &#8220;Vair\u0101k saules&#8221; dibin\u0101t\u0101js. &#8220;Firmas.lv&#8221; inform\u0101cija liecina, ka 2005. gad\u0101 notika reorganiz\u0101cija, kuras rezult\u0101t\u0101 SIA &#8220;Vair\u0101k saules&#8221; apvienoj\u0101s ar uz\u0146\u0113mumu &#8220;V\u0113l vair\u0101k saules&#8221;, kas turpina apsaimniekot restor\u0101nu t\u012bklu &#8220;Vair\u0101k saules&#8221;. Patlaban SIA &#8220;V\u0113l vair\u0101k saules&#8221; \u012bpa\u0161nieks ir AS &#8220;VVS Holding&#8221;, kur\u0101 40% kapit\u0101lda\u013cu pieder M\u0101rti\u0146am Kalni\u0146am, 20% Endijam B\u0113rzi\u0146am, 20% Aivo \u0160neideram un 20% Andrim Tionam.<\/p>\n","protected":false},"excerpt":{"rendered":"\u012astenojot savu noziedz\u012bgo nodomu, uz\u0146\u0113muma amatpersona vienoj\u0101s ar gr\u0101matvedi par to, ka vi\u0146a sniegs atbalstu darb\u012bb\u0101m, kas v\u0113rstas&hellip;\n","protected":false},"author":2,"featured_media":116841,"comment_status":"","ping_status":"","sticky":false,"template":"","format":"standard","meta":{"footnotes":""},"categories":[5],"tags":[23,28,29,32,33,26960,22,30,31,35,39,38,36,37,34,40,20,756,26,27,24,25,21],"class_list":{"0":"post-116840","1":"post","2":"type-post","3":"status-publish","4":"format-standard","5":"has-post-thumbnail","7":"category-aktualitates","8":"tag-aktualitates","9":"tag-breaking-news","10":"tag-breakingnews","11":"tag-featured-news","12":"tag-featurednews","13":"tag-gramatvediba","14":"tag-headlines","15":"tag-latest-news","16":"tag-latestnews","17":"tag-latvia","18":"tag-latvian","19":"tag-latviesu","20":"tag-latviesu-valoda","21":"tag-latviesuvaloda","22":"tag-latvija","23":"tag-lv","24":"tag-news","25":"tag-nodokli","26":"tag-popularakas-zinas","27":"tag-popularakaszinas","28":"tag-top-stories","29":"tag-topstories","30":"tag-zinas"},"share_on_mastodon":{"url":"https:\/\/pubeurope.com\/@lv\/115979515512100747","error":""},"_links":{"self":[{"href":"https:\/\/www.europesays.com\/lv\/wp-json\/wp\/v2\/posts\/116840","targetHints":{"allow":["GET"]}}],"collection":[{"href":"https:\/\/www.europesays.com\/lv\/wp-json\/wp\/v2\/posts"}],"about":[{"href":"https:\/\/www.europesays.com\/lv\/wp-json\/wp\/v2\/types\/post"}],"author":[{"embeddable":true,"href":"https:\/\/www.europesays.com\/lv\/wp-json\/wp\/v2\/users\/2"}],"replies":[{"embeddable":true,"href":"https:\/\/www.europesays.com\/lv\/wp-json\/wp\/v2\/comments?post=116840"}],"version-history":[{"count":0,"href":"https:\/\/www.europesays.com\/lv\/wp-json\/wp\/v2\/posts\/116840\/revisions"}],"wp:featuredmedia":[{"embeddable":true,"href":"https:\/\/www.europesays.com\/lv\/wp-json\/wp\/v2\/media\/116841"}],"wp:attachment":[{"href":"https:\/\/www.europesays.com\/lv\/wp-json\/wp\/v2\/media?parent=116840"}],"wp:term":[{"taxonomy":"category","embeddable":true,"href":"https:\/\/www.europesays.com\/lv\/wp-json\/wp\/v2\/categories?post=116840"},{"taxonomy":"post_tag","embeddable":true,"href":"https:\/\/www.europesays.com\/lv\/wp-json\/wp\/v2\/tags?post=116840"}],"curies":[{"name":"wp","href":"https:\/\/api.w.org\/{rel}","templated":true}]}}