{"id":116842,"date":"2026-01-29T17:19:07","date_gmt":"2026-01-29T17:19:07","guid":{"rendered":"https:\/\/www.europesays.com\/lv\/116842\/"},"modified":"2026-01-29T17:19:07","modified_gmt":"2026-01-29T17:19:07","slug":"uzsvars-uz-plasaku-sabiedribas-iesaisti-nmpd-strategija-liecina-par-sistemas-ierobezojumiem","status":"publish","type":"post","link":"https:\/\/www.europesays.com\/lv\/116842\/","title":{"rendered":"Uzsvars uz pla\u0161\u0101ku sabiedr\u012bbas iesaisti NMPD strat\u0113\u0123ij\u0101 liecina par sist\u0113mas ierobe\u017eojumiem"},"content":{"rendered":"<p>NMPD pl\u0101nots nostiprin\u0101t rea\u0123\u0113\u0161anu uz izsaukumiem p\u0113c visaugst\u0101k\u0101s, augstas un zemas priorit\u0101tes l\u012bme\u0146iem. Dz\u012bv\u012bbu apdraudo\u0161\u0101s situ\u0101cij\u0101s pal\u012bdz\u012bbai b\u016bs visaugst\u0101k\u0101 priorit\u0101te, savuk\u0101rt izsaukumi, kas nav saist\u012bti ar tie\u0161u dz\u012bv\u012bbas apdraud\u0113jumu, var\u0113s sa\u0146emt pal\u012bdz\u012bbu ilg\u0101k\u0101 laik\u0101, tostarp sa\u0146emt konsultat\u012bvu atbalstu. Cipule nor\u0101d\u012bja, ka \u0161\u0101da pieeja jau patlaban da\u013c\u0113ji tiek izmantota, ta\u010du to nepiecie\u0161ams nostiprin\u0101t k\u0101 vienotu sist\u0113mu vis\u0101 valst\u012b, lai sp\u0113tu gl\u0101bt vair\u0101k dz\u012bv\u012bbu kritisk\u0101s situ\u0101cij\u0101s.<\/p>\n<p>T\u0101pat noteiktas strat\u0113\u0123isk\u0101s diagnozes &#8211; infarkts, insults un politrauma -, kur\u0101s \u012bpa\u0161i svar\u012bga ir prec\u012bza rea\u0123\u0113\u0161ana laik\u0101 un skaidri hospitaliz\u0101cijas ce\u013ci. NMPD strat\u0113\u0123ija paredz ieviest zelta stundas jeb 60 min\u016b\u0161u principa iev\u0113ro\u0161anu politraumas pacientu apr\u016bp\u0113, k\u0101 ar\u012b sadarb\u012bb\u0101 ar Latvijas Kardiologu biedr\u012bbu izveidot infarkta pacientu apr\u016bpes ce\u013ca karti.<\/p>\n<p>NMPD uzsver, ka dz\u012bv\u012bbu gl\u0101b\u0161anas \u0137\u0113de s\u0101kas jau no pirmaj\u0101m min\u016bt\u0113m, kad <a href=\"https:\/\/www.tvnet.lv\/term\/566185\/mediki\" class=\"topicLink\" target=\"_blank\" rel=\"nofollow noopener\">medi\u0137i<\/a> v\u0113l ir ce\u013c\u0101. T\u0101d\u0113\u013c strat\u0113\u0123ij\u0101 paredz\u0113ta sabiedr\u012bbas zin\u0101\u0161anu un prasmju stiprin\u0101\u0161ana pirm\u0101s pal\u012bdz\u012bbas snieg\u0161an\u0101, tostarp bezmaksas teor\u0113tisk\u0101s apm\u0101c\u012bbas digit\u0101laj\u0101 vid\u0113, pirm\u0101s pal\u012bdz\u012bbas lietotnes izveide un pirm\u0101s pal\u012bdz\u012bbas apm\u0101c\u012bba skol\u0101s. Pl\u0101nots ar\u012b ieviest pirm\u0101 rea\u0123\u0113t\u0101ja principu, kas Latvij\u0101 patlaban v\u0113l netiek pla\u0161i izmantots.<\/p>\n","protected":false},"excerpt":{"rendered":"NMPD pl\u0101nots nostiprin\u0101t rea\u0123\u0113\u0161anu uz izsaukumiem p\u0113c visaugst\u0101k\u0101s, augstas un zemas priorit\u0101tes l\u012bme\u0146iem. Dz\u012bv\u012bbu apdraudo\u0161\u0101s situ\u0101cij\u0101s pal\u012bdz\u012bbai b\u016bs&hellip;\n","protected":false},"author":2,"featured_media":19433,"comment_status":"","ping_status":"","sticky":false,"template":"","format":"standard","meta":{"footnotes":""},"categories":[12],"tags":[23,28,29,32,33,22,30,31,35,39,38,36,37,34,40,300,20,3938,26,27,24,25,21],"class_list":{"0":"post-116842","1":"post","2":"type-post","3":"status-publish","4":"format-standard","5":"has-post-thumbnail","7":"category-latvija","8":"tag-aktualitates","9":"tag-breaking-news","10":"tag-breakingnews","11":"tag-featured-news","12":"tag-featurednews","13":"tag-headlines","14":"tag-latest-news","15":"tag-latestnews","16":"tag-latvia","17":"tag-latvian","18":"tag-latviesu","19":"tag-latviesu-valoda","20":"tag-latviesuvaloda","21":"tag-latvija","22":"tag-lv","23":"tag-mediki","24":"tag-news","25":"tag-nmpd","26":"tag-popularakas-zinas","27":"tag-popularakaszinas","28":"tag-top-stories","29":"tag-topstories","30":"tag-zinas"},"share_on_mastodon":{"url":"https:\/\/pubeurope.com\/@lv\/115979535152968943","error":""},"_links":{"self":[{"href":"https:\/\/www.europesays.com\/lv\/wp-json\/wp\/v2\/posts\/116842","targetHints":{"allow":["GET"]}}],"collection":[{"href":"https:\/\/www.europesays.com\/lv\/wp-json\/wp\/v2\/posts"}],"about":[{"href":"https:\/\/www.europesays.com\/lv\/wp-json\/wp\/v2\/types\/post"}],"author":[{"embeddable":true,"href":"https:\/\/www.europesays.com\/lv\/wp-json\/wp\/v2\/users\/2"}],"replies":[{"embeddable":true,"href":"https:\/\/www.europesays.com\/lv\/wp-json\/wp\/v2\/comments?post=116842"}],"version-history":[{"count":0,"href":"https:\/\/www.europesays.com\/lv\/wp-json\/wp\/v2\/posts\/116842\/revisions"}],"wp:featuredmedia":[{"embeddable":true,"href":"https:\/\/www.europesays.com\/lv\/wp-json\/wp\/v2\/media\/19433"}],"wp:attachment":[{"href":"https:\/\/www.europesays.com\/lv\/wp-json\/wp\/v2\/media?parent=116842"}],"wp:term":[{"taxonomy":"category","embeddable":true,"href":"https:\/\/www.europesays.com\/lv\/wp-json\/wp\/v2\/categories?post=116842"},{"taxonomy":"post_tag","embeddable":true,"href":"https:\/\/www.europesays.com\/lv\/wp-json\/wp\/v2\/tags?post=116842"}],"curies":[{"name":"wp","href":"https:\/\/api.w.org\/{rel}","templated":true}]}}