{"id":116847,"date":"2026-01-29T17:32:10","date_gmt":"2026-01-29T17:32:10","guid":{"rendered":"https:\/\/www.europesays.com\/lv\/116847\/"},"modified":"2026-01-29T17:32:10","modified_gmt":"2026-01-29T17:32:10","slug":"lidz-pat-50-lielaki-rekini-pasvaldibas-gatavas-palidzet-apmaksat-janvara-apkuri-bet-gaida-ari-valsts-atbalstu","status":"publish","type":"post","link":"https:\/\/www.europesays.com\/lv\/116847\/","title":{"rendered":"L\u012bdz pat 50% liel\u0101ki r\u0113\u0137ini. Pa\u0161vald\u012bbas gatavas pal\u012bdz\u0113t apmaks\u0101t janv\u0101ra apkuri, bet gaida ar\u012b valsts atbalstu"},"content":{"rendered":"<blockquote class=\"skaties-quote\">\n<p>\u201cUn tas v\u0113l b\u016bs ar nekustam\u0101 \u012bpa\u0161uma nodokli, t\u0101 k\u0101 tie maks\u0101jumi \u0161obr\u012bd ir katastrof\u0101li. Un tie tarifi ce\u013cas aug\u0161\u0101, t\u0101 k\u0101 ir \u013coti nepat\u012bkami maci\u0146iem.\u201d<\/p>\n<\/blockquote>\n<p>Ar\u012b jelgavniece Leon\u012bda nesl\u0113pj: \u201c\u013boti satrauc, t\u0101p\u0113c ka es esmu pension\u0101re, nav liela pensija, nu, a ko dar\u012bt. Nu, nezinu, cik b\u016bs, tik maks\u0101sim, ko dar\u012bt.\u201d<\/p>\n<p>Tikm\u0113r citi jelgavnieki saka \u2013 tie ziemai un liel\u0101kiem r\u0113\u0137iniem jau gatavoju\u0161ies.<\/p>\n<blockquote class=\"skaties-quote\">\n<p>Ilona<\/p>\n<p>Jelgavas iedz\u012bvot\u0101ja<\/p>\n<p>\u201cPavisam, ja alga ir mazi\u0146a vai pensija, tad ir katastrofa. Es dom\u0101ju, ka var\u0113\u0161u. Man tur v\u0113l rezerve ir drusku p\u0101rskait\u012bta vair\u0101k. (TV3: Tas ir apzin\u0101ti, ja?) J\u0101, j\u0101. Nu, nav jau pirm\u0101 ziema.\u201d<\/p>\n<\/blockquote>\n<p>Jelgavas pa\u0161vald\u012bba gan sola pal\u012bdz\u0113t tiem iedz\u012bvot\u0101jiem, kuriem r\u0113\u0137inu seg\u0161ana sagad\u0101s gr\u016bt\u012bbas \u2013 atg\u0101dinot, ka \u0123imen\u0113m ar zemiem ien\u0101kumiem ir pieejamas m\u0101jok\u013ca pabalsts, lai segtu komun\u0101los maks\u0101jumus. Jelgavas m\u0113rs gan uzsver, ka pils\u0113t\u0101 apkures tarifs ir starp zem\u0101kajiem valst\u012b, t\u0101d\u0113\u013c pieaugums jelgavniekiem neb\u016bs tik s\u0101p\u012bgs.<\/p>\n<blockquote class=\"skaties-quote\">\n<p>M\u0101rti\u0146\u0161 Da\u0123is<\/p>\n<p>Jelgavas m\u0113rs, kust\u012bba \u201cPar!\u201d<\/p>\n<p>\u201cAr m\u016bsu siltumapg\u0101des uz\u0146\u0113mumu esam run\u0101ju\u0161i, un vi\u0146i pied\u0101v\u0101s klientiem sadal\u012bt \u0161os maks\u0101jumus, ja tas rada gr\u016bt\u012bbas, nor\u0113\u0137in\u0101ties uzreiz. Bet, ja run\u0101jam par granul\u0101m vai g\u0101zes cen\u0101m, t\u0101 ir t\u0101da valsts kop\u012bg\u0101 politika, un, ja tas rada tik lielas gr\u016bt\u012bbas, manupr\u0101t, j\u0101dom\u0101 par valsts t\u0113m\u0113tu atbalstu l\u012bdz\u012bgi, k\u0101 tas bija iepriek\u0161, kad bija \u0161is energoresursu cenu pieaugums.\u201d<\/p>\n<\/blockquote>\n<p class=\"ad-desc ad-desc-main\">Saturs turpin\u0101s p\u0113c rekl\u0101mas<\/p>\n<p class=\"ad-desc ad-desc-sec\">Rekl\u0101ma<\/p>\n<p>\u0160ogad ilgsto\u0161s sals un sniegs p\u0101rsteidzis ar\u012b Liep\u0101ju, kur k\u0101rt\u012bga ziema m\u0113dz ar\u012b neiest\u0101ties.<\/p>\n<blockquote class=\"skaties-quote\">\n<p>Artis Rimma<\/p>\n<p>\u201cLiep\u0101jas namu apsaimniekot\u0101js\u201d valdes loceklis<\/p>\n<p>\u201cJ\u0101, Liep\u0101ja tie\u0161\u0101m ir p\u0101rsteigta ar bargu salu un lielu sniegu. Bet kas attiecas, vai \u0161\u012b ir kr\u012bzes situ\u0101cija vai nav kr\u012bzes situ\u0101cija, tad es at\u013cau\u0161os teikt, ka \u0161\u012b v\u0113l nav kr\u012bzes situ\u0101cija.\u201d<\/p>\n<\/blockquote>\n<p>V\u0113ja pils\u0113t\u0101 \u0161obr\u012bd akt\u012bvi sekojot l\u012bdzi apkures pat\u0113ri\u0146am. Pieaugums esot, bet ne kritisks. Ta\u010du ar\u012b \u0161aj\u0101 situ\u0101cij\u0101 pils\u0113ta aicina \u2013 ja ir gr\u016bt\u012bbas r\u0113\u0137inu segt \u2013 par to zi\u0146ot.<\/p>\n<blockquote class=\"skaties-quote\">\n<p>Artis Rimma<\/p>\n<p>\u201cLiep\u0101jas namu apsaimniekot\u0101js\u201d valdes loceklis<\/p>\n<p>\u201cMums ir soci\u0101lais dienests, kur\u0161 iedz\u012bvot\u0101jiem ir pieejams, kur iedz\u012bvot\u0101ju grupa, kuriem \u0161ie soci\u0101lie pabalsti pien\u0101kas, \u0161os pakalpojumus izmanto. M\u0113s, k\u0101 uz\u0146\u0113mums, str\u0101d\u0101jam ar saviem klientiem un savus klientus aicin\u0101m, ja ir probl\u0113mas jeb aizkav\u0113\u0161an\u0101s ar r\u0113\u0137ina atmaksu, doties pie namu apsaimniekot\u0101ja un \u0161os jaut\u0101jums risin\u0101t.\u201d<\/p>\n<\/blockquote>\n<p>Savuk\u0101rt Daugavpil\u012b, kur aizvad\u012bt\u0101s ned\u0113\u013c\u0101s bijis \u012bpa\u0161i auksts, \u0161obr\u012bd v\u0113l neprognoz\u0113, k\u0101ds b\u016bs iedz\u012bvot\u0101ju apkures r\u0113\u0137inu pieaugums. Pils\u0113tas m\u0113rs gan pau\u017e \u2013 vi\u0146apr\u0101t, lab\u0101kais risin\u0101jums, k\u0101 iedz\u012bvot\u0101jiem pal\u012bdz\u0113t, b\u016btu PVN samazin\u0101\u0161ana apkurei. Lai gan siltumapg\u0101dei jau \u0161obr\u012bd ir samazin\u0101ta likme, \u0161obr\u012bd, pieaugot r\u0113\u0137iniem, aug ar\u012b valsts nodok\u013cu ie\u0146\u0113mumi.<\/p>\n<blockquote class=\"skaties-quote\">\n<p>Andrejs Elksni\u0146\u0161<\/p>\n<p>Daugavpils m\u0113rs,\u00a0\u201cSarauj, Latgale!\u201d<\/p>\n<p>\u201cPie tam vi\u0146\u0161 ir \u013coti vienk\u0101r\u0161s, \u013coti primit\u012bvs. Visi p\u0101r\u0113jie, m\u0101jok\u013ca pabalsti, kred\u012btbr\u012bvdienas, v\u0113l kaut kas, vi\u0146as ir smagi administr\u0113jamas lietas. \u0160eit t\u0101pat, k\u0101 vi\u0146i PVN p\u0101rtikai no vasaras ir saliku\u0161i. Tak ielieciet \u0161eit uz janv\u0101ri. Nevienam nekas nenokrit\u012bs. Var\u0113s ierakst\u012bt ail\u012bt\u0113: valsts atbalsts.\u201d<\/p>\n<\/blockquote>\n","protected":false},"excerpt":{"rendered":"\u201cUn tas v\u0113l b\u016bs ar nekustam\u0101 \u012bpa\u0161uma nodokli, t\u0101 k\u0101 tie maks\u0101jumi \u0161obr\u012bd ir katastrof\u0101li. Un tie tarifi&hellip;\n","protected":false},"author":2,"featured_media":116848,"comment_status":"","ping_status":"","sticky":false,"template":"","format":"standard","meta":{"footnotes":""},"categories":[5],"tags":[23,26961,28,29,32,33,22,30,31,35,39,38,36,37,34,40,20,26,27,24,25,21],"class_list":{"0":"post-116847","1":"post","2":"type-post","3":"status-publish","4":"format-standard","5":"has-post-thumbnail","7":"category-aktualitates","8":"tag-aktualitates","9":"tag-andrejs-elksninsapkuredaugavpilsgints-kaminskisjelgavalatvijas-pasvaldibu-savienibaliepajarekinisals","10":"tag-breaking-news","11":"tag-breakingnews","12":"tag-featured-news","13":"tag-featurednews","14":"tag-headlines","15":"tag-latest-news","16":"tag-latestnews","17":"tag-latvia","18":"tag-latvian","19":"tag-latviesu","20":"tag-latviesu-valoda","21":"tag-latviesuvaloda","22":"tag-latvija","23":"tag-lv","24":"tag-news","25":"tag-popularakas-zinas","26":"tag-popularakaszinas","27":"tag-top-stories","28":"tag-topstories","29":"tag-zinas"},"share_on_mastodon":{"url":"https:\/\/pubeurope.com\/@lv\/115979586288519203","error":""},"_links":{"self":[{"href":"https:\/\/www.europesays.com\/lv\/wp-json\/wp\/v2\/posts\/116847","targetHints":{"allow":["GET"]}}],"collection":[{"href":"https:\/\/www.europesays.com\/lv\/wp-json\/wp\/v2\/posts"}],"about":[{"href":"https:\/\/www.europesays.com\/lv\/wp-json\/wp\/v2\/types\/post"}],"author":[{"embeddable":true,"href":"https:\/\/www.europesays.com\/lv\/wp-json\/wp\/v2\/users\/2"}],"replies":[{"embeddable":true,"href":"https:\/\/www.europesays.com\/lv\/wp-json\/wp\/v2\/comments?post=116847"}],"version-history":[{"count":0,"href":"https:\/\/www.europesays.com\/lv\/wp-json\/wp\/v2\/posts\/116847\/revisions"}],"wp:featuredmedia":[{"embeddable":true,"href":"https:\/\/www.europesays.com\/lv\/wp-json\/wp\/v2\/media\/116848"}],"wp:attachment":[{"href":"https:\/\/www.europesays.com\/lv\/wp-json\/wp\/v2\/media?parent=116847"}],"wp:term":[{"taxonomy":"category","embeddable":true,"href":"https:\/\/www.europesays.com\/lv\/wp-json\/wp\/v2\/categories?post=116847"},{"taxonomy":"post_tag","embeddable":true,"href":"https:\/\/www.europesays.com\/lv\/wp-json\/wp\/v2\/tags?post=116847"}],"curies":[{"name":"wp","href":"https:\/\/api.w.org\/{rel}","templated":true}]}}