{"id":116851,"date":"2026-01-29T17:45:09","date_gmt":"2026-01-29T17:45:09","guid":{"rendered":"https:\/\/www.europesays.com\/lv\/116851\/"},"modified":"2026-01-29T17:45:09","modified_gmt":"2026-01-29T17:45:09","slug":"sapiro-abolins-liepina-un-citi-teatra-laudis-atvadas-no-aktrises-andas-zaices-santa","status":"publish","type":"post","link":"https:\/\/www.europesays.com\/lv\/116851\/","title":{"rendered":"\u0160apiro, \u0100boli\u0146\u0161, Liepi\u0146a un citi te\u0101tra \u013caudis atvad\u0101s no aktrises Andas Zaices \u2014 Santa"},"content":{"rendered":"<p>Biju\u0161ie te\u0101tra kol\u0113\u0123i, draugi, radi un pazi\u0146as ceturtdien teica p\u0113d\u0113jos atvadu v\u0101rdus aktrisei Andai Zaicei, kuras m\u016b\u017es nosl\u0113dz\u0101s janv\u0101ra izska\u0146\u0101 84. gadu vecum\u0101. Kl\u0101tien\u0113 p\u0113d\u0113j\u0101 gait\u0101 vi\u0146u pavad\u012bja re\u017eisors \u0100dolfs \u0160apiro, kur\u0161 savulaik tie\u0161i Zaic\u0113 saskat\u012bja dievi\u0161\u0137\u0101 talanta dzirksti. Ar ziediem n\u0101ca\u00a0ar\u012b aktieri Gundars \u0100boli\u0146\u0161, L\u012bga Liepi\u0146a un citi,\u00a0ar kuriem Zaice reiz k\u0101pusi\u00a0uz vienas skatuves.<\/p>\n<p>                    <a data-role=\"gallery.trigger\" href=\"https:\/\/www.santa.lv\/raksts\/personibas\/foto-sapiro-abolins-liepina-un-citi-teatra-laudis-atvadas-no-aktrises-andas-zaices-80497\/javascript:;\" style=\"background-image:url(&#039;https:\/\/cdn.santa.lv\/media\/2026\/01\/2\/xlarge\/30d38a62a1ee.jpg&#039;)\" aria-label=\"Atv\u0113rt galeriju\" rel=\"nofollow noopener\" target=\"_blank\"><\/p>\n<p>                                            <a data-role=\"gallery.trigger\" href=\"https:\/\/www.santa.lv\/raksts\/personibas\/foto-sapiro-abolins-liepina-un-citi-teatra-laudis-atvadas-no-aktrises-andas-zaices-80497\/javascript:;\" style=\"background-image:url(&#039;https:\/\/cdn.santa.lv\/media\/2026\/01\/2\/small\/c224686a4ce5.jpg&#039;)\" aria-label=\"Atv\u0113rt galeriju\" rel=\"nofollow noopener\" target=\"_blank\"><br \/>\n                                                    <\/a><br \/>\n                                                <a data-role=\"gallery.trigger\" href=\"https:\/\/www.santa.lv\/raksts\/personibas\/foto-sapiro-abolins-liepina-un-citi-teatra-laudis-atvadas-no-aktrises-andas-zaices-80497\/javascript:;\" style=\"background-image:url(&#039;https:\/\/cdn.santa.lv\/media\/2026\/01\/2\/small\/e06a6b423376.jpg&#039;)\" aria-label=\"Atv\u0113rt galeriju\" rel=\"nofollow noopener\" target=\"_blank\"><br \/>\n                                                    <\/a><br \/>\n                                                <a data-role=\"gallery.trigger\" href=\"https:\/\/www.santa.lv\/raksts\/personibas\/foto-sapiro-abolins-liepina-un-citi-teatra-laudis-atvadas-no-aktrises-andas-zaices-80497\/javascript:;\" style=\"background-image:url(&#039;https:\/\/cdn.santa.lv\/media\/2026\/01\/2\/small\/ec06632f026c.jpg&#039;)\" aria-label=\"Atv\u0113rt galeriju\" rel=\"nofollow noopener\" target=\"_blank\"><br \/>\n                            +22                        <\/a><\/p>\n<p>\u00a0<\/p>\n<p>Anda Zaice bija viena no vado\u0161aj\u0101m Jaunatnes te\u0101tra aktris\u0113m gandr\u012bz 30 gadus. Beigusi Dailes te\u0101tra 3. studiju (1962). Divus gadus bijusi aktrise Liep\u0101jas te\u0101tr\u012b, bet no 1964. gada l\u012bdz pat te\u0101tra sl\u0113g\u0161anai 1992. gad\u0101 str\u0101d\u0101jusi Jaunatnes te\u0101tr\u012b, kur sp\u0113l\u0113jusi lomas neskait\u0101mos noz\u012bm\u012bgos iestud\u0113jumos. Vi\u0146a bija gan P\u012bters Pens, gan Solveiga Ibsena P\u0113r\u0101 Gint\u0101.<\/p>\n<p>Aktrise daudziem atmi\u0146\u0101 palikusi ar\u012b ar kinolom\u0101m.\u00a0L\u012bdz\u0101s darbam te\u0101tr\u012b Anda Zaice film\u0113jusies ar\u012b vair\u0101k\u0101s R\u012bgas Kinostudijas film\u0101s, tostarp\u00a0Saulessvece, Vajadz\u012bga soliste, \u012asa pam\u0101c\u012bba m\u012bl\u0113\u0161an\u0101,\u00a0Piej\u016bras klimats\u00a0un Purva brid\u0113js.<\/p>\n<p>Diem\u017e\u0113l p\u0113c tam, kad Jaunatnes te\u0101tri likvid\u0113ja, Zaice nesp\u0113ja atrast nedz citu\u00a0te\u0101tri, nedz v\u0113l k\u0101du sav\u0113jo re\u017eisoru, kur\u0161 vi\u0146\u0101 ieraudz\u012btu to pa\u0161u, ko reiz \u0160apiro.\u00a0<\/p>\n<p>Savu dz\u012bvi Zaice aizvad\u012bja kop\u0101 ar m\u016bzi\u0137i Ivaru Davidovi\u010du. Vi\u0146u m\u012blasst\u0101stu lasi \u0161eit:<\/p>\n<p>    <img decoding=\"async\" class=\"no-convert\" alt=\"\" data-init=\"lazy-image\" src=\"https:\/\/www.europesays.com\/lv\/wp-content\/uploads\/2026\/01\/845bfde6bd2d.jpg\"\/><a target=\"_self\" href=\"https:\/\/www.santa.lv\/raksts\/personibas\/aktrises-zaices-un-muzika-davidovica-milasstasts.-vini-bija-kopa-44-gadus-27698\/\" aria-label=\"Aktrises Zaices un m\u016bzi\u0137a Davidovi\u010da m\u012blasst\u0101sts. Vi\u0146i bija kop\u0101 44 gadus\" rel=\"nofollow noopener\"><\/p>\n<p>Daiga Mazv\u0113rs\u012bte<\/p>\n<p>\u00a0<\/p>\n<p>\u00a0<\/p>\n","protected":false},"excerpt":{"rendered":"Biju\u0161ie te\u0101tra kol\u0113\u0123i, draugi, radi un pazi\u0146as ceturtdien teica p\u0113d\u0113jos atvadu v\u0101rdus aktrisei Andai Zaicei, kuras m\u016b\u017es nosl\u0113dz\u0101s&hellip;\n","protected":false},"author":2,"featured_media":116852,"comment_status":"","ping_status":"","sticky":false,"template":"","format":"standard","meta":{"footnotes":""},"categories":[19],"tags":[89,90,35,39,38,36,37,34,40],"class_list":{"0":"post-116851","1":"post","2":"type-post","3":"status-publish","4":"format-standard","5":"has-post-thumbnail","7":"category-izklaide","8":"tag-entertainment","9":"tag-izklaide","10":"tag-latvia","11":"tag-latvian","12":"tag-latviesu","13":"tag-latviesu-valoda","14":"tag-latviesuvaloda","15":"tag-latvija","16":"tag-lv"},"share_on_mastodon":{"url":"https:\/\/pubeurope.com\/@lv\/115979637393754353","error":""},"_links":{"self":[{"href":"https:\/\/www.europesays.com\/lv\/wp-json\/wp\/v2\/posts\/116851","targetHints":{"allow":["GET"]}}],"collection":[{"href":"https:\/\/www.europesays.com\/lv\/wp-json\/wp\/v2\/posts"}],"about":[{"href":"https:\/\/www.europesays.com\/lv\/wp-json\/wp\/v2\/types\/post"}],"author":[{"embeddable":true,"href":"https:\/\/www.europesays.com\/lv\/wp-json\/wp\/v2\/users\/2"}],"replies":[{"embeddable":true,"href":"https:\/\/www.europesays.com\/lv\/wp-json\/wp\/v2\/comments?post=116851"}],"version-history":[{"count":0,"href":"https:\/\/www.europesays.com\/lv\/wp-json\/wp\/v2\/posts\/116851\/revisions"}],"wp:featuredmedia":[{"embeddable":true,"href":"https:\/\/www.europesays.com\/lv\/wp-json\/wp\/v2\/media\/116852"}],"wp:attachment":[{"href":"https:\/\/www.europesays.com\/lv\/wp-json\/wp\/v2\/media?parent=116851"}],"wp:term":[{"taxonomy":"category","embeddable":true,"href":"https:\/\/www.europesays.com\/lv\/wp-json\/wp\/v2\/categories?post=116851"},{"taxonomy":"post_tag","embeddable":true,"href":"https:\/\/www.europesays.com\/lv\/wp-json\/wp\/v2\/tags?post=116851"}],"curies":[{"name":"wp","href":"https:\/\/api.w.org\/{rel}","templated":true}]}}