{"id":116855,"date":"2026-01-29T17:49:12","date_gmt":"2026-01-29T17:49:12","guid":{"rendered":"https:\/\/www.europesays.com\/lv\/116855\/"},"modified":"2026-01-29T17:49:12","modified_gmt":"2026-01-29T17:49:12","slug":"kulturdeva-raidieraksta-brali-kristaps-un-kaspars-zarini-raksts","status":"publish","type":"post","link":"https:\/\/www.europesays.com\/lv\/116855\/","title":{"rendered":"\u00abKult\u016brdeva\u00bb raidierakst\u0101. Br\u0101\u013ci Kristaps un Kaspars Zari\u0146i \/ Raksts"},"content":{"rendered":"<p>Raid\u012bjum\u0101 &#8220;Kult\u016brdeva&#8221; viesoj\u0101s gleznot\u0101ji \u2013 br\u0101\u013ci Kristaps un Kaspars Zari\u0146i.<\/p>\n<p style=\"margin-left:0cm; margin-right:0cm\">Klausies sarunu par Latvijas M\u0101kslas akad\u0113mijas un pla\u0161\u0101kas m\u0101kslas jomas aktualit\u0101t\u0113m un noskaidro, vai Latvijas m\u0101kslas vid\u0113 past\u0101v nepotisms.<\/p>\n<p>\u00abKult\u016brdeva\u00bb. Br\u0101\u013ci Kristaps un Kaspars Zari\u0146i<\/p>\n<p style=\"margin-left:0cm; margin-right:0cm\">Skaties &#8220;Kult\u016brdevu&#8221;\u00a0sabiedrisk\u0101 medija atska\u0146ot\u0101j\u0101 <a href=\"https:\/\/replay.lsm.lv\/lv\/skaties\/ieraksts\/ltv\/370084\/kulturdeva-karlis-vanags-un-brali-zarini\" style=\"color:#0563c1; text-decoration:underline\" target=\"_blank\" rel=\"nofollow noopener\">REplay.lv.<\/a><\/p>\n<p>                    Valodas k\u013c\u016bda rakst\u0101?<\/p>\n<p class=\"d-none d-md-block\">Iez\u012bm\u0113jiet tekstu un spiediet Ctrl+Enter, lai nos\u016bt\u012btu labojamo teksta fragmentu redaktoram! Par faktu k\u013c\u016bd\u0101m l\u016bdzam zi\u0146ot e-past\u0101 <a href=\"https:\/\/www.lsm.lv\/cdn-cgi\/l\/email-protection\" class=\"__cf_email__\" data-cfemail=\"b1c3d4d5d0dad2d8dbd0f1ddc2dc9fddc7\" rel=\"nofollow noopener\" target=\"_blank\">[email\u00a0protected]<\/a>.<\/p>\n<p class=\"d-md-none\">Iez\u012bm\u0113jiet tekstu un spiediet uz Zi\u0146ot par k\u013c\u016bdu pogas, lai nos\u016bt\u012btu labojamo teksta fragmentu redaktoram!<\/p>\n<p>\n                    Zi\u0146ot par k\u013c\u016bdu\n                <\/p>\n","protected":false},"excerpt":{"rendered":"Raid\u012bjum\u0101 &#8220;Kult\u016brdeva&#8221; viesoj\u0101s gleznot\u0101ji \u2013 br\u0101\u013ci Kristaps un Kaspars Zari\u0146i. Klausies sarunu par Latvijas M\u0101kslas akad\u0113mijas un pla\u0161\u0101kas&hellip;\n","protected":false},"author":2,"featured_media":116856,"comment_status":"","ping_status":"","sticky":false,"template":"","format":"standard","meta":{"footnotes":""},"categories":[12],"tags":[23,28,29,32,33,22,30,31,35,39,38,36,37,34,40,20,26,27,24,25,21],"class_list":{"0":"post-116855","1":"post","2":"type-post","3":"status-publish","4":"format-standard","5":"has-post-thumbnail","7":"category-latvija","8":"tag-aktualitates","9":"tag-breaking-news","10":"tag-breakingnews","11":"tag-featured-news","12":"tag-featurednews","13":"tag-headlines","14":"tag-latest-news","15":"tag-latestnews","16":"tag-latvia","17":"tag-latvian","18":"tag-latviesu","19":"tag-latviesu-valoda","20":"tag-latviesuvaloda","21":"tag-latvija","22":"tag-lv","23":"tag-news","24":"tag-popularakas-zinas","25":"tag-popularakaszinas","26":"tag-top-stories","27":"tag-topstories","28":"tag-zinas"},"share_on_mastodon":{"url":"https:\/\/pubeurope.com\/@lv\/115979653179299016","error":""},"_links":{"self":[{"href":"https:\/\/www.europesays.com\/lv\/wp-json\/wp\/v2\/posts\/116855","targetHints":{"allow":["GET"]}}],"collection":[{"href":"https:\/\/www.europesays.com\/lv\/wp-json\/wp\/v2\/posts"}],"about":[{"href":"https:\/\/www.europesays.com\/lv\/wp-json\/wp\/v2\/types\/post"}],"author":[{"embeddable":true,"href":"https:\/\/www.europesays.com\/lv\/wp-json\/wp\/v2\/users\/2"}],"replies":[{"embeddable":true,"href":"https:\/\/www.europesays.com\/lv\/wp-json\/wp\/v2\/comments?post=116855"}],"version-history":[{"count":0,"href":"https:\/\/www.europesays.com\/lv\/wp-json\/wp\/v2\/posts\/116855\/revisions"}],"wp:featuredmedia":[{"embeddable":true,"href":"https:\/\/www.europesays.com\/lv\/wp-json\/wp\/v2\/media\/116856"}],"wp:attachment":[{"href":"https:\/\/www.europesays.com\/lv\/wp-json\/wp\/v2\/media?parent=116855"}],"wp:term":[{"taxonomy":"category","embeddable":true,"href":"https:\/\/www.europesays.com\/lv\/wp-json\/wp\/v2\/categories?post=116855"},{"taxonomy":"post_tag","embeddable":true,"href":"https:\/\/www.europesays.com\/lv\/wp-json\/wp\/v2\/tags?post=116855"}],"curies":[{"name":"wp","href":"https:\/\/api.w.org\/{rel}","templated":true}]}}