{"id":116857,"date":"2026-01-29T17:51:07","date_gmt":"2026-01-29T17:51:07","guid":{"rendered":"https:\/\/www.europesays.com\/lv\/116857\/"},"modified":"2026-01-29T17:51:07","modified_gmt":"2026-01-29T17:51:07","slug":"no-dalibas-koncerta-manai-dzimtenei-atteiksies-ari-latvijas-radio-bigbends-raksts","status":"publish","type":"post","link":"https:\/\/www.europesays.com\/lv\/116857\/","title":{"rendered":"No dal\u012bbas koncert\u0101 \u00abManai dzimtenei\u00bb atteiksies ar\u012b Latvijas Radio bigbends \/ Raksts"},"content":{"rendered":"<p>\u0160ovasar pl\u0101notais dziesmu sv\u0113tku koncerts &#8220;Manai dzimtenei&#8221; turpina jukt pa v\u012bl\u0113m. Taj\u0101 nepiedal\u012bties tais\u0101s ar\u012b Latvijas Radio bigbends, kas ir viens no zin\u0101m\u0101kajiem d\u017eeza bigbendiem Baltij\u0101. To \u0161odien noskaidroja Latvijas Radio.<\/p>\n<p>Atg\u0101din\u0101m, ka vakar par t\u0101du l\u0113mumu pazi\u0146oja vesels saraksts novadu un valstpils\u0113tu virsdiri\u0123entu. J\u0101atg\u0101dina, ka R\u012bg\u0101, Me\u017eapark\u0101, pl\u0101notais koncerts iepriek\u0161 bija paz\u012bstams k\u0101 &#8220;Raimonda Paula dziesmu sv\u0113tki &#8220;Manai dzimtenei&#8221;&#8221;, t\u0101 izr\u0101dot cie\u0146u maestro 90. jubilejai. Ta\u010du, Paulam no t\u0101 norobe\u017eojoties, nosaukums tika main\u012bts. Atbalstot maestro, iepriek\u0161 savu dal\u012bbu atsauca ar\u012b dzied\u0101t\u0101js Intars Busulis. Tiesa, bi\u013cetes uz koncertu turpina tirgot.\u00a0<\/p>\n<blockquote>\n<p>Latvijas Radio bigbends tais\u0101s ar koncerta organizatoriem lauzt l\u012bgumu. Iemesls \u2013 nezi\u0146a, kas tas b\u016bs par koncertu, un cie\u0146a pret maestro Raimondu Paulu, kur\u0161 jau iepriek\u0161 pazi\u0146oja, ka no pas\u0101kuma norobe\u017eojas.<\/p>\n<\/blockquote>\n<p>To Latvijas Radio pateica or\u0137estr\u012b, kas koment\u0113t ierakst\u0101 atteic\u0101s.<\/p>\n<p>L\u012bdz\u012bg\u0101 neizpratn\u0113 ir novadu un valstspils\u0113tu koru virsdiri\u0123enti, kuri jau vakar pazi\u0146oja, ka nev\u0113las turpin\u0101t darbu. St\u0101sta koncerta virsdiri\u0123ents M\u0101rti\u0146\u0161 Kli\u0161\u0101ns:\u00a0&#8220;T\u0101 saj\u016bta bija, ka esam mazliet piemirsti un esam \u0137\u012blnieka lom\u0101, jo dzied\u0101t m\u0113s gribam, bet gribam dzied\u0101t un str\u0101d\u0101t tikai tad, ja ir laba gaisotne, kas mums ir nepiecie\u0161ama, bez k\u0101 m\u0113s sevi iedom\u0101ties Me\u017eaparka Lielaj\u0101 estr\u0101d\u0113 nevaram.&#8221;<\/p>\n<p>M\u0101rti\u0146\u0161 Kli\u0161\u0101ns: Saj\u016bta, ka esam \u0137\u012blnieka lom\u0101<\/p>\n<p>00:00 \/ 00:38<\/p>\n<p>\t\t\t\t\t    <a class=\"player-download\" href=\"https:\/\/static.lsm.lv\/media\/2026\/01\/sksh.mp3\" target=\"_blank\" rel=\"nofollow noopener\"> Lejupl\u0101d\u0113t<\/a><\/p>\n<p>Viktors Demidovs \/ Latvijas Radio<\/p>\n<p>Koncerta r\u012bkot\u0101js komponists J\u0101nis \u0136irsis sola dar\u012bt visu iesp\u0113jamo, lai koncerts notiktu. Vi\u0146\u0161 ar\u012b netais\u0101s p\u0101rtraukt bi\u013ce\u0161u p\u0101rdo\u0161anu: &#8220;M\u0113s, protams, esam sa\u0146\u0113mu\u0161i vair\u0101k jaut\u0101jumus un nezi\u0146u. Tas ir tas, kas m\u016bs, protams, visvair\u0101k ar\u012b pa\u0161us uztrauc.<\/p>\n<blockquote>\n<p>\u0160\u012b nezi\u0146a, k\u0101d\u0101 veid\u0101 m\u0113s \u0161o situ\u0101ciju varam atrisin\u0101t un kopum\u0101, k\u0101d\u0101 veid\u0101 m\u0113s varam rast t\u0101du fundament\u0101lu risin\u0101jumu.<\/p>\n<\/blockquote>\n<p>Protams, ka viens no iesp\u0113jamiem scen\u0101rijiem, lai tie\u0161\u0101m nesaboj\u0101tu visiem dal\u012bbniekiem gan Latvij\u0101, gan diasporas kolekt\u012bviem, kuri jau ir ieg\u0101d\u0101ju\u0161ies aviobi\u013cetes un gatavoju\u0161ies sv\u0113tkiem, nerun\u0101jot par to, ka koriem vajag dzied\u0101t, vi\u0146i grib dzied\u0101t. Visu, kas ir m\u016bsu sp\u0113kos, \u0161obr\u012bd m\u0113s to dar\u0101m.&#8221;<\/p>\n<p>J\u0101nis \u0136irsis: Dar\u0101m visu iesp\u0113jamo, lai koncerts notiktu<\/p>\n<p>00:00 \/ 00:48<\/p>\n<p>\t\t\t\t\t    <a class=\"player-download\" href=\"https:\/\/static.lsm.lv\/media\/2026\/01\/sksj.mp3\" target=\"_blank\" rel=\"nofollow noopener\"> Lejupl\u0101d\u0113t<\/a><\/p>\n<p>Viktors Demidovs \/ Latvijas Radio<\/p>\n<p>Skand\u0101ls ietekm\u0113jis ar\u012b pavasar\u012b pl\u0101not\u0101s koru skates, ko r\u012bko Nacion\u0101lais kult\u016bras centrs, atkl\u0101j t\u0101 p\u0101rst\u0101ve Sarm\u012bte P\u0101vul\u0113na: &#8220;Taj\u0101 br\u012bd\u012b, kad s\u0101ka vi\u013c\u0146oties un pag\u0101ju\u0161aj\u0101 ned\u0113\u013c\u0101 n\u0101ca da\u017e\u0101di pazi\u0146ojumu klaj\u0101, tad<\/p>\n<blockquote>\n<p>otrdien Koru nozares [konsultat\u012bv\u0101] padome san\u0101ca kop\u0101 un rosin\u0101ja tom\u0113r dot t\u0101du br\u012bvu iesp\u0113ju jauktajiem koriem pa\u0161iem dom\u0101t, ko dar\u012bt un l\u012bdz ar to l\u0113ma par br\u012bvu repertu\u0101ru.<\/p>\n<\/blockquote>\n<p>T\u0101ds bija tas l\u0113mums, un Latvijas Nacion\u0101lais kult\u016bras centrs, izv\u0113rt\u0113jot visu inform\u0101ciju, ar\u012b veica groz\u012bjumus Latvijas amatieru koru ska\u0161u nolikum\u0101.&#8221;<\/p>\n<p>Sarm\u012bte P\u0101vul\u0113na: Veikti groz\u012bjumi Latvijas amatieru koru ska\u0161u nolikum\u0101<\/p>\n<p>00:00 \/ 00:36<\/p>\n<p>\t\t\t\t\t    <a class=\"player-download\" href=\"https:\/\/static.lsm.lv\/media\/2026\/01\/skst.mp3\" target=\"_blank\" rel=\"nofollow noopener\"> Lejupl\u0101d\u0113t<\/a><\/p>\n<p>Viktors Demidovs \/ Latvijas Radio<\/p>\n<p>Savuk\u0101rt gatavoties 11. j\u016blija koncertam Me\u017eapark\u0101 turpinot diasporas kori, kuru vid\u016b ir pusotrs t\u016bkstotis dzied\u0101t\u0101ju.<\/p>\n<p>                    Valodas k\u013c\u016bda rakst\u0101?<\/p>\n<p class=\"d-none d-md-block\">Iez\u012bm\u0113jiet tekstu un spiediet Ctrl+Enter, lai nos\u016bt\u012btu labojamo teksta fragmentu redaktoram! Par faktu k\u013c\u016bd\u0101m l\u016bdzam zi\u0146ot e-past\u0101 <a href=\"https:\/\/www.lsm.lv\/cdn-cgi\/l\/email-protection\" class=\"__cf_email__\" data-cfemail=\"d4a6b1b0b5bfb7bdbeb594b8a7b9fab8a2\" rel=\"nofollow noopener\" target=\"_blank\">[email\u00a0protected]<\/a>.<\/p>\n<p class=\"d-md-none\">Iez\u012bm\u0113jiet tekstu un spiediet uz Zi\u0146ot par k\u013c\u016bdu pogas, lai nos\u016bt\u012btu labojamo teksta fragmentu redaktoram!<\/p>\n<p>\n                    Zi\u0146ot par k\u013c\u016bdu\n                <\/p>\n","protected":false},"excerpt":{"rendered":"\u0160ovasar pl\u0101notais dziesmu sv\u0113tku koncerts &#8220;Manai dzimtenei&#8221; turpina jukt pa v\u012bl\u0113m. Taj\u0101 nepiedal\u012bties tais\u0101s ar\u012b Latvijas Radio bigbends,&hellip;\n","protected":false},"author":2,"featured_media":116858,"comment_status":"","ping_status":"","sticky":false,"template":"","format":"standard","meta":{"footnotes":""},"categories":[19],"tags":[89,90,35,39,38,36,37,34,40],"class_list":{"0":"post-116857","1":"post","2":"type-post","3":"status-publish","4":"format-standard","5":"has-post-thumbnail","7":"category-izklaide","8":"tag-entertainment","9":"tag-izklaide","10":"tag-latvia","11":"tag-latvian","12":"tag-latviesu","13":"tag-latviesu-valoda","14":"tag-latviesuvaloda","15":"tag-latvija","16":"tag-lv"},"share_on_mastodon":{"url":"https:\/\/pubeurope.com\/@lv\/115979660982465675","error":""},"_links":{"self":[{"href":"https:\/\/www.europesays.com\/lv\/wp-json\/wp\/v2\/posts\/116857","targetHints":{"allow":["GET"]}}],"collection":[{"href":"https:\/\/www.europesays.com\/lv\/wp-json\/wp\/v2\/posts"}],"about":[{"href":"https:\/\/www.europesays.com\/lv\/wp-json\/wp\/v2\/types\/post"}],"author":[{"embeddable":true,"href":"https:\/\/www.europesays.com\/lv\/wp-json\/wp\/v2\/users\/2"}],"replies":[{"embeddable":true,"href":"https:\/\/www.europesays.com\/lv\/wp-json\/wp\/v2\/comments?post=116857"}],"version-history":[{"count":0,"href":"https:\/\/www.europesays.com\/lv\/wp-json\/wp\/v2\/posts\/116857\/revisions"}],"wp:featuredmedia":[{"embeddable":true,"href":"https:\/\/www.europesays.com\/lv\/wp-json\/wp\/v2\/media\/116858"}],"wp:attachment":[{"href":"https:\/\/www.europesays.com\/lv\/wp-json\/wp\/v2\/media?parent=116857"}],"wp:term":[{"taxonomy":"category","embeddable":true,"href":"https:\/\/www.europesays.com\/lv\/wp-json\/wp\/v2\/categories?post=116857"},{"taxonomy":"post_tag","embeddable":true,"href":"https:\/\/www.europesays.com\/lv\/wp-json\/wp\/v2\/tags?post=116857"}],"curies":[{"name":"wp","href":"https:\/\/api.w.org\/{rel}","templated":true}]}}