{"id":116859,"date":"2026-01-29T17:59:08","date_gmt":"2026-01-29T17:59:08","guid":{"rendered":"https:\/\/www.europesays.com\/lv\/116859\/"},"modified":"2026-01-29T17:59:08","modified_gmt":"2026-01-29T17:59:08","slug":"latvijas-delegacijas-karogneseji-olimpisko-spelu-atklasanas-ceremonija-bus-daugavins-un-germane","status":"publish","type":"post","link":"https:\/\/www.europesays.com\/lv\/116859\/","title":{"rendered":"Latvijas deleg\u0101cijas karognes\u0113ji olimpisko sp\u0113\u013cu atkl\u0101\u0161anas ceremonij\u0101\u00a0b\u016bs Daugavi\u0146\u0161 un \u0122\u0113rmane"},"content":{"rendered":"<p>         <img decoding=\"async\" src=\"https:\/\/www.europesays.com\/lv\/wp-content\/uploads\/2026\/01\/290931ef70fdce42b839d7450056756676.jpg\" class=\"img-responsive post-image\" alt=\"Latvijas deleg\u0101cijas karognes\u0113ji olimpisko sp\u0113\u013cu atkl\u0101\u0161anas ceremonij\u0101\u00a0b\u016bs Daugavi\u0146\u0161 un \u0122\u0113rmane\"\/>      <\/p>\n<blockquote><p>&#13;<\/p>\n<p>Latvijas deleg\u0101cijas karognes\u0113ji Mil\u0101nas un Kort\u012bnas olimpisko sp\u0113\u013cu\u00a0atkl\u0101\u0161anas ceremonij\u0101 b\u016bs hokejists Kaspars Daugavi\u0146\u0161 un kalnu\u00a0sl\u0113pot\u0101ja D\u017eenifera \u0122\u0113rmane.<\/p>\n<p>&#13;\n<\/p><\/blockquote>\n<p>&#13;<br \/>\n&#13;<br \/>\n<br \/>\nGalven\u0101 atkl\u0101\u0161anas ceremonija notiks Mil\u0101n\u0101 &#8220;San Siro&#8221; stadion\u0101, bet\u00a0v\u0113l tr\u012bs ceremonijas tiks vienlaikus aizvad\u012btas Kort\u012bn\u0101 d&#8217;Ampeco,\u00a0Livinjo un Predaco.<\/p>\n<p>Latvijas deleg\u0101cij\u0101 b\u016bs 68 sportisti, kas ir visu laiku liel\u0101k\u0101\u00a0p\u0101rst\u0101vniec\u012bba ziemas olimpiskaj\u0101s sp\u0113l\u0113s.<\/p>\n<p>www.radio1.lv, Leta<\/p>\n","protected":false},"excerpt":{"rendered":"&#13; Latvijas deleg\u0101cijas karognes\u0113ji Mil\u0101nas un Kort\u012bnas olimpisko sp\u0113\u013cu\u00a0atkl\u0101\u0161anas ceremonij\u0101 b\u016bs hokejists Kaspars Daugavi\u0146\u0161 un kalnu\u00a0sl\u0113pot\u0101ja D\u017eenifera \u0122\u0113rmane.&hellip;\n","protected":false},"author":2,"featured_media":116860,"comment_status":"","ping_status":"","sticky":false,"template":"","format":"standard","meta":{"footnotes":""},"categories":[17],"tags":[35,39,38,36,37,34,40,67],"class_list":{"0":"post-116859","1":"post","2":"type-post","3":"status-publish","4":"format-standard","5":"has-post-thumbnail","7":"category-sports","8":"tag-latvia","9":"tag-latvian","10":"tag-latviesu","11":"tag-latviesu-valoda","12":"tag-latviesuvaloda","13":"tag-latvija","14":"tag-lv","15":"tag-sports"},"share_on_mastodon":{"url":"https:\/\/pubeurope.com\/@lv\/115979692583279160","error":""},"_links":{"self":[{"href":"https:\/\/www.europesays.com\/lv\/wp-json\/wp\/v2\/posts\/116859","targetHints":{"allow":["GET"]}}],"collection":[{"href":"https:\/\/www.europesays.com\/lv\/wp-json\/wp\/v2\/posts"}],"about":[{"href":"https:\/\/www.europesays.com\/lv\/wp-json\/wp\/v2\/types\/post"}],"author":[{"embeddable":true,"href":"https:\/\/www.europesays.com\/lv\/wp-json\/wp\/v2\/users\/2"}],"replies":[{"embeddable":true,"href":"https:\/\/www.europesays.com\/lv\/wp-json\/wp\/v2\/comments?post=116859"}],"version-history":[{"count":0,"href":"https:\/\/www.europesays.com\/lv\/wp-json\/wp\/v2\/posts\/116859\/revisions"}],"wp:featuredmedia":[{"embeddable":true,"href":"https:\/\/www.europesays.com\/lv\/wp-json\/wp\/v2\/media\/116860"}],"wp:attachment":[{"href":"https:\/\/www.europesays.com\/lv\/wp-json\/wp\/v2\/media?parent=116859"}],"wp:term":[{"taxonomy":"category","embeddable":true,"href":"https:\/\/www.europesays.com\/lv\/wp-json\/wp\/v2\/categories?post=116859"},{"taxonomy":"post_tag","embeddable":true,"href":"https:\/\/www.europesays.com\/lv\/wp-json\/wp\/v2\/tags?post=116859"}],"curies":[{"name":"wp","href":"https:\/\/api.w.org\/{rel}","templated":true}]}}