{"id":116861,"date":"2026-01-29T18:01:08","date_gmt":"2026-01-29T18:01:08","guid":{"rendered":"https:\/\/www.europesays.com\/lv\/116861\/"},"modified":"2026-01-29T18:01:08","modified_gmt":"2026-01-29T18:01:08","slug":"kamer-zelenskis-gatavs-sesties-pie-viena-galda-ar-putinu-tikmer-kremlis-runa-par-prasibu-pec-draudzigas-ukrainas","status":"publish","type":"post","link":"https:\/\/www.europesays.com\/lv\/116861\/","title":{"rendered":"Kam\u0113r Zelenskis gatavs s\u0113sties pie viena galda ar Putinu, tikm\u0113r Kremlis run\u0101 par pras\u012bbu p\u0113c \u201cdraudz\u012bgas\u201d Ukrainas"},"content":{"rendered":"<p>    <img decoding=\"async\" src=\"https:\/\/www.europesays.com\/lv\/wp-content\/uploads\/2025\/10\/afp_46bf7t2-1024x767.jpg\" alt=\"&#10;Vladimirs Putins un Volodirims Zelenskis&#10;\"\/><\/p>\n<p>Vladimirs Putins un Volodirims Zelenskis<\/p>\n<p>Foto. Scanpix\/LETA\/Gavriil GRIGOROV and Nhac NGUYEN \/ various sources \/ AFP)\n<\/p>\n<p>19:34, 29. janv\u0101ris 2026<\/p>\n<p>Ukrainas prezidents Volodimirs Zelenskis ir gatavs person\u012bgai tik\u0161an\u0101s reizei ar Krievijas diktatoru Vladimiru Putinu, lai apspriestu visjut\u012bg\u0101kos jaut\u0101jumus. Vienlaikus Kremlis nav izr\u0101d\u012bjis nek\u0101du interesi par \u0161\u0101du tik\u0161anos, v\u0113sta \u0101rvalstu mediji. <\/p>\n<p>        Las\u012bt\u0101kie<br \/>\n        <a data-imagesrc=\"{&quot;300&quot;:&quot;https:\\\/\\\/lastatic.ams3.cdn.digitaloceanspaces.com\\\/2026\\\/01\\\/pexels-laura-lumimaa-1119727985-20836989-300x200.jpg&quot;,&quot;1024&quot;:&quot;https:\\\/\\\/lastatic.ams3.cdn.digitaloceanspaces.com\\\/2026\\\/01\\\/pexels-laura-lumimaa-1119727985-20836989-1024x683.jpg&quot;,&quot;1536&quot;:&quot;https:\\\/\\\/lastatic.ams3.cdn.digitaloceanspaces.com\\\/2026\\\/01\\\/pexels-laura-lumimaa-1119727985-20836989-1536x1024.jpg&quot;,&quot;500&quot;:&quot;https:\\\/\\\/lastatic.ams3.cdn.digitaloceanspaces.com\\\/2026\\\/01\\\/pexels-laura-lumimaa-1119727985-20836989-500x333.jpg&quot;,&quot;800&quot;:&quot;https:\\\/\\\/lastatic.ams3.cdn.digitaloceanspaces.com\\\/2026\\\/01\\\/pexels-laura-lumimaa-1119727985-20836989-800x533.jpg&quot;,&quot;2560&quot;:&quot;https:\\\/\\\/lastatic.ams3.cdn.digitaloceanspaces.com\\\/2026\\\/01\\\/pexels-laura-lumimaa-1119727985-20836989-scaled.jpg&quot;}\" data-focuspoint=\"&quot;&quot;\" data-p=\"2502146\" href=\"https:\/\/www.la.lv\/ziemas-mokas-ir-smagas-5-zodiaka-zimes-kas-aukstumu-necies-ne-acu-gala\" class=\"content-item lazy-load\" wp_automatic_readability=\"26.5\" rel=\"nofollow noopener\" target=\"_blank\"><\/p>\n<p>                                <img decoding=\"async\" src=\"\" alt=\"\" style=\"\" data-imageid=\"\"\/><\/p>\n<p>                                Kokteilis<\/p>\n<p>\n                                                Ziemas mokas ir smagas. 5 zodiaka z\u012bmes, kas aukstumu necie\u0161 ne acu gal\u0101\n                            <\/p>\n<p><\/a><a data-imagesrc=\"{&quot;300&quot;:&quot;https:\\\/\\\/lastatic.ams3.cdn.digitaloceanspaces.com\\\/2024\\\/07\\\/fi_c0miksaq-300x200.jpg&quot;,&quot;1024&quot;:&quot;https:\\\/\\\/lastatic.ams3.cdn.digitaloceanspaces.com\\\/2024\\\/07\\\/fi_c0miksaq-1024x683.jpg&quot;,&quot;768&quot;:&quot;https:\\\/\\\/lastatic.ams3.cdn.digitaloceanspaces.com\\\/2024\\\/07\\\/fi_c0miksaq-768x512.jpg&quot;,&quot;1536&quot;:&quot;https:\\\/\\\/lastatic.ams3.cdn.digitaloceanspaces.com\\\/2024\\\/07\\\/fi_c0miksaq-1536x1024.jpg&quot;,&quot;2048&quot;:&quot;https:\\\/\\\/lastatic.ams3.cdn.digitaloceanspaces.com\\\/2024\\\/07\\\/fi_c0miksaq-2048x1365.jpg&quot;,&quot;200&quot;:&quot;https:\\\/\\\/lastatic.ams3.cdn.digitaloceanspaces.com\\\/2024\\\/07\\\/fi_c0miksaq-200x133.jpg&quot;,&quot;400&quot;:&quot;https:\\\/\\\/lastatic.ams3.cdn.digitaloceanspaces.com\\\/2024\\\/07\\\/fi_c0miksaq-400x267.jpg&quot;,&quot;500&quot;:&quot;https:\\\/\\\/lastatic.ams3.cdn.digitaloceanspaces.com\\\/2024\\\/07\\\/fi_c0miksaq-500x333.jpg&quot;,&quot;800&quot;:&quot;https:\\\/\\\/lastatic.ams3.cdn.digitaloceanspaces.com\\\/2024\\\/07\\\/fi_c0miksaq-800x533.jpg&quot;,&quot;1000&quot;:&quot;https:\\\/\\\/lastatic.ams3.cdn.digitaloceanspaces.com\\\/2024\\\/07\\\/fi_c0miksaq-1000x667.jpg&quot;,&quot;2560&quot;:&quot;https:\\\/\\\/lastatic.ams3.cdn.digitaloceanspaces.com\\\/2024\\\/07\\\/fi_c0miksaq-scaled.jpg&quot;}\" data-focuspoint=\"&quot;&quot;\" data-p=\"2500900\" href=\"https:\/\/www.la.lv\/un-es-nejokoju-opozicionars-atklaj-negaiditu-versiju-par-putina-pecteci\" class=\"content-item lazy-load\" wp_automatic_readability=\"26\" rel=\"nofollow noopener\" target=\"_blank\"><\/p>\n<p>                                <img decoding=\"async\" src=\"\" alt=\"\" style=\"\" data-imageid=\"\"\/><\/p>\n<p>                                            \u201cUn es nejokoju!\u201d Opozicion\u0101rs atkl\u0101j negaid\u012btu versiju par Putina p\u0113cteci\n                            <\/p>\n<p><\/a><a data-imagesrc=\"{&quot;300&quot;:&quot;https:\\\/\\\/lastatic.ams3.cdn.digitaloceanspaces.com\\\/2022\\\/02\\\/makrons_putins-300x208.jpg&quot;,&quot;1024&quot;:&quot;https:\\\/\\\/lastatic.ams3.cdn.digitaloceanspaces.com\\\/2022\\\/02\\\/makrons_putins-1024x709.jpg&quot;,&quot;768&quot;:&quot;https:\\\/\\\/lastatic.ams3.cdn.digitaloceanspaces.com\\\/2022\\\/02\\\/makrons_putins-768x531.jpg&quot;,&quot;200&quot;:&quot;https:\\\/\\\/lastatic.ams3.cdn.digitaloceanspaces.com\\\/2022\\\/02\\\/makrons_putins-200x138.jpg&quot;,&quot;400&quot;:&quot;https:\\\/\\\/lastatic.ams3.cdn.digitaloceanspaces.com\\\/2022\\\/02\\\/makrons_putins-400x277.jpg&quot;,&quot;500&quot;:&quot;https:\\\/\\\/lastatic.ams3.cdn.digitaloceanspaces.com\\\/2022\\\/02\\\/makrons_putins-500x346.jpg&quot;,&quot;800&quot;:&quot;https:\\\/\\\/lastatic.ams3.cdn.digitaloceanspaces.com\\\/2022\\\/02\\\/makrons_putins-800x554.jpg&quot;,&quot;1000&quot;:&quot;https:\\\/\\\/lastatic.ams3.cdn.digitaloceanspaces.com\\\/2022\\\/02\\\/makrons_putins-1000x692.jpg&quot;,&quot;1208&quot;:&quot;https:\\\/\\\/lastatic.ams3.cdn.digitaloceanspaces.com\\\/2022\\\/02\\\/makrons_putins.jpg&quot;}\" data-focuspoint=\"&quot;&quot;\" data-p=\"2502038\" href=\"https:\/\/www.la.lv\/ukrainai-tas-nepatiks-mediji-atklaj-klusu-bet-iespaidigu-francijas-un-krievijas-sadarbibu\" class=\"content-item lazy-load\" wp_automatic_readability=\"26.5\" rel=\"nofollow noopener\" target=\"_blank\"><\/p>\n<p>                                <img decoding=\"async\" src=\"\" alt=\"\" style=\"\" data-imageid=\"\"\/><\/p>\n<p>\n                                                Ukrainai tas nepatiks: mediji atkl\u0101j klusu, bet iespaid\u012bgu Francijas un Krievijas sadarb\u012bbu<\/p>\n<p><\/a><br \/>\n        <a class=\"read-more\" href=\"https:\/\/www.la.lv\/top\" rel=\"nofollow noopener\" target=\"_blank\">Las\u012bt citas zi\u0146as<\/a><\/p>\n<p>To Ukrainas \u0101rlietu ministrs Andrijs Sibiga pazi\u0146oja ES \u0100rlietu ministru padomes tie\u0161saistes san\u0101ksmes laik\u0101, zi\u0146o \u0100rlietu ministrijas preses dienests.<\/p>\n<p>Run\u0101jot par miera centieniem un nesenaj\u0101m sarun\u0101m Ab\u016b Dab\u012b, Sibiga nor\u0101d\u012bja, ka Ukraina t\u0101s uzskata par turpin\u0101jumu sadarb\u012bbai ar Amerikas Savienotaj\u0101m Valst\u012bm un diplom\u0101tiskaj\u0101m iniciat\u012bv\u0101m, kas pag\u0101ju\u0161aj\u0101 ruden\u012b ieguva jaunu impulsu. P\u0113c vi\u0146a teikt\u0101, Kijiva pa\u0161laik kop\u0101 ar Va\u0161ingtonu gatavojas n\u0101kamajai tr\u012bspus\u0113jo sarunu k\u0101rtai tuv\u0101kaj\u0101 n\u0101kotn\u0113.<\/p>\n<p>    CITI \u0160OBR\u012aD LASA<\/p>\n<p>Ukrainas prezidents Volodimirs Zelenskis ir gatavs tikties ar Putinu, lai apspriestu visjut\u012bg\u0101kos jaut\u0101jumus \u2013 galvenok\u0101rt teritorijas un Zapori\u017ejas atomelektrostaciju (AES). Krem\u013ca publisk\u0101 reakcija uz to v\u0113lreiz par\u0101d\u012bjusi, ka Putins nev\u0113las aptur\u0113t agresiju, uzsv\u0113ra ministrs.<\/p>\n<p>Sibiga ar\u012b nor\u0101d\u012bja, ka pa\u0161reiz\u0113j\u0101 \u0123eopolitiskaj\u0101 realit\u0101t\u0113 tikai Amerikas Savienotaj\u0101m Valst\u012bm un prezidentam Donaldam Trampam ir re\u0101las ietekmes sp\u0113jas piespiest Maskavu izbeigt karu.<\/p>\n<p>P\u0113c vi\u0146a teikt\u0101, Krievijai nav izdevies g\u016bt iev\u0113rojamus pan\u0101kumus kaujas lauk\u0101, un okup\u0101cijas armijas zaud\u0113jumi turpina pieaugt. Ukrainas m\u0113r\u0137is ir samazin\u0101t Krievijas zaud\u0113jumus l\u012bdz 50 000 karav\u012bru m\u0113nes\u012b, kas, p\u0113c ministra teikt\u0101, var\u0113tu piespiest Kremli p\u0101rskat\u012bt savus pl\u0101nus.<\/p>\n<blockquote><p>Tikm\u0113r Lavrovs pazi\u0146ojis, ka Krievija piekrit\u012bs starptautisk\u0101m dro\u0161\u012bbas garantij\u0101m tikai t\u0101dai Ukrainai, kas b\u016bs draudz\u012bga Maskavai. <\/p><\/blockquote>\n<p>Krievijas vald\u012bba nezin\u0101ja, par ko ASV un Ukraina ir vienoju\u0161\u0101s attiec\u012bb\u0101 uz dro\u0161\u012bbas garantij\u0101m, Maskav\u0101 pazi\u0146oja Lavrovs.<\/p>\n<p>Bet, \u201cja m\u0113r\u0137is ir saglab\u0101t re\u017e\u012bmu da\u013c\u0101 biju\u0161\u0101s Ukrainas teritorijas un turpin\u0101t izmantot \u0161o re\u017e\u012bmu k\u0101 priek\u0161posteni draudiem pret Krieviju, tad\u2026 \u0161\u0101das garantijas diez vai nodro\u0161in\u0101s uzticamu mieru,\u201d sac\u012bja ilggad\u0113jais \u0101rlietu ministrs.<\/p>\n<p>Vi\u0146\u0161 teica, ka Maskava ir atv\u0113rta vieno\u0161anai par kolekt\u012bvo dro\u0161\u012bbu re\u0123ion\u0101, kas ietvertu ar\u012b Krievijas dro\u0161\u012bbu.<\/p>\n<p>Ukrainas prezidents Volodimirs Zelenskis ir pazi\u0146ojis, ka vieno\u0161an\u0101s par ASV dro\u0161\u012bbas garantij\u0101m vi\u0146a valstij ir gatava. Lavrovs galvenok\u0101rt atsauc\u0101s uz ASV valsts sekret\u0101ra Marko Rubio izteikumiem.<\/p>\n<p>Rubio pav\u0113st\u012bjis, ka pan\u0101kta vieno\u0161an\u0101s par ASV ieguld\u012bjumu, bet piebilda, ka viss atkar\u012bgs no t\u0101, k\u0101 rea\u0123\u0113s Krievija. Vi\u0146\u0161 piebilda, ka jebkur\u0101 gad\u012bjum\u0101 dro\u0161\u012bbas garantijas var\u0113tu piem\u0113rot tikai p\u0113c tam, kad beigtos karadarb\u012bba.<\/p>\n<p>Tre\u0161dien ASV Sen\u0101t\u0101 Rubio izkl\u0101st\u012bja Trampa administr\u0101cijas ba\u017eas par dro\u0161\u012bbas garantij\u0101m. Vi\u0146\u0161 teica, ka ir pl\u0101nota Eiropas karav\u012bru kl\u0101tb\u016btne uz vietas, ta\u010du, t\u0101 k\u0101 eiropie\u0161i esot p\u0101r\u0101k v\u0101ji, vi\u0146iem nepiecie\u0161ams sp\u0113c\u012bgs atbalsts no Savienotaj\u0101m Valst\u012bm. Tas noz\u012bm\u0113tu, ka \u201cmums potenci\u0101li b\u016bs pien\u0101kums turpm\u0101kaj\u0101 konflikt\u0101,\u201d skaidroja Rubio.<\/p>\n<p>T\u0113mas<\/p>\n<p>    SAIST\u012aTIE RAKSTI<\/p>\n","protected":false},"excerpt":{"rendered":"Vladimirs Putins un Volodirims Zelenskis Foto. Scanpix\/LETA\/Gavriil GRIGOROV and Nhac NGUYEN \/ various sources \/ AFP) 19:34, 29.&hellip;\n","protected":false},"author":2,"featured_media":34898,"comment_status":"","ping_status":"","sticky":false,"template":"","format":"standard","meta":{"footnotes":""},"categories":[14],"tags":[23,57,28,29,32,33,22,30,31,35,39,38,36,37,34,40,20,26,27,24,25,54,55,56,21,58],"class_list":{"0":"post-116861","1":"post","2":"type-post","3":"status-publish","4":"format-standard","5":"has-post-thumbnail","7":"category-zinas-no-arvalstim","8":"tag-aktualitates","9":"tag-arvalstim","10":"tag-breaking-news","11":"tag-breakingnews","12":"tag-featured-news","13":"tag-featurednews","14":"tag-headlines","15":"tag-latest-news","16":"tag-latestnews","17":"tag-latvia","18":"tag-latvian","19":"tag-latviesu","20":"tag-latviesu-valoda","21":"tag-latviesuvaloda","22":"tag-latvija","23":"tag-lv","24":"tag-news","25":"tag-popularakas-zinas","26":"tag-popularakaszinas","27":"tag-top-stories","28":"tag-topstories","29":"tag-world","30":"tag-world-news","31":"tag-worldnews","32":"tag-zinas","33":"tag-zinas-no-arvalstim"},"share_on_mastodon":{"url":"https:\/\/pubeurope.com\/@lv\/115979700281556055","error":""},"_links":{"self":[{"href":"https:\/\/www.europesays.com\/lv\/wp-json\/wp\/v2\/posts\/116861","targetHints":{"allow":["GET"]}}],"collection":[{"href":"https:\/\/www.europesays.com\/lv\/wp-json\/wp\/v2\/posts"}],"about":[{"href":"https:\/\/www.europesays.com\/lv\/wp-json\/wp\/v2\/types\/post"}],"author":[{"embeddable":true,"href":"https:\/\/www.europesays.com\/lv\/wp-json\/wp\/v2\/users\/2"}],"replies":[{"embeddable":true,"href":"https:\/\/www.europesays.com\/lv\/wp-json\/wp\/v2\/comments?post=116861"}],"version-history":[{"count":0,"href":"https:\/\/www.europesays.com\/lv\/wp-json\/wp\/v2\/posts\/116861\/revisions"}],"wp:featuredmedia":[{"embeddable":true,"href":"https:\/\/www.europesays.com\/lv\/wp-json\/wp\/v2\/media\/34898"}],"wp:attachment":[{"href":"https:\/\/www.europesays.com\/lv\/wp-json\/wp\/v2\/media?parent=116861"}],"wp:term":[{"taxonomy":"category","embeddable":true,"href":"https:\/\/www.europesays.com\/lv\/wp-json\/wp\/v2\/categories?post=116861"},{"taxonomy":"post_tag","embeddable":true,"href":"https:\/\/www.europesays.com\/lv\/wp-json\/wp\/v2\/tags?post=116861"}],"curies":[{"name":"wp","href":"https:\/\/api.w.org\/{rel}","templated":true}]}}