{"id":116864,"date":"2026-01-29T18:21:04","date_gmt":"2026-01-29T18:21:04","guid":{"rendered":"https:\/\/www.europesays.com\/lv\/116864\/"},"modified":"2026-01-29T18:21:04","modified_gmt":"2026-01-29T18:21:04","slug":"latvija-pilnveidos-spejas-noverst-arvalstu-iejauksanos-saeimas-velesanas","status":"publish","type":"post","link":"https:\/\/www.europesays.com\/lv\/116864\/","title":{"rendered":"Latvija pilnveidos sp\u0113jas nov\u0113rst \u0101rvalstu iejauk\u0161anos Saeimas v\u0113l\u0113\u0161an\u0101s"},"content":{"rendered":"<p>Palielin\u0101s risks, ka Krievija un citas pret Latviju nelabv\u0113l\u012bgi noska\u0146otas valstis var\u0113tu m\u0113\u0123in\u0101t ietekm\u0113t ruden\u012b gaid\u0101m\u0101s Saeimas v\u0113l\u0113\u0161anas, izmantojot arvien pla\u0161\u0101kas ietekmes kampa\u0146as un m\u0101ksl\u012bg\u0101 intelekta iesp\u0113jas,\u00a0&#8211;\u00a0run\u0101jot par Latvijas informat\u012bv\u0101s vides izaicin\u0101jumiem 2026. gad\u0101, Ministru kabineta un nevalstisko organiz\u0101ciju sadarb\u012bbas memoranda \u012bsteno\u0161anas padomes\u00a0<a href=\"https:\/\/www.mk.gov.lv\/lv\/jaunums\/memoranda-padome-diskute-par-latvijas-informativas-telpas-izaicinajumiem-un-sabiedribas-noturibu\" rel=\"nofollow noopener\" target=\"_blank\">s\u0113d\u0113<\/a>\u00a0uzsv\u0113ra NATO Strat\u0113\u0123isk\u0101s komunik\u0101cijas izcil\u012bbas centra direktors J\u0101nis S\u0101rts.<\/p>\n<blockquote>\n<p>J. S\u0101rts nor\u0101d\u012bja, ka \u0161obr\u012bd main\u0101s \u0101rvalstu ietekmes\u00a0oper\u0101ciju\u00a0raksturs \u2013 t\u0101s k\u013c\u016bst l\u0113t\u0101kas, masveid\u012bg\u0101kas un tehnolo\u0123iski att\u012bst\u012bt\u0101kas, t\u0101d\u0113j\u0101di palielinot riskus ar\u012b Latvijai. \u201cJa l\u012bdz \u0161im ietekmes oper\u0101cijas bija sav\u0101 veid\u0101 amatniec\u012bba, tad \u0161obr\u012bd m\u0113s redzam industrializ\u0101ciju,\u201d uzsv\u0113ra J. S\u0101rts.<\/p>\n<\/blockquote>\n<p>Vi\u0146\u0161 skaidroja, ka m\u0101ksl\u012bgais intelekts arvien bie\u017e\u0101k tiek izmantots gan satura masveida \u0123ener\u0113\u0161anai, gan viltus profilu un automatiz\u0113tu \u201csarunu dal\u012bbnieku\u201d att\u012bst\u012b\u0161anai, kas sp\u0113j izskat\u012bties un uzvesties k\u0101 \u012bsti cilv\u0113ki. \u012apa\u0161i satrauco\u0161a tendence ir \u0161\u0101du kontu iek\u013c\u016b\u0161ana maz\u0101s intere\u0161u kopien\u0101s un diskusiju grup\u0101s, kur tie var m\u0113\u0123in\u0101t p\u0101r\u0146emt sarunu dinamiku un virz\u012bt diskusijas noteikt\u0101 virzien\u0101, izplatot sev v\u0113lamus narat\u012bvus.<\/p>\n<blockquote>\n<p>J. S\u0101rts br\u012bdin\u0101ja, ka manipul\u0101cijas ir b\u016btiski sp\u0113t atpaz\u012bt un nov\u0113rst laikus \u2013 v\u0113l\u0113\u0161anu proces\u0101 iz\u0161\u0137iro\u0161a noz\u012bme ir sabiedr\u012bbas uztic\u012bbai. Iest\u0101d\u0113m, konstat\u0113jot iesp\u0113jami manipulat\u012bvu saturu, tas j\u0101p\u0101rbauda nekav\u0113joties un, ja nepiecie\u0161ams, j\u0101izmanto atbilsto\u0161i tiesiskie instrumenti. \u201cM\u016bsu sist\u0113m\u0101m un sabiedr\u012bbai j\u0101sp\u0113j redz\u0113t un r\u012bkoties\u00a0re\u0101l\u0101 laik\u0101,\u201d\u00a0nor\u0101d\u012bja J. S\u0101rts.<\/p>\n<\/blockquote>\n<blockquote>\n<p>Valsts kancelejas direktors Raivis Kronbergs uzsv\u0113ra, ka Latvija jau ir uzs\u0101kusi koordin\u0113tu gatavo\u0161anos, lai stiprin\u0101tu notur\u012bbu pret \u0101r\u0113jiem apdraud\u0113jumiem Saeimas v\u0113l\u0113\u0161anu proces\u0101: \u201cValsts p\u0101rvalde pret \u0161o risku izturas\u00a0nopietni un stiprina gatav\u012bbu draudus savlaic\u012bgi identific\u0113t un mazin\u0101t, tostarp pilnveidojot starpinstitucion\u0101lo sadarb\u012bbu un iesaistot ekspertus. B\u016btiska loma \u0161aj\u0101 proces\u0101 ir ar\u012b nevalstiskaj\u0101m organiz\u0101cij\u0101m.\u201d<\/p>\n<\/blockquote>\n<p>Ar Ministru kabineta 2026. gada 28. janv\u0101ra r\u012bkojumu Nr. 33\u00a0<a href=\"https:\/\/www.vestnesis.lv\/op\/2026\/20.13\" rel=\"nofollow noopener\" target=\"_blank\">\u201cPar starpinstitucion\u0101lu grupu\u201d<\/a>\u00a0ir izveidots sadarb\u012bbas form\u0101ts, lai nov\u0113rstu iesp\u0113jamos dro\u0161\u012bbas apdraud\u0113jumus demokr\u0101tiskai un god\u012bgai Saeimas v\u0113l\u0113\u0161anu norisei. Grup\u0101 str\u0101d\u0101s p\u0101rst\u0101vji no Valsts kancelejas, Centr\u0101l\u0101s v\u0113l\u0113\u0161anu komisijas,\u00a0Valsts digit\u0101l\u0101s att\u012bst\u012bbas a\u0123ent\u016bras, Korupcijas nov\u0113r\u0161anas un apkaro\u0161anas biroja, Valsts policijas, Pat\u0113r\u0113t\u0101ju ties\u012bbu aizsardz\u012bbas centra, k\u0101 ar\u012b citu instit\u016bciju p\u0101rst\u0101vji. Grupas pirm\u0101 darba san\u0101ksme notiks febru\u0101ra s\u0101kum\u0101.<\/p>\n<blockquote>\n<p>\u201cEsam izveidoju\u0161i starpinstitucion\u0101lu koordin\u0101cijas grupu \u0101r\u0113jo apdraud\u0113jumu nov\u0113r\u0161anai, apvienojot visus atbild\u012bgos dienestus un instit\u016bcijas. Grupa uzraudz\u012bs riskus visos v\u0113l\u0113\u0161anu posmos \u2013 no sarakstu iesnieg\u0161anas l\u012bdz priek\u0161v\u0113l\u0113\u0161anu a\u0123it\u0101cijai un v\u0113l\u0113\u0161anu norisei. Esam aicin\u0101ju\u0161i iesaist\u012bties ar\u012b J\u0101ni S\u0101rtu, lai ar savu ekspert\u012bzi pal\u012bdz\u0113tu v\u0113l efekt\u012bv\u0101k savlaic\u012bgi identific\u0113t un mazin\u0101t \u0101r\u0113jos draudus v\u0113l\u0113\u0161an\u0101m,\u201d sac\u012bja R. Kronbergs.<\/p>\n<\/blockquote>\n<p>Fotogr\u0101fijas no s\u0113des:<\/p>\n","protected":false},"excerpt":{"rendered":"Palielin\u0101s risks, ka Krievija un citas pret Latviju nelabv\u0113l\u012bgi noska\u0146otas valstis var\u0113tu m\u0113\u0123in\u0101t ietekm\u0113t ruden\u012b gaid\u0101m\u0101s Saeimas v\u0113l\u0113\u0161anas,&hellip;\n","protected":false},"author":2,"featured_media":116865,"comment_status":"","ping_status":"","sticky":false,"template":"","format":"standard","meta":{"footnotes":""},"categories":[5],"tags":[23,28,29,32,33,22,30,31,35,39,38,36,37,34,40,20,26,27,24,25,21],"class_list":{"0":"post-116864","1":"post","2":"type-post","3":"status-publish","4":"format-standard","5":"has-post-thumbnail","7":"category-aktualitates","8":"tag-aktualitates","9":"tag-breaking-news","10":"tag-breakingnews","11":"tag-featured-news","12":"tag-featurednews","13":"tag-headlines","14":"tag-latest-news","15":"tag-latestnews","16":"tag-latvia","17":"tag-latvian","18":"tag-latviesu","19":"tag-latviesu-valoda","20":"tag-latviesuvaloda","21":"tag-latvija","22":"tag-lv","23":"tag-news","24":"tag-popularakas-zinas","25":"tag-popularakaszinas","26":"tag-top-stories","27":"tag-topstories","28":"tag-zinas"},"share_on_mastodon":{"url":"https:\/\/pubeurope.com\/@lv\/115979779071549306","error":""},"_links":{"self":[{"href":"https:\/\/www.europesays.com\/lv\/wp-json\/wp\/v2\/posts\/116864","targetHints":{"allow":["GET"]}}],"collection":[{"href":"https:\/\/www.europesays.com\/lv\/wp-json\/wp\/v2\/posts"}],"about":[{"href":"https:\/\/www.europesays.com\/lv\/wp-json\/wp\/v2\/types\/post"}],"author":[{"embeddable":true,"href":"https:\/\/www.europesays.com\/lv\/wp-json\/wp\/v2\/users\/2"}],"replies":[{"embeddable":true,"href":"https:\/\/www.europesays.com\/lv\/wp-json\/wp\/v2\/comments?post=116864"}],"version-history":[{"count":0,"href":"https:\/\/www.europesays.com\/lv\/wp-json\/wp\/v2\/posts\/116864\/revisions"}],"wp:featuredmedia":[{"embeddable":true,"href":"https:\/\/www.europesays.com\/lv\/wp-json\/wp\/v2\/media\/116865"}],"wp:attachment":[{"href":"https:\/\/www.europesays.com\/lv\/wp-json\/wp\/v2\/media?parent=116864"}],"wp:term":[{"taxonomy":"category","embeddable":true,"href":"https:\/\/www.europesays.com\/lv\/wp-json\/wp\/v2\/categories?post=116864"},{"taxonomy":"post_tag","embeddable":true,"href":"https:\/\/www.europesays.com\/lv\/wp-json\/wp\/v2\/tags?post=116864"}],"curies":[{"name":"wp","href":"https:\/\/api.w.org\/{rel}","templated":true}]}}