{"id":116872,"date":"2026-01-29T18:28:06","date_gmt":"2026-01-29T18:28:06","guid":{"rendered":"https:\/\/www.europesays.com\/lv\/116872\/"},"modified":"2026-01-29T18:28:06","modified_gmt":"2026-01-29T18:28:06","slug":"waves-i-iii-linda-leen-atgriezas-ar-jaunu-muziku-un-koncertiem","status":"publish","type":"post","link":"https:\/\/www.europesays.com\/lv\/116872\/","title":{"rendered":"WAVES I\/III: Linda Leen atgrie\u017eas ar jaunu m\u016bziku un koncertiem"},"content":{"rendered":"<p class=\"descr\">Lai gan harizm\u0101tisk\u0101 un profesion\u0101l\u0101 zi\u0146\u0101 pret sevi un apk\u0101rt\u0113jiem \u013coti pras\u012bg\u0101 dzied\u0101t\u0101ja Linda Leen, \u0161\u0137iet, ir bijusi aprit\u0113 bez apst\u0101jas, uzst\u0101jusies un ar\u012b izdevusi jaunus ierakstus, vi\u0146as iepriek\u0161\u0113jais studijas albums izn\u0101cis\u2026 j\u0101, kad? Izr\u0101d\u0101s, 2017. gada janv\u0101r\u012b! Ta\u010du nu beidzot ir iemesls atkal run\u0101t Lindas diskogr\u0101fijas papildin\u0101jumu.<\/p>\n<p>Nupat <a href=\"https:\/\/nra.lv\/kultura\/muzika\/508881-linda-leen-prezente-jaunu-dziesmu-un-ep-trilogiju-waves.htm\" data-item-link=\"true\" data-item-id=\"508881\" rel=\"nofollow noopener\" target=\"_blank\">Linda Leen<\/a> nodevusi klaus\u012bt\u0101ju v\u0113rt\u0113jumam pirmo da\u013cu no \u0161ogad sagaid\u0101m\u0101s minialbumu trilo\u0123ijas WAVES. Pirmaj\u0101 mazalbum\u0101 iek\u013cauta klaus\u012bt\u0101jiem jau labi zin\u0101m\u0101 dziesma \u201cMagn\u0113tisk\u0101 v\u0113tra\u201d (\u0161aj\u0101 EP vien\u012bg\u0101 latvie\u0161u valod\u0101), decembr\u012b izdotais singls \u201cTotal Affection\u201d, k\u0101 ar\u012b \u010detras l\u012bdz \u0161im nedzird\u0113tas kompoz\u012bcijas.<\/p>\n<p>\u201cAr mani, mums un pasauli \u0161ajos gados ir noticis tik daudz, un, non\u0101kot l\u012bdz ieraksta form\u0113\u0161anai, apjautu, ka jaunais muzik\u0101lais un po\u0113tiskais materi\u0101ls saj\u016btu un \u017eanru zi\u0146\u0101 aptver \u013coti pla\u0161u spektru, t\u0101p\u0113c veidosim tr\u012bs da\u017e\u0101dus manu autordziesmu mini albumus jeb st\u0101stu noda\u013cas, kuras var \u201cdz\u012bvot\u201d un tikt klaus\u012btas katra atsevi\u0161\u0137i, bet kopum\u0101 veido vienu autobiogr\u0101fisku, muzik\u0101lu rom\u0101nu,\u201d skaidro Linda. \u201cPirm\u0101 &#8211; akustisk\u0101k\u0101 no noda\u013c\u0101m &#8211; vair\u0101k v\u0113r\u0161as iek\u0161up, ar jaut\u0101jumiem, ilg\u0101m, k\u0101du \u201ceskeipisma\u201d devu. Otr\u0101 &#8211; uz vasaras pusi &#8211; sp\u0113l\u0113sies ar viegluma, eiforijas un \u201csoul\u201d m\u016bzikas not\u012bm, bet nosl\u0113dzo\u0161ais &#8211; rudens &#8211; izdevums b\u016bs pild\u012bts ar man, iesp\u0113jams, l\u012bdz \u0161im rakstur\u012bgo s\u0101t\u012bgi ekspres\u012bvo un vienlaic\u012bgi juteklisko skan\u0113jumu.\u201d<\/p>\n<p>Tr\u012bs minialbumi vien\u0101 gad\u0101 ir \u013coti drosm\u012bgs pieteikums jo, ieskatoties Lindas ofici\u0101laj\u0101 diskogr\u0101fij\u0101, n\u0101kas secin\u0101t, ka nemaz tik daudz ierakstu tur nav &#8211; tikai tr\u012bs autordziesmu albumi! Proti, \u201cLet\u2019s Go Insane\u201d (2000), \u201cChameleon\u201d (2008) un \u201cDigital Church\u201d (2017). T\u0101tad viss p\u0113c pl\u0101na &#8211; jauns albums aptuveni ik p\u0113c asto\u0146iem gadiem. WAVES pirm\u0101 da\u013ca rad\u012bta un ierakst\u012bta kop\u0101 ar Mi\u0137eli Putni\u0146u (\u0123it\u0101ra), Kristianu Priekuli (bass, kontrabass) un R\u016bdolfu Dankfeldu (bungas, perkusijas) studij\u0101 \u201cAlejas\u201d, C\u0113s\u012bs, bet ska\u0146as dizainu m\u016bzikas un v\u0101rdu autore Linda veidojusi sadarb\u012bb\u0101 ar pie mums jau labi paz\u012bstamo producentu Kristoferu Herisu studij\u0101 M\u0101rgeit\u0101, Lielbrit\u0101nij\u0101.<\/p>\n<p>Linda vienm\u0113r pied\u0101v\u0101jusi augst\u0101k\u0101s raudzes muzik\u0101lo produkciju, p\u0113c visiem Rietumu standartiem, un iz\u0146\u0113mums nav ar\u012b WAVES pirm\u0101 da\u013ca. Lai gan pati dzied\u0101t\u0101ja to pieteikusi k\u0101 \u201cakustisk\u0101ko no noda\u013c\u0101m\u201d, t\u0101 nav akustiska \u0161\u012b termina ierastaj\u0101 izpratn\u0113 &#8211; varb\u016bt dr\u012bz\u0101k noska\u0146\u0101s vai sav\u0101<\/p>\n<p>r\u0101maj\u0101 skan\u0113juma pl\u016bdum\u0101. Iesp\u0113jams, \u0161\u012b r\u0101muma d\u0113\u013c klaus\u012bt\u0101ji vair\u0101k gaid\u012bs abas n\u0101kam\u0101s da\u013cas, ta\u010du tikpat iesp\u0113jams, ka pievilc\u012bg\u0101ka \u0161\u0137it\u012bs tie\u0161i \u0161\u012b sada\u013ca, kurai nenoliedzami ir savs skaistums.<\/p>\n<p>Lai gan \u0161o mazalbumu raksturojo\u0161\u0101k\u0101s dziesmas ir \u201cSugar Crash\u201d un\/vai \u201cMagn\u0113tisk\u0101 v\u0113tra\u201d (t\u0101s ir ar\u012b Lindai tipisk\u0101k\u0101s), k\u0101 lielisk\u0101ko grib\u0113tos izcelt \u201cIn Your Arms\u201d ar super\u012bgo \u0123it\u0101ras mot\u012bvu, bet k\u0101 otro skaisto \u201cFoggy Day\u201d. Dzied\u0101jums ir perfekts, ta\u010du tas jau nav nek\u0101ds jaunums vai p\u0101rsteigums &#8211; Lindas darbos t\u0101 ir bijis vienm\u0113r. Vien\u012bgais m\u012bnuss, ja t\u0101 to var nosaukt: visa albuma garum\u0101 \u0161\u0137iet, ka \u0161\u012bs dziesmas kaut kur jau ir dzird\u0113tas &#8211; varb\u016bt pa\u0161as m\u016bzi\u0137es darbos, bet varb\u016bt k\u0101das Rietumu zvaigznes skan\u0113jum\u0101.<\/p>\n<p>Linda Leen ar komandu v\u0113las trilo\u0123iju atr\u0101d\u012bt ar\u012b pla\u0161\u0101kai auditorijai un jau aicina uz pirmatska\u0146ojumu koncertu pirmo vilni &#8211; 1. febru\u0101r\u012b divos koncertos m\u0101kslas telp\u0101 \u201cZuzeum\u201d un 14. febru\u0101r\u012b Vidzemes koncertz\u0101l\u0113 \u201cC\u0113sis\u201d. J\u0101piebilst, ka katrs no albuma vi\u013c\u0146iem tiks svin\u0113ts ar at\u0161\u0137ir\u012bgiem albuma pirmatska\u0146ojumu koncertiem dz\u012bvaj\u0101, un M\u012blest\u012bbas m\u0113nes\u012b tas notiks kop\u0101 ar \u0123it\u0101ristiem Mi\u0137eli Putni\u0146u un Rihardu L\u012bbieti, basistu Kristianu Priekuli un sitamo instrumentu p\u0101rvaldnieku Kri\u0161j\u0101ni Brem\u0161u. Koncertos pirmos reizi izskan\u0113s WAVES I melodijas un ar\u012b klaus\u012bt\u0101ju jau iecien\u012btas Lindas autordziesmas.<\/p>\n","protected":false},"excerpt":{"rendered":"Lai gan harizm\u0101tisk\u0101 un profesion\u0101l\u0101 zi\u0146\u0101 pret sevi un apk\u0101rt\u0113jiem \u013coti pras\u012bg\u0101 dzied\u0101t\u0101ja Linda Leen, \u0161\u0137iet, ir bijusi&hellip;\n","protected":false},"author":2,"featured_media":116873,"comment_status":"","ping_status":"","sticky":false,"template":"","format":"standard","meta":{"footnotes":""},"categories":[19],"tags":[89,90,35,39,38,36,37,34,40],"class_list":{"0":"post-116872","1":"post","2":"type-post","3":"status-publish","4":"format-standard","5":"has-post-thumbnail","7":"category-izklaide","8":"tag-entertainment","9":"tag-izklaide","10":"tag-latvia","11":"tag-latvian","12":"tag-latviesu","13":"tag-latviesu-valoda","14":"tag-latviesuvaloda","15":"tag-latvija","16":"tag-lv"},"share_on_mastodon":{"url":"https:\/\/pubeurope.com\/@lv\/115979806477398363","error":""},"_links":{"self":[{"href":"https:\/\/www.europesays.com\/lv\/wp-json\/wp\/v2\/posts\/116872","targetHints":{"allow":["GET"]}}],"collection":[{"href":"https:\/\/www.europesays.com\/lv\/wp-json\/wp\/v2\/posts"}],"about":[{"href":"https:\/\/www.europesays.com\/lv\/wp-json\/wp\/v2\/types\/post"}],"author":[{"embeddable":true,"href":"https:\/\/www.europesays.com\/lv\/wp-json\/wp\/v2\/users\/2"}],"replies":[{"embeddable":true,"href":"https:\/\/www.europesays.com\/lv\/wp-json\/wp\/v2\/comments?post=116872"}],"version-history":[{"count":0,"href":"https:\/\/www.europesays.com\/lv\/wp-json\/wp\/v2\/posts\/116872\/revisions"}],"wp:featuredmedia":[{"embeddable":true,"href":"https:\/\/www.europesays.com\/lv\/wp-json\/wp\/v2\/media\/116873"}],"wp:attachment":[{"href":"https:\/\/www.europesays.com\/lv\/wp-json\/wp\/v2\/media?parent=116872"}],"wp:term":[{"taxonomy":"category","embeddable":true,"href":"https:\/\/www.europesays.com\/lv\/wp-json\/wp\/v2\/categories?post=116872"},{"taxonomy":"post_tag","embeddable":true,"href":"https:\/\/www.europesays.com\/lv\/wp-json\/wp\/v2\/tags?post=116872"}],"curies":[{"name":"wp","href":"https:\/\/api.w.org\/{rel}","templated":true}]}}