{"id":116876,"date":"2026-01-29T18:34:05","date_gmt":"2026-01-29T18:34:05","guid":{"rendered":"https:\/\/www.europesays.com\/lv\/116876\/"},"modified":"2026-01-29T18:34:05","modified_gmt":"2026-01-29T18:34:05","slug":"meitai-putekliem-vai-izradei-latvijas-nacionalais-teatris-aicina-ziedot-ligavu-kleitas-raksts","status":"publish","type":"post","link":"https:\/\/www.europesays.com\/lv\/116876\/","title":{"rendered":"Meitai, putek\u013ciem vai izr\u0101dei? Latvijas Nacion\u0101lais te\u0101tris aicina ziedot l\u012bgavu kleitas \/ Raksts"},"content":{"rendered":"<p>Ja tava k\u0101zu kleita jau ilgu laiku st\u0101v skap\u012b un kop\u0101 ar atmi\u0146\u0101m par skaisto dienu kr\u0101j ar\u012b putek\u013cus, varb\u016bt v\u0113rts padom\u0101t un dot tai v\u0113l vienu iesp\u0113ju mirdz\u0113t. Tai ir iesp\u0113jams piepild\u012bt v\u0113l vienu m\u012blest\u012bbas st\u0101stu ar galveno lomu pro\u017eektoru gaism\u0101s un skat\u012bt\u0101ju skatienos.<\/p>\n<p>Latvijas Nacion\u0101lais te\u0101tris gatavojas \u012bpa\u0161am notikumam \u2013 R\u016bdolfa Blauma\u0146a lugas &#8220;Ugun\u012b&#8221; iestud\u0113jumam. Un, lai \u012bstenotu izr\u0101des m\u0101ksliniecisko v\u012bziju, te\u0101tris mekl\u0113 baltas k\u0101zu kleitas \u2013\u00a0<\/p>\n<blockquote>\n<p>t\u0101s, kur\u0101s reiz teikts &#8220;j\u0101&#8221; v\u0101rds, kuras glab\u0101 atmi\u0146as, cer\u012bbas un m\u012blest\u012bbu.<\/p>\n<\/blockquote>\n<p>Starp sirdi un pr\u0101tu, starp kaisli un mieru \u2013\u00a0tie\u0161i \u0161aj\u0101 spriedz\u0113 dzimst Blauma\u0146a &#8220;Ugun\u012b&#8221;. Nacion\u0101lais te\u0101tris aicina kleitas, kas jau piedz\u012bvoju\u0161as m\u012blest\u012bbu, uzd\u0101vin\u0101t vai aizdot Nacion\u0101lajam te\u0101trim. Lugas pirmizr\u0101de gaid\u0101ma pavisam dr\u012bz 12. mart\u0101.<\/p>\n<p>Izr\u0101des vizu\u0101lais dramaturgs un scenogr\u0101fs Reinis Dzudzilo atkl\u0101ja: &#8220;M\u0113\u0123in\u0101jumi notiek \u013coti strauji, galvenaj\u0101 lom\u0101 k\u0101\u00a0Krist\u012bne b\u016bs Elza Jord\u0101ne.<\/p>\n<blockquote>\n<p>\u0160\u012bs kleitas b\u016bs k\u0101 laika l\u012bnija, ar daudz\u0101m potenci\u0101laj\u0101m Krist\u012bn\u0113m un izv\u0113l\u0113m, cik daudz \u0161\u0101das izv\u0113les m\u016bsu dz\u012bv\u0113 ir iesp\u0113jamas&#8221;<\/p>\n<\/blockquote>\n<p>Cilv\u0113ku atsauc\u012bba esot liela, vair\u0101k nek\u0101 200 cilv\u0113ku paudu\u0161i gatav\u012bbu aizvest uz te\u0101tri savas l\u012bgavas kleitas. Dramaturgs nor\u0101da, k\u0101p\u0113c \u0161\u016bt jaunu, ja var izmantot jau reiz uz\u0161\u016bt\u0101s kleitas: &#8220;Ar \u0161o darbu es atsaucos ekolo\u0123ijas te\u0101tra izveidei, p\u0113c iesp\u0113jas maz\u0101k kaut ko ra\u017eot, bet reiz\u0113\u00a0pieskaroties ar\u012b t\u0101dam j\u0113dzienam par kaut k\u0101 saglab\u0101\u0161anu, kas jau mums ir. Pieejot ekolo\u0123ijas t\u0113mai ne tikai ideolo\u0123iski.&#8221;<\/p>\n<p>Vair\u0101kas kleitas jau ir nog\u0101d\u0101tas te\u0101tri. Lai ar\u012b kl\u0101t nav to valk\u0101t\u0101ju, kleitas daudz ko atkl\u0101j ne tikai par t\u0101s valk\u0101t\u0101jas gaumi, bet ar\u012b \u013cauj nojaust laiku, kad sl\u0113gtas laul\u012bbas, par ko p\u0101rdomas rais\u012bju\u0161\u0101s\u00a0Latvijas Nacion\u0101l\u0101 te\u0101tra projektu vad\u012bt\u0101jai\u00a0\u017danetei Zv\u012bgulei: &#8220;Kleita noteikti nes gan valk\u0101t\u0101ja ener\u0123iju, gan st\u0101stu. Mums ir prieks, ka \u0161\u012bm kleit\u0101m b\u016bs iesp\u0113jams izdz\u012bvot v\u0113l vienu st\u0101stu uz skatuves.<\/p>\n<blockquote>\n<p>Kaut kad kleita tiks atdota atpaka\u013c,\u00a0bet dro\u0161\u0101k b\u016btu uzd\u0101vin\u0101t.&#8221;<\/p>\n<\/blockquote>\n<p>&#8220;Ugun\u012b&#8221; ir st\u0101sts par izv\u0113li starp sirdi un pr\u0101tu \u2014 un varb\u016bt tie\u0161i tava kleita pal\u012bdz\u0113s \u0161o m\u012blest\u012bbas dilemmu izst\u0101st\u012bt v\u0113l paties\u0101k.<\/p>\n<p>                    Valodas k\u013c\u016bda rakst\u0101?<\/p>\n<p class=\"d-none d-md-block\">Iez\u012bm\u0113jiet tekstu un spiediet Ctrl+Enter, lai nos\u016bt\u012btu labojamo teksta fragmentu redaktoram! Par faktu k\u013c\u016bd\u0101m l\u016bdzam zi\u0146ot e-past\u0101 <a href=\"https:\/\/www.lsm.lv\/cdn-cgi\/l\/email-protection\" class=\"__cf_email__\" data-cfemail=\"fa889f9e9b919993909bba968997d4968c\" rel=\"nofollow noopener\" target=\"_blank\">[email\u00a0protected]<\/a>.<\/p>\n<p class=\"d-md-none\">Iez\u012bm\u0113jiet tekstu un spiediet uz Zi\u0146ot par k\u013c\u016bdu pogas, lai nos\u016bt\u012btu labojamo teksta fragmentu redaktoram!<\/p>\n<p>\n                    Zi\u0146ot par k\u013c\u016bdu\n                <\/p>\n","protected":false},"excerpt":{"rendered":"Ja tava k\u0101zu kleita jau ilgu laiku st\u0101v skap\u012b un kop\u0101 ar atmi\u0146\u0101m par skaisto dienu kr\u0101j ar\u012b&hellip;\n","protected":false},"author":2,"featured_media":116877,"comment_status":"","ping_status":"","sticky":false,"template":"","format":"standard","meta":{"footnotes":""},"categories":[19],"tags":[89,90,35,39,38,36,37,34,40],"class_list":{"0":"post-116876","1":"post","2":"type-post","3":"status-publish","4":"format-standard","5":"has-post-thumbnail","7":"category-izklaide","8":"tag-entertainment","9":"tag-izklaide","10":"tag-latvia","11":"tag-latvian","12":"tag-latviesu","13":"tag-latviesu-valoda","14":"tag-latviesuvaloda","15":"tag-latvija","16":"tag-lv"},"share_on_mastodon":{"url":"https:\/\/pubeurope.com\/@lv\/115979830146376331","error":""},"_links":{"self":[{"href":"https:\/\/www.europesays.com\/lv\/wp-json\/wp\/v2\/posts\/116876","targetHints":{"allow":["GET"]}}],"collection":[{"href":"https:\/\/www.europesays.com\/lv\/wp-json\/wp\/v2\/posts"}],"about":[{"href":"https:\/\/www.europesays.com\/lv\/wp-json\/wp\/v2\/types\/post"}],"author":[{"embeddable":true,"href":"https:\/\/www.europesays.com\/lv\/wp-json\/wp\/v2\/users\/2"}],"replies":[{"embeddable":true,"href":"https:\/\/www.europesays.com\/lv\/wp-json\/wp\/v2\/comments?post=116876"}],"version-history":[{"count":0,"href":"https:\/\/www.europesays.com\/lv\/wp-json\/wp\/v2\/posts\/116876\/revisions"}],"wp:featuredmedia":[{"embeddable":true,"href":"https:\/\/www.europesays.com\/lv\/wp-json\/wp\/v2\/media\/116877"}],"wp:attachment":[{"href":"https:\/\/www.europesays.com\/lv\/wp-json\/wp\/v2\/media?parent=116876"}],"wp:term":[{"taxonomy":"category","embeddable":true,"href":"https:\/\/www.europesays.com\/lv\/wp-json\/wp\/v2\/categories?post=116876"},{"taxonomy":"post_tag","embeddable":true,"href":"https:\/\/www.europesays.com\/lv\/wp-json\/wp\/v2\/tags?post=116876"}],"curies":[{"name":"wp","href":"https:\/\/api.w.org\/{rel}","templated":true}]}}