{"id":116878,"date":"2026-01-29T18:35:11","date_gmt":"2026-01-29T18:35:11","guid":{"rendered":"https:\/\/www.europesays.com\/lv\/116878\/"},"modified":"2026-01-29T18:35:11","modified_gmt":"2026-01-29T18:35:11","slug":"williams-noliedz-baumas-par-lieko-svaru-un-ir-gataviba-piedalities-bahreinas-testos-f1lv-blogs","status":"publish","type":"post","link":"https:\/\/www.europesays.com\/lv\/116878\/","title":{"rendered":"&#8216;Williams&#8217; noliedz baumas par lieko svaru un ir gatav\u012bb\u0101 piedal\u012bties Bahreinas testos : F1LV Blogs"},"content":{"rendered":"<p>\u201cWilliams\u201d F1 komandas vad\u012bt\u0101js D\u017eeimss Voulss atzinis, ka vien\u012bbai ir \u201cneticami s\u0101p\u012bgi\u201d izlaist \u0161\u012bs ned\u0113\u013cas Barselonas testus. Ta\u010du vienlaikus vi\u0146\u0101s noliedz baumas, ka jaun\u0101 sac\u012bk\u0161u ma\u0161\u012bna b\u016btu ar iev\u0113rojamu lieko svaru.<\/p>\n<p>\u201cWilliams\u201d pag\u0101ju\u0161aj\u0101 ned\u0113\u013c\u0101 nol\u0113ma atsaukt dal\u012bbu no pirmajiem2026. gada pirmssezonas testiem Sp\u0101nij\u0101, k\u0101 iemeslu minot \u201ckav\u0113\u0161anos \u201cFW48\u2033 programm\u0101\u201d. Voulss paskaidroja, ka komanda ir uz\u0146\u0113musies liel\u0101ku apjomu, nek\u0101 sp\u0113j apstr\u0101d\u0101t ra\u017eo\u0161anas proces\u0101. \u201c\u0160ogad uzb\u016bv\u0113t\u0101 automa\u0161\u012bna ir aptuveni tr\u012bs reizes sare\u017e\u0123\u012bt\u0101ka nek\u0101 jebkas, ko m\u0113s iepriek\u0161 esam laidu\u0161i caur savu uz\u0146\u0113mumu. Tas noz\u012bm\u0113, ka slodze m\u016bsu sist\u0113m\u0101 ir aptuveni tr\u012bs reizes liel\u0101ka nek\u0101 agr\u0101k,\u201d vi\u0146\u0161 teica. Vad\u012bt\u0101js piebilda, ka komanda ir \u201cp\u0101rsniegusi robe\u017eas noteikt\u0101s dizaina jom\u0101s un ra\u017eo\u0161anas jaud\u0101s, kas noveda pie t\u0101, ka da\u017eas deta\u013cas s\u0101ka kav\u0113ties\u201d.<\/p>\n<p>Voulss ar\u012b koment\u0113jis izskan\u0113ju\u0161\u0101s baumas par \u201cWilliams FW48\u201d \u0161asijas it k\u0101 lieko svaru p\u0113c neiztur\u0113tiem triecieniztur\u012bbas testiem. Vi\u0146\u0161 apstiprina, ka komanda ir nok\u0101rtojusi visus nepiecie\u0161amos testus un b\u016bs gatava testiem Bahrein\u0101. Attiec\u012bb\u0101 uz ma\u0161\u012bnas svaru vi\u0146\u0161 nor\u0101d\u012bja: \u201cPar svaru neb\u016bs skaidri zin\u0101ms, kam\u0113r nenon\u0101ksim l\u012bdz otrajiem Bahreinas testam. Tikai tad saprat\u012bsim, kur esam. Ir j\u0101no\u0146em visas sensoru pakas, lai patie\u0161\u0101m saprastu situ\u0101ciju.\u201d Vi\u0146\u0161 uzsv\u0113ra, ka \u0161obr\u012bd medijos dzirdam\u0101s runas ir tikai \u201cmurmin\u0101\u0161ana\u201d. Prec\u012bzus datus var\u0113\u0161ot ieg\u016bt tikai tad, kad ma\u0161\u012bna b\u016bs salikta gal\u012bgaj\u0101 form\u0101 bez liekas m\u0113raparat\u016bras.<\/p>\n<p>Voulss preciz\u0113ja, ka \u201cWilliams\u201d teor\u0113tiski var\u0113ja pasp\u0113t uz Barselonas testiem, ta\u010du tas rad\u012btu p\u0101r\u0101k lielu risku rezerves da\u013cu pieejam\u012bbai sezonas s\u0101kum\u0101. \u201cM\u0113s b\u016btu var\u0113ju\u0161i pasp\u0113t uz Barselonas testiem. Bet, to darot, man n\u0101ktos k\u0101j\u0101m gais\u0101 apgriezt ietekmi uz rezerves da\u013cu komponentiem un uzlabojumiem Bahrein\u0101, Melburn\u0101 un p\u0113c tam,\u201d vi\u0146\u0161 skaidroja. Voulss paliek pie l\u0113muma, ka pareiz\u0101k\u0101 r\u012bc\u012bba bija upur\u0113t brauk\u0161anu aukst\u0101 un mitr\u0101 Barselonas tras\u0113. Tas nodro\u0161in\u0101s, ka komanda ierodas Bahrein\u0101 un Melburn\u0101 pien\u0101c\u012bgi sagatavota. \u201cEs palieku pie t\u0101, ka pareiz\u0101 r\u012bc\u012bba ir p\u0101rliecin\u0101ties, ka m\u0113s Bahrein\u0101 ierodamies pareizi sagatavoti un sagatavoti ar\u012b dodamies uz Melburnu,\u201d vi\u0146\u0161 rezum\u0113ja.<\/p>\n<p><a href=\"https:\/\/www.patreon.com\/collection\/823319\" rel=\"nofollow noopener\" target=\"_blank\"><img loading=\"lazy\" decoding=\"async\" class=\"aligncenter size-full wp-image-74708\" src=\"https:\/\/www.europesays.com\/lv\/wp-content\/uploads\/2026\/01\/Banner300x250px.jpg\" alt=\"\" width=\"300\" height=\"250\"\/><\/a><\/p>\n","protected":false},"excerpt":{"rendered":"\u201cWilliams\u201d F1 komandas vad\u012bt\u0101js D\u017eeimss Voulss atzinis, ka vien\u012bbai ir \u201cneticami s\u0101p\u012bgi\u201d izlaist \u0161\u012bs ned\u0113\u013cas Barselonas testus. Ta\u010du&hellip;\n","protected":false},"author":2,"featured_media":116879,"comment_status":"","ping_status":"","sticky":false,"template":"","format":"standard","meta":{"footnotes":""},"categories":[17],"tags":[26311,35,39,38,36,37,34,40,67,15310],"class_list":{"0":"post-116878","1":"post","2":"type-post","3":"status-publish","4":"format-standard","5":"has-post-thumbnail","7":"category-sports","8":"tag-f1-testi","9":"tag-latvia","10":"tag-latvian","11":"tag-latviesu","12":"tag-latviesu-valoda","13":"tag-latviesuvaloda","14":"tag-latvija","15":"tag-lv","16":"tag-sports","17":"tag-williams"},"share_on_mastodon":{"url":"https:\/\/pubeurope.com\/@lv\/115979834060783115","error":""},"_links":{"self":[{"href":"https:\/\/www.europesays.com\/lv\/wp-json\/wp\/v2\/posts\/116878","targetHints":{"allow":["GET"]}}],"collection":[{"href":"https:\/\/www.europesays.com\/lv\/wp-json\/wp\/v2\/posts"}],"about":[{"href":"https:\/\/www.europesays.com\/lv\/wp-json\/wp\/v2\/types\/post"}],"author":[{"embeddable":true,"href":"https:\/\/www.europesays.com\/lv\/wp-json\/wp\/v2\/users\/2"}],"replies":[{"embeddable":true,"href":"https:\/\/www.europesays.com\/lv\/wp-json\/wp\/v2\/comments?post=116878"}],"version-history":[{"count":0,"href":"https:\/\/www.europesays.com\/lv\/wp-json\/wp\/v2\/posts\/116878\/revisions"}],"wp:featuredmedia":[{"embeddable":true,"href":"https:\/\/www.europesays.com\/lv\/wp-json\/wp\/v2\/media\/116879"}],"wp:attachment":[{"href":"https:\/\/www.europesays.com\/lv\/wp-json\/wp\/v2\/media?parent=116878"}],"wp:term":[{"taxonomy":"category","embeddable":true,"href":"https:\/\/www.europesays.com\/lv\/wp-json\/wp\/v2\/categories?post=116878"},{"taxonomy":"post_tag","embeddable":true,"href":"https:\/\/www.europesays.com\/lv\/wp-json\/wp\/v2\/tags?post=116878"}],"curies":[{"name":"wp","href":"https:\/\/api.w.org\/{rel}","templated":true}]}}