{"id":116880,"date":"2026-01-29T18:37:07","date_gmt":"2026-01-29T18:37:07","guid":{"rendered":"https:\/\/www.europesays.com\/lv\/116880\/"},"modified":"2026-01-29T18:37:07","modified_gmt":"2026-01-29T18:37:07","slug":"lietuva-rosina-atnemt-tiesibas-agresorvalstu-pilsoniem-piedalities-pasvaldibu-velesanas-raksts","status":"publish","type":"post","link":"https:\/\/www.europesays.com\/lv\/116880\/","title":{"rendered":"Lietuv\u0101 rosina at\u0146emt ties\u012bbas agresorvalstu pilso\u0146iem piedal\u012bties pa\u0161vald\u012bbu v\u0113l\u0113\u0161an\u0101s \/ Raksts"},"content":{"rendered":"<p>Lietuvas krist\u012bgie demokr\u0101ti rosina aizliegt valst\u012b past\u0101v\u012bgi dz\u012bvojo\u0161ajiem Krievijas un Baltkrievijas pilso\u0146iem piedal\u012bties pa\u0161vald\u012bbu v\u0113l\u0113\u0161an\u0101s. Opoz\u012bcij\u0101 eso\u0161ais konservat\u012bvais sp\u0113ks ar izmai\u0146\u0101m valsts pamatlikum\u0101 v\u0113las ierobe\u017eot \u0101rpus Eiropas Savien\u012bbas un NATO valstu pilso\u0146u politisko l\u012bdzdal\u012bbu.<\/p>\n<p>&#8220;T\u0113vzemes savien\u012bbas\u2013Lietuvas krist\u012bgo demokr\u0101tu&#8221; ierosin\u0101jums paredz\u0113tu, ka Krievijas un Baltkrievijas pilso\u0146i turpm\u0101k nevar\u0113s ne tikai v\u0113l\u0113t vietvaru p\u0101rst\u0101vjus, bet ar\u012b kandid\u0113t v\u0113l\u0113\u0161an\u0101s.\u00a0<\/p>\n<blockquote>\n<p>Preses konferenc\u0113 Seim\u0101 politisk\u0101 sp\u0113ka l\u012bderis Laur\u012bns Ka\u0161\u010d\u016bns ieceri pamatoja ar l\u012bdz\u012bga veida aizliegumiem, k\u0101di ir sp\u0113k\u0101 Latvij\u0101 un Igaunij\u0101.\u00a0<\/p>\n<\/blockquote>\n<p>Partijas biedre Da\u013ca Asnavi\u010d\u016bte-Gru\u017eauskiene ieceri pamato ar l\u012bdz\u0161in\u0113jo Krievijas iejauk\u0161anos v\u0113l\u0113\u0161an\u0101s Eiropas Savien\u012bbas valst\u012bs un ietekmi uz to izn\u0101kumu.\u00a0<\/p>\n<p>Konservat\u012bvie jau ir sav\u0101ku\u0161i 36 Seima deput\u0101tu parakstus, lai ieceri var\u0113tu iesniegt izskat\u012b\u0161anai likumdev\u0113j\u0101.\u00a0<\/p>\n<p>Seima priek\u0161s\u0113d\u0113t\u0101js Jozs Oleks \u017eurn\u0101listiem teicis, ka \u0161aj\u0101 jaut\u0101jum\u0101 past\u0101v pamats diskusijai. Visticam\u0101k, parlament\u0101 par to debat\u0113s pavasara sesij\u0101.<\/p>\n<p>                    Valodas k\u013c\u016bda rakst\u0101?<\/p>\n<p class=\"d-none d-md-block\">Iez\u012bm\u0113jiet tekstu un spiediet Ctrl+Enter, lai nos\u016bt\u012btu labojamo teksta fragmentu redaktoram! Par faktu k\u013c\u016bd\u0101m l\u016bdzam zi\u0146ot e-past\u0101 <a href=\"https:\/\/www.lsm.lv\/cdn-cgi\/l\/email-protection\" class=\"__cf_email__\" data-cfemail=\"3b495e5f5a505852515a7b57485615574d\" rel=\"nofollow noopener\" target=\"_blank\">[email\u00a0protected]<\/a>.<\/p>\n<p class=\"d-md-none\">Iez\u012bm\u0113jiet tekstu un spiediet uz Zi\u0146ot par k\u013c\u016bdu pogas, lai nos\u016bt\u012btu labojamo teksta fragmentu redaktoram!<\/p>\n<p>\n                    Zi\u0146ot par k\u013c\u016bdu\n                <\/p>\n","protected":false},"excerpt":{"rendered":"Lietuvas krist\u012bgie demokr\u0101ti rosina aizliegt valst\u012b past\u0101v\u012bgi dz\u012bvojo\u0161ajiem Krievijas un Baltkrievijas pilso\u0146iem piedal\u012bties pa\u0161vald\u012bbu v\u0113l\u0113\u0161an\u0101s. Opoz\u012bcij\u0101 eso\u0161ais konservat\u012bvais&hellip;\n","protected":false},"author":2,"featured_media":116881,"comment_status":"","ping_status":"","sticky":false,"template":"","format":"standard","meta":{"footnotes":""},"categories":[14],"tags":[23,57,28,29,32,33,22,30,31,35,39,38,36,37,34,40,20,26,27,24,25,54,55,56,21,58],"class_list":{"0":"post-116880","1":"post","2":"type-post","3":"status-publish","4":"format-standard","5":"has-post-thumbnail","7":"category-zinas-no-arvalstim","8":"tag-aktualitates","9":"tag-arvalstim","10":"tag-breaking-news","11":"tag-breakingnews","12":"tag-featured-news","13":"tag-featurednews","14":"tag-headlines","15":"tag-latest-news","16":"tag-latestnews","17":"tag-latvia","18":"tag-latvian","19":"tag-latviesu","20":"tag-latviesu-valoda","21":"tag-latviesuvaloda","22":"tag-latvija","23":"tag-lv","24":"tag-news","25":"tag-popularakas-zinas","26":"tag-popularakaszinas","27":"tag-top-stories","28":"tag-topstories","29":"tag-world","30":"tag-world-news","31":"tag-worldnews","32":"tag-zinas","33":"tag-zinas-no-arvalstim"},"share_on_mastodon":{"url":"https:\/\/pubeurope.com\/@lv\/115979841885395395","error":""},"_links":{"self":[{"href":"https:\/\/www.europesays.com\/lv\/wp-json\/wp\/v2\/posts\/116880","targetHints":{"allow":["GET"]}}],"collection":[{"href":"https:\/\/www.europesays.com\/lv\/wp-json\/wp\/v2\/posts"}],"about":[{"href":"https:\/\/www.europesays.com\/lv\/wp-json\/wp\/v2\/types\/post"}],"author":[{"embeddable":true,"href":"https:\/\/www.europesays.com\/lv\/wp-json\/wp\/v2\/users\/2"}],"replies":[{"embeddable":true,"href":"https:\/\/www.europesays.com\/lv\/wp-json\/wp\/v2\/comments?post=116880"}],"version-history":[{"count":0,"href":"https:\/\/www.europesays.com\/lv\/wp-json\/wp\/v2\/posts\/116880\/revisions"}],"wp:featuredmedia":[{"embeddable":true,"href":"https:\/\/www.europesays.com\/lv\/wp-json\/wp\/v2\/media\/116881"}],"wp:attachment":[{"href":"https:\/\/www.europesays.com\/lv\/wp-json\/wp\/v2\/media?parent=116880"}],"wp:term":[{"taxonomy":"category","embeddable":true,"href":"https:\/\/www.europesays.com\/lv\/wp-json\/wp\/v2\/categories?post=116880"},{"taxonomy":"post_tag","embeddable":true,"href":"https:\/\/www.europesays.com\/lv\/wp-json\/wp\/v2\/tags?post=116880"}],"curies":[{"name":"wp","href":"https:\/\/api.w.org\/{rel}","templated":true}]}}